{"id":17623,"date":"2020-02-24T21:39:45","date_gmt":"2020-02-24T20:39:45","guid":{"rendered":"https:\/\/agora.xtec.cat\/institutmontserratroig\/?p=17623"},"modified":"2020-03-05T00:39:10","modified_gmt":"2020-03-04T23:39:10","slug":"equip-representant-de-la-universitat-abat-oliba","status":"publish","type":"post","link":"https:\/\/agora.xtec.cat\/institutmontserratroig\/batxillerat\/equip-representant-de-la-universitat-abat-oliba\/","title":{"rendered":"Equip representant de la Universitat Abat Oliba"},"content":{"rendered":"<p style=\"text-align: justify;\">L&#8217;equip del nostre centre representar\u00e0 a la Universitat Abat Oliba CEU a la fase final de la Lliga de Debat de Secund\u00e0ria i Batxillerat.<\/p>\n<table style=\"width: 100%; border: none;\">\n<tbody>\n<tr>\n<td style=\"text-align: center; border: none; background-color: #f1f1f1;\">\n<p><figure class=\"figure wp-caption aligncenter\"><a href=\"https:\/\/agora.xtec.cat\/institutmontserratroig\/wp-content\/uploads\/usu342\/2020\/02\/Guanyadors-Fase-local-UAO-CEU-480x240-1.jpg\"><img loading=\"lazy\" decoding=\"async\" class=\"wp-image-17619 size-full\" src=\"https:\/\/agora.xtec.cat\/institutmontserratroig\/wp-content\/uploads\/usu342\/2020\/02\/Guanyadors-Fase-local-UAO-CEU-480x240-1.jpg\" alt=\"\" width=\"480\" height=\"240\" srcset=\"https:\/\/agora.xtec.cat\/institutmontserratroig\/wp-content\/uploads\/usu342\/2020\/02\/Guanyadors-Fase-local-UAO-CEU-480x240-1.jpg 480w, https:\/\/agora.xtec.cat\/institutmontserratroig\/wp-content\/uploads\/usu342\/2020\/02\/Guanyadors-Fase-local-UAO-CEU-480x240-1-300x150.jpg 300w\" sizes=\"auto, (max-width: 480px) 100vw, 480px\" \/><\/a><figcaption class=\"wp-caption-text\">L&#8217;equip est\u00e0 format per: Ona Ramonet, Juan Lobo Hispano, Fernando Ant\u00f3n (capit\u00e0), Giulia Di Maio, Aner Bakaikoa i Sergi Soldevila.<\/figcaption><\/figure><\/td>\n<\/tr>\n<\/tbody>\n<\/table>\n<h5 style=\"text-align: center;\"><a href=\"https:\/\/www.vives.org\/programes\/estudiants\/lliga-debat-secundaria-batxillerat\/#ffinalldsb\" target=\"_blank\" rel=\"noopener noreferrer\">Llista d&#8217;equips classificats, representants de les diferents universitats<\/a><\/h5>\n","protected":false},"excerpt":{"rendered":"<p>L&#8217;equip del nostre centre representar\u00e0 a la Universitat Abat Oliba CEU a la fase final de la Lliga de Debat de Secund\u00e0ria i Batxillerat.<\/p>\n<p><a href=\"https:\/\/agora.xtec.cat\/institutmontserratroig\/wp-content\/uploads\/usu342\/2020\/02\/Guanyadors-Fase-local-UAO-CEU-480x240-1.jpg\"><\/a>L&#8217;equip est\u00e0 format per: Ona Ramonet, Juan Lobo Hispano, Fernando Ant\u00f3n (capit\u00e0), Giulia Di Maio, Aner Bakaikoa i Sergi Soldevila.<\/p>\n<p><a href=\"https:\/\/www.vives.org\/programes\/estudiants\/lliga-debat-secundaria-batxillerat\/#ffinalldsb\"&hellip;  <a href=\"https:\/\/agora.xtec.cat\/institutmontserratroig\/batxillerat\/equip-representant-de-la-universitat-abat-oliba\/\" title=\"Read Equip representant de la Universitat Abat Oliba\">Llegeix m\u00e9s\u00bb<\/a><\/p>\n","protected":false},"author":1,"featured_media":17619,"comment_status":"open","ping_status":"closed","sticky":false,"template":"","format":"standard","meta":{"_bbp_topic_count":0,"_bbp_reply_count":0,"_bbp_total_topic_count":0,"_bbp_total_reply_count":0,"_bbp_voice_count":0,"_bbp_anonymous_reply_count":0,"_bbp_topic_count_hidden":0,"_bbp_reply_count_hidden":0,"_bbp_forum_subforum_count":0,"footnotes":""},"categories":[8,305,325],"tags":[133,335],"class_list":["post-17623","post","type-post","status-publish","format-standard","has-post-thumbnail","hentry","category-batxillerat","category-curs-2019-20","category-ins-montserrat-roig","tag-alumnat","tag-lliga-de-debat"],"post_mailing_queue_ids":[],"_links":{"self":[{"href":"https:\/\/agora.xtec.cat\/institutmontserratroig\/wp-json\/wp\/v2\/posts\/17623","targetHints":{"allow":["GET"]}}],"collection":[{"href":"https:\/\/agora.xtec.cat\/institutmontserratroig\/wp-json\/wp\/v2\/posts"}],"about":[{"href":"https:\/\/agora.xtec.cat\/institutmontserratroig\/wp-json\/wp\/v2\/types\/post"}],"author":[{"embeddable":true,"href":"https:\/\/agora.xtec.cat\/institutmontserratroig\/wp-json\/wp\/v2\/users\/1"}],"replies":[{"embeddable":true,"href":"https:\/\/agora.xtec.cat\/institutmontserratroig\/wp-json\/wp\/v2\/comments?post=17623"}],"version-history":[{"count":3,"href":"https:\/\/agora.xtec.cat\/institutmontserratroig\/wp-json\/wp\/v2\/posts\/17623\/revisions"}],"predecessor-version":[{"id":17727,"href":"https:\/\/agora.xtec.cat\/institutmontserratroig\/wp-json\/wp\/v2\/posts\/17623\/revisions\/17727"}],"wp:featuredmedia":[{"embeddable":true,"href":"https:\/\/agora.xtec.cat\/institutmontserratroig\/wp-json\/wp\/v2\/media\/17619"}],"wp:attachment":[{"href":"https:\/\/agora.xtec.cat\/institutmontserratroig\/wp-json\/wp\/v2\/media?parent=17623"}],"wp:term":[{"taxonomy":"category","embeddable":true,"href":"https:\/\/agora.xtec.cat\/institutmontserratroig\/wp-json\/wp\/v2\/categories?post=17623"},{"taxonomy":"post_tag","embeddable":true,"href":"https:\/\/agora.xtec.cat\/institutmontserratroig\/wp-json\/wp\/v2\/tags?post=17623"}],"curies":[{"name":"wp","href":"https:\/\/api.w.org\/{rel}","templated":true}]}}