{"id":17390,"date":"2020-02-12T23:07:55","date_gmt":"2020-02-12T22:07:55","guid":{"rendered":"https:\/\/agora.xtec.cat\/institutmontserratroig\/?p=17390"},"modified":"2024-02-03T10:18:03","modified_gmt":"2024-02-03T09:18:03","slug":"8-dies-a-alemanya","status":"publish","type":"post","link":"https:\/\/agora.xtec.cat\/institutmontserratroig\/portada\/8-dies-a-alemanya\/","title":{"rendered":"8 dies a Alemanya"},"content":{"rendered":"<p style=\"text-align: justify;\">Dieses Jahr sind wir f\u00fcr acht Tage mit 23 Sch\u00fclerInnen in B\u00f6blingen (Baden-W\u00fcrttenberg) von unseren Gastfamilien aufgenommen worden. Der Austausch hat den SCh\u00fclerinnen eine neue Perspektive der Kultur Deutschlands bzw. der Sprache gezeigt, die sie durch positive Eindr\u00fccke bereichert hat..<\/p>\n<p style=\"text-align: justify;\">Aquest any hem sigut 23 alumnes els que hem estat acollits durant 8 dies a B\u00f6blingen(Baden-W\u00fcrttenberg) per les nostres fam\u00edlies amfitriones. L&#8217;intercanvi ha mostrat a l&#8217;alumnat de 3r i 4t d&#8217;ESO d&#8217;alemany tant una nova perspectiva de la cultura alemanya com de la llengua, que els ha perm\u00e8s enriquir-se amb aquesta experi\u00e8ncia tan positiva.<\/p>\n<table style=\"width: 100%; border: none;\">\n<tbody>\n<tr>\n<td style=\"text-align: center; border: none;\"><a href=\"https:\/\/agora.xtec.cat\/institutmontserratroig\/wp-content\/uploads\/usu342\/2020\/02\/IMG_20200127_081252-2.jpg\"><img loading=\"lazy\" decoding=\"async\" class=\"aligncenter wp-image-17392\" src=\"https:\/\/agora.xtec.cat\/institutmontserratroig\/wp-content\/uploads\/usu342\/2020\/02\/IMG_20200127_081252-2-1024x726.jpg\" alt=\"\" width=\"494\" height=\"350\" srcset=\"https:\/\/agora.xtec.cat\/institutmontserratroig\/wp-content\/uploads\/usu342\/2020\/02\/IMG_20200127_081252-2-1024x726.jpg 1024w, https:\/\/agora.xtec.cat\/institutmontserratroig\/wp-content\/uploads\/usu342\/2020\/02\/IMG_20200127_081252-2-300x213.jpg 300w, https:\/\/agora.xtec.cat\/institutmontserratroig\/wp-content\/uploads\/usu342\/2020\/02\/IMG_20200127_081252-2-768x544.jpg 768w\" sizes=\"auto, (max-width: 494px) 100vw, 494px\" \/><\/a><\/td>\n<td style=\"text-align: center; border: none;\"><a href=\"https:\/\/agora.xtec.cat\/institutmontserratroig\/wp-content\/uploads\/usu342\/2020\/02\/IMG-20200126-WA0009-1.jpg\"><img loading=\"lazy\" decoding=\"async\" class=\"aligncenter wp-image-17393\" src=\"https:\/\/agora.xtec.cat\/institutmontserratroig\/wp-content\/uploads\/usu342\/2020\/02\/IMG-20200126-WA0009-1-768x1024.jpg\" alt=\"\" width=\"263\" height=\"350\" srcset=\"https:\/\/agora.xtec.cat\/institutmontserratroig\/wp-content\/uploads\/usu342\/2020\/02\/IMG-20200126-WA0009-1-768x1024.jpg 768w, https:\/\/agora.xtec.cat\/institutmontserratroig\/wp-content\/uploads\/usu342\/2020\/02\/IMG-20200126-WA0009-1-225x300.jpg 225w, https:\/\/agora.xtec.cat\/institutmontserratroig\/wp-content\/uploads\/usu342\/2020\/02\/IMG-20200126-WA0009-1.jpg 1200w\" sizes=\"auto, (max-width: 263px) 100vw, 263px\" \/><\/a><\/td>\n<td style=\"text-align: center; border: none;\"><a href=\"https:\/\/agora.xtec.cat\/institutmontserratroig\/wp-content\/uploads\/usu342\/2020\/02\/IMG-20200126-WA0019.jpg\"><img loading=\"lazy\" decoding=\"async\" class=\"aligncenter wp-image-17394\" src=\"https:\/\/agora.xtec.cat\/institutmontserratroig\/wp-content\/uploads\/usu342\/2020\/02\/IMG-20200126-WA0019-768x1024.jpg\" alt=\"\" width=\"263\" height=\"350\" srcset=\"https:\/\/agora.xtec.cat\/institutmontserratroig\/wp-content\/uploads\/usu342\/2020\/02\/IMG-20200126-WA0019.jpg 768w, https:\/\/agora.xtec.cat\/institutmontserratroig\/wp-content\/uploads\/usu342\/2020\/02\/IMG-20200126-WA0019-225x300.jpg 225w\" sizes=\"auto, (max-width: 263px) 100vw, 263px\" \/><\/a><\/td>\n<\/tr>\n<\/tbody>\n<\/table>\n","protected":false},"excerpt":{"rendered":"<p>Dieses Jahr sind wir f\u00fcr acht Tage mit 23 Sch\u00fclerInnen in B\u00f6blingen (Baden-W\u00fcrttenberg) von unseren Gastfamilien aufgenommen worden. Der Austausch hat den SCh\u00fclerinnen eine neue Perspektive der Kultur Deutschlands bzw. der Sprache gezeigt, die sie durch positive Eindr\u00fccke bereichert hat..<br \/>\nAquest any hem sigut 23 alumnes&hellip;  <a href=\"https:\/\/agora.xtec.cat\/institutmontserratroig\/portada\/8-dies-a-alemanya\/\" title=\"Read 8 dies a Alemanya\">Llegeix m\u00e9s\u00bb<\/a><\/p>\n","protected":false},"author":1,"featured_media":17392,"comment_status":"open","ping_status":"closed","sticky":false,"template":"","format":"standard","meta":{"_bbp_topic_count":0,"_bbp_reply_count":0,"_bbp_total_topic_count":0,"_bbp_total_reply_count":0,"_bbp_voice_count":0,"_bbp_anonymous_reply_count":0,"_bbp_topic_count_hidden":0,"_bbp_reply_count_hidden":0,"_bbp_forum_subforum_count":0,"footnotes":""},"categories":[305,85,86,325,104,29,91],"tags":[197,473],"class_list":["post-17390","post","type-post","status-publish","format-standard","has-post-thumbnail","hentry","category-curs-2019-20","category-eso-3","category-eso-4","category-ins-montserrat-roig","category-llengues-estrangeres","category-portada","category-viatges","tag-alemanya","tag-intercanvi"],"post_mailing_queue_ids":[],"_links":{"self":[{"href":"https:\/\/agora.xtec.cat\/institutmontserratroig\/wp-json\/wp\/v2\/posts\/17390","targetHints":{"allow":["GET"]}}],"collection":[{"href":"https:\/\/agora.xtec.cat\/institutmontserratroig\/wp-json\/wp\/v2\/posts"}],"about":[{"href":"https:\/\/agora.xtec.cat\/institutmontserratroig\/wp-json\/wp\/v2\/types\/post"}],"author":[{"embeddable":true,"href":"https:\/\/agora.xtec.cat\/institutmontserratroig\/wp-json\/wp\/v2\/users\/1"}],"replies":[{"embeddable":true,"href":"https:\/\/agora.xtec.cat\/institutmontserratroig\/wp-json\/wp\/v2\/comments?post=17390"}],"version-history":[{"count":3,"href":"https:\/\/agora.xtec.cat\/institutmontserratroig\/wp-json\/wp\/v2\/posts\/17390\/revisions"}],"predecessor-version":[{"id":17417,"href":"https:\/\/agora.xtec.cat\/institutmontserratroig\/wp-json\/wp\/v2\/posts\/17390\/revisions\/17417"}],"wp:featuredmedia":[{"embeddable":true,"href":"https:\/\/agora.xtec.cat\/institutmontserratroig\/wp-json\/wp\/v2\/media\/17392"}],"wp:attachment":[{"href":"https:\/\/agora.xtec.cat\/institutmontserratroig\/wp-json\/wp\/v2\/media?parent=17390"}],"wp:term":[{"taxonomy":"category","embeddable":true,"href":"https:\/\/agora.xtec.cat\/institutmontserratroig\/wp-json\/wp\/v2\/categories?post=17390"},{"taxonomy":"post_tag","embeddable":true,"href":"https:\/\/agora.xtec.cat\/institutmontserratroig\/wp-json\/wp\/v2\/tags?post=17390"}],"curies":[{"name":"wp","href":"https:\/\/api.w.org\/{rel}","templated":true}]}}