{"id":15797,"date":"2019-06-24T15:22:56","date_gmt":"2019-06-24T13:22:56","guid":{"rendered":"http:\/\/agora.xtec.cat\/institutmontserratroig\/?p=15797"},"modified":"2020-10-30T22:36:56","modified_gmt":"2020-10-30T21:36:56","slug":"concurs-de-cartells-de-la-setmana-de-la-ciencia-19","status":"publish","type":"post","link":"https:\/\/agora.xtec.cat\/institutmontserratroig\/general\/concurs-de-cartells-de-la-setmana-de-la-ciencia-19\/","title":{"rendered":"Concurs de cartells de la Setmana de la Ci\u00e8ncia &#8217;19"},"content":{"rendered":"<p><img loading=\"lazy\" decoding=\"async\" class=\"aligncenter wp-image-15781 size-full\" src=\"https:\/\/agora.xtec.cat\/institutmontserratroig\/wp-content\/uploads\/usu342\/2015\/11\/logo-setmena-ciencia-19.png\" alt=\"\" width=\"667\" height=\"87\" srcset=\"https:\/\/agora.xtec.cat\/institutmontserratroig\/wp-content\/uploads\/usu342\/2015\/11\/logo-setmena-ciencia-19.png 667w, https:\/\/agora.xtec.cat\/institutmontserratroig\/wp-content\/uploads\/usu342\/2015\/11\/logo-setmena-ciencia-19-300x39.png 300w\" sizes=\"auto, (max-width: 667px) 100vw, 667px\" \/><\/p>\n<p style=\"text-align: justify;\">Del 8 al 17 de novembre se celebrar\u00e0 a Catalunya la 24a Setmana de la Ci\u00e8ncia.<\/p>\n<p style=\"text-align: justify;\">Els temes centrals de l\u2019edici\u00f3 d\u2019enguany s\u00f3n, d\u2019una banda, la taula peri\u00f2dica, amb motiu de l\u2019Any Internacional de la Taula Peri\u00f2dica dels Elements Qu\u00edmics, i, de l\u2019altra, diferents persones que han estat referents als respectius camps de coneixement com ara l\u2019ec\u00f2leg Ramon Margalef, enguany es commemora el centenari del seu naixement; l\u2019enginyer i inventor Narc\u00eds Monturiol, amb motiu del bicentenari del seu naixement; Margaret Hamilton, qui va liderar el desenvolupament del programari de navegaci\u00f3 on-board per al Programa Espacial Apollo, amb motiu del 50\u00e8 aniversari de l\u2019arribada de l\u2019home a la Lluna; i el polifac\u00e8tic Leonardo da Vinci, en commemoraci\u00f3 dels 500 anys de la seva mort.<\/p>\n<p style=\"text-align: justify;\"><span style=\"color: #ff0000;\">Enguany tornem a convocar el concurs de cartells de la Setmana de la Ci\u00e8ncia. L\u2019obra guanyadora ser\u00e0 la imatge de l\u2019SC19 i ser\u00e0 premiada amb 1.000 \u20ac. El termini m\u00e0xim de presentaci\u00f3 ser\u00e0 el proper dia 13 de setembre.<\/span><\/p>\n<h4 style=\"text-align: center;\"><a href=\"https:\/\/drive.google.com\/open?id=14LIysCQTEnHZU1-uST9h-TYlnYgD4jWU\" target=\"_blank\" rel=\"noopener noreferrer\">Bases del concurs<\/a><\/h4>\n","protected":false},"excerpt":{"rendered":"<p>Del 8 al 17 de novembre se celebrar\u00e0 a Catalunya la 24a Setmana de la Ci\u00e8ncia.<br \/>\nEls temes centrals de l\u2019edici\u00f3 d\u2019enguany s\u00f3n, d\u2019una banda, la taula peri\u00f2dica, amb motiu de l\u2019Any Internacional de la Taula Peri\u00f2dica dels Elements Qu\u00edmics, i, de l\u2019altra, diferents persones que&hellip;  <a href=\"https:\/\/agora.xtec.cat\/institutmontserratroig\/general\/concurs-de-cartells-de-la-setmana-de-la-ciencia-19\/\" title=\"Read Concurs de cartells de la Setmana de la Ci\u00e8ncia &#8217;19\">Llegeix m\u00e9s\u00bb<\/a><\/p>\n","protected":false},"author":1,"featured_media":15781,"comment_status":"open","ping_status":"closed","sticky":false,"template":"","format":"standard","meta":{"_bbp_topic_count":0,"_bbp_reply_count":0,"_bbp_total_topic_count":0,"_bbp_total_reply_count":0,"_bbp_voice_count":0,"_bbp_anonymous_reply_count":0,"_bbp_topic_count_hidden":0,"_bbp_reply_count_hidden":0,"_bbp_forum_subforum_count":0,"footnotes":""},"categories":[8,246,3,1,29,300],"tags":[306,346],"class_list":["post-15797","post","type-post","status-publish","format-standard","has-post-thumbnail","hentry","category-batxillerat","category-curs-2018-19","category-eso","category-general","category-portada","category-setmana-de-la-ciencia","tag-24a-setmana-ciencia","tag-concurs"],"post_mailing_queue_ids":[],"_links":{"self":[{"href":"https:\/\/agora.xtec.cat\/institutmontserratroig\/wp-json\/wp\/v2\/posts\/15797","targetHints":{"allow":["GET"]}}],"collection":[{"href":"https:\/\/agora.xtec.cat\/institutmontserratroig\/wp-json\/wp\/v2\/posts"}],"about":[{"href":"https:\/\/agora.xtec.cat\/institutmontserratroig\/wp-json\/wp\/v2\/types\/post"}],"author":[{"embeddable":true,"href":"https:\/\/agora.xtec.cat\/institutmontserratroig\/wp-json\/wp\/v2\/users\/1"}],"replies":[{"embeddable":true,"href":"https:\/\/agora.xtec.cat\/institutmontserratroig\/wp-json\/wp\/v2\/comments?post=15797"}],"version-history":[{"count":2,"href":"https:\/\/agora.xtec.cat\/institutmontserratroig\/wp-json\/wp\/v2\/posts\/15797\/revisions"}],"predecessor-version":[{"id":15800,"href":"https:\/\/agora.xtec.cat\/institutmontserratroig\/wp-json\/wp\/v2\/posts\/15797\/revisions\/15800"}],"wp:featuredmedia":[{"embeddable":true,"href":"https:\/\/agora.xtec.cat\/institutmontserratroig\/wp-json\/wp\/v2\/media\/15781"}],"wp:attachment":[{"href":"https:\/\/agora.xtec.cat\/institutmontserratroig\/wp-json\/wp\/v2\/media?parent=15797"}],"wp:term":[{"taxonomy":"category","embeddable":true,"href":"https:\/\/agora.xtec.cat\/institutmontserratroig\/wp-json\/wp\/v2\/categories?post=15797"},{"taxonomy":"post_tag","embeddable":true,"href":"https:\/\/agora.xtec.cat\/institutmontserratroig\/wp-json\/wp\/v2\/tags?post=15797"}],"curies":[{"name":"wp","href":"https:\/\/api.w.org\/{rel}","templated":true}]}}