{"id":15670,"date":"2019-06-19T22:20:30","date_gmt":"2019-06-19T20:20:30","guid":{"rendered":"http:\/\/agora.xtec.cat\/institutmontserratroig\/?p=15670"},"modified":"2019-06-21T11:43:05","modified_gmt":"2019-06-21T09:43:05","slug":"la-gimcana-de-la-ciutadella-que-divertit","status":"publish","type":"post","link":"https:\/\/agora.xtec.cat\/institutmontserratroig\/portada\/la-gimcana-de-la-ciutadella-que-divertit\/","title":{"rendered":"La gimcana de la Ciutadella, que divertit!"},"content":{"rendered":"<p><a href=\"https:\/\/agora.xtec.cat\/institutmontserratroig\/wp-content\/uploads\/usu342\/2019\/06\/IMG_20190619_121628.jpg\"><img loading=\"lazy\" decoding=\"async\" class=\"aligncenter wp-image-15672\" src=\"https:\/\/agora.xtec.cat\/institutmontserratroig\/wp-content\/uploads\/usu342\/2019\/06\/IMG_20190619_121628-1024x768.jpg\" alt=\"\" width=\"800\" height=\"600\" srcset=\"https:\/\/agora.xtec.cat\/institutmontserratroig\/wp-content\/uploads\/usu342\/2019\/06\/IMG_20190619_121628-1024x768.jpg 1024w, https:\/\/agora.xtec.cat\/institutmontserratroig\/wp-content\/uploads\/usu342\/2019\/06\/IMG_20190619_121628-300x225.jpg 300w, https:\/\/agora.xtec.cat\/institutmontserratroig\/wp-content\/uploads\/usu342\/2019\/06\/IMG_20190619_121628-768x576.jpg 768w, https:\/\/agora.xtec.cat\/institutmontserratroig\/wp-content\/uploads\/usu342\/2019\/06\/IMG_20190619_121628-200x150.jpg 200w, https:\/\/agora.xtec.cat\/institutmontserratroig\/wp-content\/uploads\/usu342\/2019\/06\/IMG_20190619_121628.jpg 1240w\" sizes=\"auto, (max-width: 800px) 100vw, 800px\" \/><\/a><\/p>\n<p style=\"text-align: justify;\">En aquesta activitat, la gimcana de la Ciutadella de primer d&#8217;ESO, hi han participat com a monitors vint-i-dos alumnes de 4t. Enguany la participaci\u00f3 dels de primer ha estat limitada a una cinquantena d&#8217;alumnes per q\u00fcestions de calendari i coincid\u00e8ncies amb les proves extraordin\u00e0ries que una part dels nois i noies havien de fer l&#8217;endem\u00e0.<\/p>\n<h5 style=\"text-align: center;\"><a href=\"https:\/\/photos.app.goo.gl\/btoe2ZkTXUZ6cHsM8\" target=\"_blank\" rel=\"noopener noreferrer\">\u00c0lbum de fotos<\/a><\/h5>\n","protected":false},"excerpt":{"rendered":"<p><a href=\"https:\/\/agora.xtec.cat\/institutmontserratroig\/wp-content\/uploads\/usu342\/2019\/06\/IMG_20190619_121628.jpg\"><\/a><br \/>\nEn aquesta activitat, la gimcana de la Ciutadella de primer d&#8217;ESO, hi han participat com a monitors vint-i-dos alumnes de 4t. Enguany la participaci\u00f3 dels de primer ha estat limitada a una cinquantena d&#8217;alumnes per q\u00fcestions de calendari i coincid\u00e8ncies amb les proves extraordin\u00e0ries&hellip;  <a href=\"https:\/\/agora.xtec.cat\/institutmontserratroig\/portada\/la-gimcana-de-la-ciutadella-que-divertit\/\" title=\"Read La gimcana de la Ciutadella, que divertit!\">Llegeix m\u00e9s\u00bb<\/a><\/p>\n","protected":false},"author":1,"featured_media":15672,"comment_status":"open","ping_status":"closed","sticky":false,"template":"","format":"standard","meta":{"_bbp_topic_count":0,"_bbp_reply_count":0,"_bbp_total_topic_count":0,"_bbp_total_reply_count":0,"_bbp_voice_count":0,"_bbp_anonymous_reply_count":0,"_bbp_topic_count_hidden":0,"_bbp_reply_count_hidden":0,"_bbp_forum_subforum_count":0,"footnotes":""},"categories":[246,83,86,29],"tags":[150,299],"class_list":["post-15670","post","type-post","status-publish","format-standard","has-post-thumbnail","hentry","category-curs-2018-19","category-eso-1","category-eso-4","category-portada","tag-activitats-final-curs","tag-gimcana"],"post_mailing_queue_ids":[],"_links":{"self":[{"href":"https:\/\/agora.xtec.cat\/institutmontserratroig\/wp-json\/wp\/v2\/posts\/15670","targetHints":{"allow":["GET"]}}],"collection":[{"href":"https:\/\/agora.xtec.cat\/institutmontserratroig\/wp-json\/wp\/v2\/posts"}],"about":[{"href":"https:\/\/agora.xtec.cat\/institutmontserratroig\/wp-json\/wp\/v2\/types\/post"}],"author":[{"embeddable":true,"href":"https:\/\/agora.xtec.cat\/institutmontserratroig\/wp-json\/wp\/v2\/users\/1"}],"replies":[{"embeddable":true,"href":"https:\/\/agora.xtec.cat\/institutmontserratroig\/wp-json\/wp\/v2\/comments?post=15670"}],"version-history":[{"count":3,"href":"https:\/\/agora.xtec.cat\/institutmontserratroig\/wp-json\/wp\/v2\/posts\/15670\/revisions"}],"predecessor-version":[{"id":15713,"href":"https:\/\/agora.xtec.cat\/institutmontserratroig\/wp-json\/wp\/v2\/posts\/15670\/revisions\/15713"}],"wp:featuredmedia":[{"embeddable":true,"href":"https:\/\/agora.xtec.cat\/institutmontserratroig\/wp-json\/wp\/v2\/media\/15672"}],"wp:attachment":[{"href":"https:\/\/agora.xtec.cat\/institutmontserratroig\/wp-json\/wp\/v2\/media?parent=15670"}],"wp:term":[{"taxonomy":"category","embeddable":true,"href":"https:\/\/agora.xtec.cat\/institutmontserratroig\/wp-json\/wp\/v2\/categories?post=15670"},{"taxonomy":"post_tag","embeddable":true,"href":"https:\/\/agora.xtec.cat\/institutmontserratroig\/wp-json\/wp\/v2\/tags?post=15670"}],"curies":[{"name":"wp","href":"https:\/\/api.w.org\/{rel}","templated":true}]}}