{"id":15064,"date":"2019-05-11T21:00:01","date_gmt":"2019-05-11T19:00:01","guid":{"rendered":"http:\/\/agora.xtec.cat\/institutmontserratroig\/?p=15064"},"modified":"2019-05-15T08:47:17","modified_gmt":"2019-05-15T06:47:17","slug":"petita-historia-dun-falciot","status":"publish","type":"post","link":"https:\/\/agora.xtec.cat\/institutmontserratroig\/portada\/petita-historia-dun-falciot\/","title":{"rendered":"Petita hist\u00f2ria d&#8217;un falciot"},"content":{"rendered":"<p><a href=\"https:\/\/agora.xtec.cat\/institutmontserratroig\/wp-content\/uploads\/usu342\/2019\/05\/Captura-de-Pantalla-2019-05-11-a-les-20.54.38.jpg\"><img loading=\"lazy\" decoding=\"async\" class=\"aligncenter wp-image-15066\" src=\"https:\/\/agora.xtec.cat\/institutmontserratroig\/wp-content\/uploads\/usu342\/2019\/05\/Captura-de-Pantalla-2019-05-11-a-les-20.54.38-300x203.jpg\" alt=\"\" width=\"660\" height=\"447\" srcset=\"https:\/\/agora.xtec.cat\/institutmontserratroig\/wp-content\/uploads\/usu342\/2019\/05\/Captura-de-Pantalla-2019-05-11-a-les-20.54.38-300x203.jpg 300w, https:\/\/agora.xtec.cat\/institutmontserratroig\/wp-content\/uploads\/usu342\/2019\/05\/Captura-de-Pantalla-2019-05-11-a-les-20.54.38-768x520.jpg 768w, https:\/\/agora.xtec.cat\/institutmontserratroig\/wp-content\/uploads\/usu342\/2019\/05\/Captura-de-Pantalla-2019-05-11-a-les-20.54.38-1024x694.jpg 1024w, https:\/\/agora.xtec.cat\/institutmontserratroig\/wp-content\/uploads\/usu342\/2019\/05\/Captura-de-Pantalla-2019-05-11-a-les-20.54.38.jpg 1240w\" sizes=\"auto, (max-width: 660px) 100vw, 660px\" \/><\/a><\/p>\n<p style=\"text-align: justify;\">Aquesta hist\u00f2ria comen\u00e7a quan tres alumnes de 1r d&#8217;ESO porten un falciot que no volava al Ra\u00fcl, professor de Ci\u00e8ncies Experimentals. Continua quan ell i una alumna van a tres centres veterinaris de la zona, fins que en troben un que col\u00b7labora amb un centre de recollida d&#8217;ocells ex\u00f2tics.<\/p>\n<p style=\"text-align: justify;\">Aix\u00ed que, despr\u00e9s de buscar informaci\u00f3 a Google, donar-li aigua, revisar tot el plomatge i intentar que torni a agafar el vol, al final decideixen portar el falciot a la <a href=\"http:\/\/www.urgenciesveterinaries.com\/index.php\/qui-som\" target=\"_blank\" rel=\"noopener noreferrer\">veterin\u00e0ria Survet<\/a>, que col\u00b7labora amb el <a href=\"http:\/\/mediambient.gencat.cat\/ca\/05_ambits_dactuacio\/patrimoni_natural\/fauna-autoctona-protegida\/centres-fauna-salvatge-animals-ferits\/centres-recuperacio-departament\/centre-fauna-torreferrussa\/index.html\" target=\"_blank\" rel=\"noopener noreferrer\">Centre de Fauna de Torreferrussa<\/a>, dedicat a la recuperaci\u00f3 d&#8217;aus.<\/p>\n<p style=\"text-align: justify;\">Segur que, d&#8217;aqu\u00ed a uns dies i aquest \u00e9s el possible final de la hist\u00f2ria, el falciot que va tenir la sort de creuar-se amb el nostre alumnat ja torna a volar.<\/p>\n\n\t\t<style type=\"text\/css\">\n\t\t\t#gallery-1 {\n\t\t\t\tmargin: auto;\n\t\t\t}\n\t\t\t#gallery-1 .gallery-item {\n\t\t\t\tfloat: left;\n\t\t\t\tmargin-top: 10px;\n\t\t\t\ttext-align: center;\n\t\t\t\twidth: 50%;\n\t\t\t}\n\t\t\t#gallery-1 img {\n\t\t\t\tborder: 2px solid #cfcfcf;\n\t\t\t}\n\t\t\t#gallery-1 .gallery-caption {\n\t\t\t\tmargin-left: 0;\n\t\t\t}\n\t\t\t\/* see gallery_shortcode() in wp-includes\/media.php *\/\n\t\t<\/style>\n\t\t<div id='gallery-1' class='gallery galleryid-15064 gallery-columns-2 gallery-size-large'><dl class='gallery-item'>\n\t\t\t<dt class='gallery-icon landscape'>\n\t\t\t\t<a href='https:\/\/agora.xtec.cat\/institutmontserratroig\/wp-content\/uploads\/usu342\/2019\/05\/IMG_20190510_111042.jpg'><img loading=\"lazy\" decoding=\"async\" width=\"1024\" height=\"768\" src=\"https:\/\/agora.xtec.cat\/institutmontserratroig\/wp-content\/uploads\/usu342\/2019\/05\/IMG_20190510_111042-1024x768.jpg\" class=\"attachment-large size-large\" alt=\"\" srcset=\"https:\/\/agora.xtec.cat\/institutmontserratroig\/wp-content\/uploads\/usu342\/2019\/05\/IMG_20190510_111042-1024x768.jpg 1024w, https:\/\/agora.xtec.cat\/institutmontserratroig\/wp-content\/uploads\/usu342\/2019\/05\/IMG_20190510_111042-300x225.jpg 300w, https:\/\/agora.xtec.cat\/institutmontserratroig\/wp-content\/uploads\/usu342\/2019\/05\/IMG_20190510_111042-768x576.jpg 768w, https:\/\/agora.xtec.cat\/institutmontserratroig\/wp-content\/uploads\/usu342\/2019\/05\/IMG_20190510_111042-200x150.jpg 200w, https:\/\/agora.xtec.cat\/institutmontserratroig\/wp-content\/uploads\/usu342\/2019\/05\/IMG_20190510_111042.jpg 1240w\" sizes=\"auto, (max-width: 1024px) 100vw, 1024px\" \/><\/a>\n\t\t\t<\/dt><\/dl><dl class='gallery-item'>\n\t\t\t<dt class='gallery-icon landscape'>\n\t\t\t\t<a href='https:\/\/agora.xtec.cat\/institutmontserratroig\/wp-content\/uploads\/usu342\/2019\/05\/IMG_20190510_110953.jpg'><img loading=\"lazy\" decoding=\"async\" width=\"1024\" height=\"768\" src=\"https:\/\/agora.xtec.cat\/institutmontserratroig\/wp-content\/uploads\/usu342\/2019\/05\/IMG_20190510_110953-1024x768.jpg\" class=\"attachment-large size-large\" alt=\"\" srcset=\"https:\/\/agora.xtec.cat\/institutmontserratroig\/wp-content\/uploads\/usu342\/2019\/05\/IMG_20190510_110953-1024x768.jpg 1024w, https:\/\/agora.xtec.cat\/institutmontserratroig\/wp-content\/uploads\/usu342\/2019\/05\/IMG_20190510_110953-300x225.jpg 300w, https:\/\/agora.xtec.cat\/institutmontserratroig\/wp-content\/uploads\/usu342\/2019\/05\/IMG_20190510_110953-768x576.jpg 768w, https:\/\/agora.xtec.cat\/institutmontserratroig\/wp-content\/uploads\/usu342\/2019\/05\/IMG_20190510_110953-200x150.jpg 200w, https:\/\/agora.xtec.cat\/institutmontserratroig\/wp-content\/uploads\/usu342\/2019\/05\/IMG_20190510_110953.jpg 1240w\" sizes=\"auto, (max-width: 1024px) 100vw, 1024px\" \/><\/a>\n\t\t\t<\/dt><\/dl><br style=\"clear: both\" \/>\n\t\t<\/div>\n\n","protected":false},"excerpt":{"rendered":"<p><a href=\"https:\/\/agora.xtec.cat\/institutmontserratroig\/wp-content\/uploads\/usu342\/2019\/05\/Captura-de-Pantalla-2019-05-11-a-les-20.54.38.jpg\"><\/a><br \/>\nAquesta hist\u00f2ria comen\u00e7a quan tres alumnes de 1r d&#8217;ESO porten un falciot que no volava al Ra\u00fcl, professor de Ci\u00e8ncies Experimentals. Continua quan ell i una alumna van a tres centres veterinaris de la zona, fins que en troben un que col\u00b7labora amb un&hellip;  <a href=\"https:\/\/agora.xtec.cat\/institutmontserratroig\/portada\/petita-historia-dun-falciot\/\" title=\"Read Petita hist\u00f2ria d&#8217;un falciot\">Llegeix m\u00e9s\u00bb<\/a><\/p>\n","protected":false},"author":1,"featured_media":15066,"comment_status":"open","ping_status":"closed","sticky":false,"template":"","format":"standard","meta":{"_bbp_topic_count":0,"_bbp_reply_count":0,"_bbp_total_topic_count":0,"_bbp_total_reply_count":0,"_bbp_voice_count":0,"_bbp_anonymous_reply_count":0,"_bbp_topic_count_hidden":0,"_bbp_reply_count_hidden":0,"_bbp_forum_subforum_count":0,"footnotes":""},"categories":[92,246,83,29],"tags":[],"class_list":["post-15064","post","type-post","status-publish","format-standard","has-post-thumbnail","hentry","category-ciencies-naturals","category-curs-2018-19","category-eso-1","category-portada"],"post_mailing_queue_ids":[],"_links":{"self":[{"href":"https:\/\/agora.xtec.cat\/institutmontserratroig\/wp-json\/wp\/v2\/posts\/15064","targetHints":{"allow":["GET"]}}],"collection":[{"href":"https:\/\/agora.xtec.cat\/institutmontserratroig\/wp-json\/wp\/v2\/posts"}],"about":[{"href":"https:\/\/agora.xtec.cat\/institutmontserratroig\/wp-json\/wp\/v2\/types\/post"}],"author":[{"embeddable":true,"href":"https:\/\/agora.xtec.cat\/institutmontserratroig\/wp-json\/wp\/v2\/users\/1"}],"replies":[{"embeddable":true,"href":"https:\/\/agora.xtec.cat\/institutmontserratroig\/wp-json\/wp\/v2\/comments?post=15064"}],"version-history":[{"count":3,"href":"https:\/\/agora.xtec.cat\/institutmontserratroig\/wp-json\/wp\/v2\/posts\/15064\/revisions"}],"predecessor-version":[{"id":15095,"href":"https:\/\/agora.xtec.cat\/institutmontserratroig\/wp-json\/wp\/v2\/posts\/15064\/revisions\/15095"}],"wp:featuredmedia":[{"embeddable":true,"href":"https:\/\/agora.xtec.cat\/institutmontserratroig\/wp-json\/wp\/v2\/media\/15066"}],"wp:attachment":[{"href":"https:\/\/agora.xtec.cat\/institutmontserratroig\/wp-json\/wp\/v2\/media?parent=15064"}],"wp:term":[{"taxonomy":"category","embeddable":true,"href":"https:\/\/agora.xtec.cat\/institutmontserratroig\/wp-json\/wp\/v2\/categories?post=15064"},{"taxonomy":"post_tag","embeddable":true,"href":"https:\/\/agora.xtec.cat\/institutmontserratroig\/wp-json\/wp\/v2\/tags?post=15064"}],"curies":[{"name":"wp","href":"https:\/\/api.w.org\/{rel}","templated":true}]}}