{"id":14812,"date":"2019-04-01T09:55:52","date_gmt":"2019-04-01T07:55:52","guid":{"rendered":"http:\/\/agora.xtec.cat\/institutmontserratroig\/?p=14812"},"modified":"2019-04-01T10:04:28","modified_gmt":"2019-04-01T08:04:28","slug":"un-espai-web-sobre-biotecnologia","status":"publish","type":"post","link":"https:\/\/agora.xtec.cat\/institutmontserratroig\/portada\/un-espai-web-sobre-biotecnologia\/","title":{"rendered":"Un espai web sobre biotecnologia"},"content":{"rendered":"<p><a href=\"https:\/\/sites.google.com\/scbcn.cat\/sanzmendezsalvad\/inici\" target=\"_blank\" rel=\"noopener\"><img loading=\"lazy\" decoding=\"async\" class=\"aligncenter wp-image-14813 size-full\" src=\"https:\/\/agora.xtec.cat\/institutmontserratroig\/wp-content\/uploads\/usu342\/2019\/04\/portada-web-biotecnologia.png\" alt=\"\" width=\"592\" height=\"303\" srcset=\"https:\/\/agora.xtec.cat\/institutmontserratroig\/wp-content\/uploads\/usu342\/2019\/04\/portada-web-biotecnologia.png 592w, https:\/\/agora.xtec.cat\/institutmontserratroig\/wp-content\/uploads\/usu342\/2019\/04\/portada-web-biotecnologia-300x154.png 300w\" sizes=\"auto, (max-width: 592px) 100vw, 592px\" \/><\/a><\/p>\n<p style=\"text-align: justify;\">L&#8217;alumnat de 4t d&#8217;ESO ha creat un <a href=\"https:\/\/sites.google.com\/scbcn.cat\/sanzmendezsalvad\/inici\" target=\"_blank\" rel=\"noopener\">espai web sobre biotecnologia<\/a> que ha quedat for\u00e7a b\u00e9. La biotecnologia forma part del curr\u00edculum de 4t, de manera que es va decidir fer un espai web per compartir alguns dels seus continguts i, de pas, aprendre com funcionava el google sites. En aquest web hi podreu trobar qu\u00e8 \u00e9s la biotecnologia, les \u00faltimes tend\u00e8ncies (CRIPSR), altres aplicacions, la sortida al CRG i alguna cosa m\u00e9s. A veure qu\u00e8 us sembla!<\/p>\n","protected":false},"excerpt":{"rendered":"<p><a href=\"https:\/\/sites.google.com\/scbcn.cat\/sanzmendezsalvad\/inici\" target=\"_blank\" rel=\"noopener\"><\/a><br \/>\nL&#8217;alumnat de 4t d&#8217;ESO ha creat un <a href=\"https:\/\/sites.google.com\/scbcn.cat\/sanzmendezsalvad\/inici\" target=\"_blank\" rel=\"noopener\">espai web sobre biotecnologia<\/a> que ha quedat for\u00e7a b\u00e9. La biotecnologia forma part del curr\u00edculum de 4t, de manera que es va decidir fer un espai web per compartir alguns dels seus&hellip;  <a href=\"https:\/\/agora.xtec.cat\/institutmontserratroig\/portada\/un-espai-web-sobre-biotecnologia\/\" title=\"Read Un espai web sobre biotecnologia\">Llegeix m\u00e9s\u00bb<\/a><\/p>\n","protected":false},"author":1,"featured_media":14813,"comment_status":"open","ping_status":"closed","sticky":false,"template":"","format":"standard","meta":{"_bbp_topic_count":0,"_bbp_reply_count":0,"_bbp_total_topic_count":0,"_bbp_total_reply_count":0,"_bbp_voice_count":0,"_bbp_anonymous_reply_count":0,"_bbp_topic_count_hidden":0,"_bbp_reply_count_hidden":0,"_bbp_forum_subforum_count":0,"footnotes":""},"categories":[92,246,86,29],"tags":[133],"class_list":["post-14812","post","type-post","status-publish","format-standard","has-post-thumbnail","hentry","category-ciencies-naturals","category-curs-2018-19","category-eso-4","category-portada","tag-alumnat"],"post_mailing_queue_ids":[],"_links":{"self":[{"href":"https:\/\/agora.xtec.cat\/institutmontserratroig\/wp-json\/wp\/v2\/posts\/14812","targetHints":{"allow":["GET"]}}],"collection":[{"href":"https:\/\/agora.xtec.cat\/institutmontserratroig\/wp-json\/wp\/v2\/posts"}],"about":[{"href":"https:\/\/agora.xtec.cat\/institutmontserratroig\/wp-json\/wp\/v2\/types\/post"}],"author":[{"embeddable":true,"href":"https:\/\/agora.xtec.cat\/institutmontserratroig\/wp-json\/wp\/v2\/users\/1"}],"replies":[{"embeddable":true,"href":"https:\/\/agora.xtec.cat\/institutmontserratroig\/wp-json\/wp\/v2\/comments?post=14812"}],"version-history":[{"count":3,"href":"https:\/\/agora.xtec.cat\/institutmontserratroig\/wp-json\/wp\/v2\/posts\/14812\/revisions"}],"predecessor-version":[{"id":14819,"href":"https:\/\/agora.xtec.cat\/institutmontserratroig\/wp-json\/wp\/v2\/posts\/14812\/revisions\/14819"}],"wp:featuredmedia":[{"embeddable":true,"href":"https:\/\/agora.xtec.cat\/institutmontserratroig\/wp-json\/wp\/v2\/media\/14813"}],"wp:attachment":[{"href":"https:\/\/agora.xtec.cat\/institutmontserratroig\/wp-json\/wp\/v2\/media?parent=14812"}],"wp:term":[{"taxonomy":"category","embeddable":true,"href":"https:\/\/agora.xtec.cat\/institutmontserratroig\/wp-json\/wp\/v2\/categories?post=14812"},{"taxonomy":"post_tag","embeddable":true,"href":"https:\/\/agora.xtec.cat\/institutmontserratroig\/wp-json\/wp\/v2\/tags?post=14812"}],"curies":[{"name":"wp","href":"https:\/\/api.w.org\/{rel}","templated":true}]}}