{"id":14589,"date":"2019-03-15T17:18:03","date_gmt":"2019-03-15T16:18:03","guid":{"rendered":"http:\/\/agora.xtec.cat\/institutmontserratroig\/?p=14589"},"modified":"2019-03-15T17:34:31","modified_gmt":"2019-03-15T16:34:31","slug":"esport-a-can-drago","status":"publish","type":"post","link":"https:\/\/agora.xtec.cat\/institutmontserratroig\/portada\/esport-a-can-drago\/","title":{"rendered":"Esport a Can Drag\u00f3"},"content":{"rendered":"<p><a href=\"https:\/\/agora.xtec.cat\/institutmontserratroig\/wp-content\/uploads\/usu342\/2019\/03\/20190314_101658.jpg\"><img loading=\"lazy\" decoding=\"async\" class=\"aligncenter wp-image-14591\" src=\"https:\/\/agora.xtec.cat\/institutmontserratroig\/wp-content\/uploads\/usu342\/2019\/03\/20190314_101658-300x169.jpg\" alt=\"\" width=\"800\" height=\"450\" srcset=\"https:\/\/agora.xtec.cat\/institutmontserratroig\/wp-content\/uploads\/usu342\/2019\/03\/20190314_101658-300x169.jpg 300w, https:\/\/agora.xtec.cat\/institutmontserratroig\/wp-content\/uploads\/usu342\/2019\/03\/20190314_101658-768x432.jpg 768w, https:\/\/agora.xtec.cat\/institutmontserratroig\/wp-content\/uploads\/usu342\/2019\/03\/20190314_101658-1024x576.jpg 1024w, https:\/\/agora.xtec.cat\/institutmontserratroig\/wp-content\/uploads\/usu342\/2019\/03\/20190314_101658.jpg 1240w\" sizes=\"auto, (max-width: 800px) 100vw, 800px\" \/><\/a><\/p>\n<p style=\"text-align: justify;\">Ahir dijous els nostres nois i noies de 3r han fet la sortida d&#8217;atletisme de Can Drag\u00f3. Ens hem de felicitar, per la part que ens toca, perqu\u00e8 el seu comportament ha estat espectacular, a m\u00e9s acompanyat d&#8217;una motivaci\u00f3 incre\u00efble. Han estat excel\u00b7lents, un molt bon exemple d&#8217;actitud i esportivitat. Estem molt contents!<\/p>\n<h5 style=\"text-align: center;\"><a href=\"https:\/\/photos.app.goo.gl\/iBqLN37c8L9uf6y47\" target=\"_blank\" rel=\"noopener\">\u00c0lbum de fotos<\/a><\/h5>\n","protected":false},"excerpt":{"rendered":"<p><a href=\"https:\/\/agora.xtec.cat\/institutmontserratroig\/wp-content\/uploads\/usu342\/2019\/03\/20190314_101658.jpg\"><\/a><br \/>\nAhir dijous els nostres nois i noies de 3r han fet la sortida d&#8217;atletisme de Can Drag\u00f3. Ens hem de felicitar, per la part que ens toca, perqu\u00e8 el seu comportament ha estat espectacular, a m\u00e9s acompanyat d&#8217;una motivaci\u00f3 incre\u00efble. Han estat excel\u00b7lents, un&hellip;  <a href=\"https:\/\/agora.xtec.cat\/institutmontserratroig\/portada\/esport-a-can-drago\/\" title=\"Read Esport a Can Drag\u00f3\">Llegeix m\u00e9s\u00bb<\/a><\/p>\n","protected":false},"author":1,"featured_media":14591,"comment_status":"open","ping_status":"closed","sticky":false,"template":"","format":"standard","meta":{"_bbp_topic_count":0,"_bbp_reply_count":0,"_bbp_total_topic_count":0,"_bbp_total_reply_count":0,"_bbp_voice_count":0,"_bbp_anonymous_reply_count":0,"_bbp_topic_count_hidden":0,"_bbp_reply_count_hidden":0,"_bbp_forum_subforum_count":0,"footnotes":""},"categories":[246,100,85,29],"tags":[179],"class_list":["post-14589","post","type-post","status-publish","format-standard","has-post-thumbnail","hentry","category-curs-2018-19","category-educacio-fisica","category-eso-3","category-portada","tag-sortides"],"post_mailing_queue_ids":[],"_links":{"self":[{"href":"https:\/\/agora.xtec.cat\/institutmontserratroig\/wp-json\/wp\/v2\/posts\/14589","targetHints":{"allow":["GET"]}}],"collection":[{"href":"https:\/\/agora.xtec.cat\/institutmontserratroig\/wp-json\/wp\/v2\/posts"}],"about":[{"href":"https:\/\/agora.xtec.cat\/institutmontserratroig\/wp-json\/wp\/v2\/types\/post"}],"author":[{"embeddable":true,"href":"https:\/\/agora.xtec.cat\/institutmontserratroig\/wp-json\/wp\/v2\/users\/1"}],"replies":[{"embeddable":true,"href":"https:\/\/agora.xtec.cat\/institutmontserratroig\/wp-json\/wp\/v2\/comments?post=14589"}],"version-history":[{"count":4,"href":"https:\/\/agora.xtec.cat\/institutmontserratroig\/wp-json\/wp\/v2\/posts\/14589\/revisions"}],"predecessor-version":[{"id":14598,"href":"https:\/\/agora.xtec.cat\/institutmontserratroig\/wp-json\/wp\/v2\/posts\/14589\/revisions\/14598"}],"wp:featuredmedia":[{"embeddable":true,"href":"https:\/\/agora.xtec.cat\/institutmontserratroig\/wp-json\/wp\/v2\/media\/14591"}],"wp:attachment":[{"href":"https:\/\/agora.xtec.cat\/institutmontserratroig\/wp-json\/wp\/v2\/media?parent=14589"}],"wp:term":[{"taxonomy":"category","embeddable":true,"href":"https:\/\/agora.xtec.cat\/institutmontserratroig\/wp-json\/wp\/v2\/categories?post=14589"},{"taxonomy":"post_tag","embeddable":true,"href":"https:\/\/agora.xtec.cat\/institutmontserratroig\/wp-json\/wp\/v2\/tags?post=14589"}],"curies":[{"name":"wp","href":"https:\/\/api.w.org\/{rel}","templated":true}]}}