{"id":13554,"date":"2019-01-08T19:51:22","date_gmt":"2019-01-08T18:51:22","guid":{"rendered":"http:\/\/agora.xtec.cat\/institutmontserratroig\/?p=13554"},"modified":"2019-01-08T22:26:05","modified_gmt":"2019-01-08T21:26:05","slug":"endavant-amb-el-compostador","status":"publish","type":"post","link":"https:\/\/agora.xtec.cat\/institutmontserratroig\/portada\/endavant-amb-el-compostador\/","title":{"rendered":"Queda poc per posar en marxa el compostador"},"content":{"rendered":"<p style=\"text-align: justify;\">Fa dies que ja vam comunicar que <a href=\"https:\/\/agora.xtec.cat\/institutmontserratroig\/eso\/eso-4\/el-compostador-ja-es-aqui\/\">s&#8217;ha instal\u00b7lat un compostador<\/a> en un dels dos patis interiors del centre. El seu objectiu \u00e9s fer una millor gesti\u00f3 dels nostres residus i aprofitar el compost obtingut per a adobar les plantes que estan plantant per tot l&#8217;institut els alumnes de 4t de l&#8217;assignatura de Biologia i Geologia i Ci\u00e8ncies aplicades.<\/p>\n<p style=\"text-align: justify;\">Durant aquestes setmanes de gener es pret\u00e9n dur a terme la posada en marxa del compostador. Per aix\u00f2, es far\u00e0 arribar una <a href=\"https:\/\/drive.google.com\/open?id=1f6NwtyKTDuI41rLlKrnN_jKqa59LU-IC\" target=\"_blank\" rel=\"noopener\">carta a les fam\u00edlies de 1r d&#8217;ESO<\/a> a fi que portin mat\u00e8ria org\u00e0nica i on s&#8217;explica qu\u00e8 es pot compostar i qu\u00e8 no. Aquesta petici\u00f3, no cal dir-ho, la fem extensiva a tota la comunitat educativa del centre. M\u00e9s endavant us informarem de quin dia ser\u00e0 la recollida de les restes org\u00e0niques.<\/p>\n<p style=\"text-align: justify;\">Una vegada posat en marxa el compostador, al pati de l&#8217;institut podreu trobar un contenidor lila (degudament etiquetat) on podreu anar dipositant la mat\u00e8ria org\u00e0nica generada al centre (pells de fruita de l&#8217;esmorzar o el dinar, restes cuinades, etc.). Aquesta mat\u00e8ria org\u00e0nica que anem generant s&#8217;afegir\u00e0 al compostador de forma setmanal.<\/p>\n","protected":false},"excerpt":{"rendered":"<p>Fa dies que ja vam comunicar que <a href=\"https:\/\/agora.xtec.cat\/institutmontserratroig\/eso\/eso-4\/el-compostador-ja-es-aqui\/\">s&#8217;ha instal\u00b7lat un compostador<\/a> en un dels dos patis interiors del centre. El seu objectiu \u00e9s fer una millor gesti\u00f3 dels nostres residus i aprofitar el compost obtingut per a adobar les plantes que estan plantant per&hellip;  <a href=\"https:\/\/agora.xtec.cat\/institutmontserratroig\/portada\/endavant-amb-el-compostador\/\" title=\"Read Queda poc per posar en marxa el compostador\">Llegeix m\u00e9s\u00bb<\/a><\/p>\n","protected":false},"author":1,"featured_media":11798,"comment_status":"open","ping_status":"closed","sticky":false,"template":"","format":"standard","meta":{"_bbp_topic_count":0,"_bbp_reply_count":0,"_bbp_total_topic_count":0,"_bbp_total_reply_count":0,"_bbp_voice_count":0,"_bbp_anonymous_reply_count":0,"_bbp_topic_count_hidden":0,"_bbp_reply_count_hidden":0,"_bbp_forum_subforum_count":0,"footnotes":""},"categories":[92,246,254,86,29,191],"tags":[],"class_list":["post-13554","post","type-post","status-publish","format-standard","has-post-thumbnail","hentry","category-ciencies-naturals","category-curs-2018-19","category-escoles-sostenibles","category-eso-4","category-portada","category-projectes"],"post_mailing_queue_ids":[],"_links":{"self":[{"href":"https:\/\/agora.xtec.cat\/institutmontserratroig\/wp-json\/wp\/v2\/posts\/13554","targetHints":{"allow":["GET"]}}],"collection":[{"href":"https:\/\/agora.xtec.cat\/institutmontserratroig\/wp-json\/wp\/v2\/posts"}],"about":[{"href":"https:\/\/agora.xtec.cat\/institutmontserratroig\/wp-json\/wp\/v2\/types\/post"}],"author":[{"embeddable":true,"href":"https:\/\/agora.xtec.cat\/institutmontserratroig\/wp-json\/wp\/v2\/users\/1"}],"replies":[{"embeddable":true,"href":"https:\/\/agora.xtec.cat\/institutmontserratroig\/wp-json\/wp\/v2\/comments?post=13554"}],"version-history":[{"count":3,"href":"https:\/\/agora.xtec.cat\/institutmontserratroig\/wp-json\/wp\/v2\/posts\/13554\/revisions"}],"predecessor-version":[{"id":13556,"href":"https:\/\/agora.xtec.cat\/institutmontserratroig\/wp-json\/wp\/v2\/posts\/13554\/revisions\/13556"}],"wp:featuredmedia":[{"embeddable":true,"href":"https:\/\/agora.xtec.cat\/institutmontserratroig\/wp-json\/wp\/v2\/media\/11798"}],"wp:attachment":[{"href":"https:\/\/agora.xtec.cat\/institutmontserratroig\/wp-json\/wp\/v2\/media?parent=13554"}],"wp:term":[{"taxonomy":"category","embeddable":true,"href":"https:\/\/agora.xtec.cat\/institutmontserratroig\/wp-json\/wp\/v2\/categories?post=13554"},{"taxonomy":"post_tag","embeddable":true,"href":"https:\/\/agora.xtec.cat\/institutmontserratroig\/wp-json\/wp\/v2\/tags?post=13554"}],"curies":[{"name":"wp","href":"https:\/\/api.w.org\/{rel}","templated":true}]}}