{"id":12927,"date":"2018-11-21T18:55:55","date_gmt":"2018-11-21T17:55:55","guid":{"rendered":"http:\/\/agora.xtec.cat\/institutmontserratroig\/?p=12927"},"modified":"2018-11-23T23:28:27","modified_gmt":"2018-11-23T22:28:27","slug":"aerobic-a-la-classe-deducacio-fisica","status":"publish","type":"post","link":"https:\/\/agora.xtec.cat\/institutmontserratroig\/batxillerat\/aerobic-a-la-classe-deducacio-fisica\/","title":{"rendered":"Aer\u00f2bic a la classe d&#8217;Educaci\u00f3 F\u00edsica"},"content":{"rendered":"<p style=\"text-align: justify;\">Abans d&#8217;ahir vam passar pel gimn\u00e0s i ens vam trobar que els de batxillerat estaven fent una classe d&#8217;aer\u00f2bic. D\u00e9u n&#8217;hi do del grapat d&#8217;activitats que es fan al Departament d&#8217;Educaci\u00f3 F\u00edsica!<\/p>\n<table style=\"width: 100%; border: none;\">\n<tbody>\n<tr>\n<td style=\"text-align: center; border: none;\"><iframe loading=\"lazy\" src=\"https:\/\/www.youtube.com\/embed\/bO_TVlDI5GU\" width=\"800\" height=\"450\" frameborder=\"0\" allowfullscreen=\"allowfullscreen\"><\/iframe><\/td>\n<\/tr>\n<\/tbody>\n<\/table>\n","protected":false},"excerpt":{"rendered":"<p>Abans d&#8217;ahir vam passar pel gimn\u00e0s i ens vam trobar que els de batxillerat estaven fent una classe d&#8217;aer\u00f2bic. D\u00e9u n&#8217;hi do del grapat d&#8217;activitats que es fan al Departament d&#8217;Educaci\u00f3 F\u00edsica!<\/p>\n","protected":false},"author":1,"featured_media":12928,"comment_status":"open","ping_status":"closed","sticky":false,"template":"","format":"standard","meta":{"_bbp_topic_count":0,"_bbp_reply_count":0,"_bbp_total_topic_count":0,"_bbp_total_reply_count":0,"_bbp_voice_count":0,"_bbp_anonymous_reply_count":0,"_bbp_topic_count_hidden":0,"_bbp_reply_count_hidden":0,"_bbp_forum_subforum_count":0,"footnotes":""},"categories":[8,246,100,29],"tags":[],"class_list":["post-12927","post","type-post","status-publish","format-standard","has-post-thumbnail","hentry","category-batxillerat","category-curs-2018-19","category-educacio-fisica","category-portada"],"post_mailing_queue_ids":[],"_links":{"self":[{"href":"https:\/\/agora.xtec.cat\/institutmontserratroig\/wp-json\/wp\/v2\/posts\/12927","targetHints":{"allow":["GET"]}}],"collection":[{"href":"https:\/\/agora.xtec.cat\/institutmontserratroig\/wp-json\/wp\/v2\/posts"}],"about":[{"href":"https:\/\/agora.xtec.cat\/institutmontserratroig\/wp-json\/wp\/v2\/types\/post"}],"author":[{"embeddable":true,"href":"https:\/\/agora.xtec.cat\/institutmontserratroig\/wp-json\/wp\/v2\/users\/1"}],"replies":[{"embeddable":true,"href":"https:\/\/agora.xtec.cat\/institutmontserratroig\/wp-json\/wp\/v2\/comments?post=12927"}],"version-history":[{"count":2,"href":"https:\/\/agora.xtec.cat\/institutmontserratroig\/wp-json\/wp\/v2\/posts\/12927\/revisions"}],"predecessor-version":[{"id":12995,"href":"https:\/\/agora.xtec.cat\/institutmontserratroig\/wp-json\/wp\/v2\/posts\/12927\/revisions\/12995"}],"wp:featuredmedia":[{"embeddable":true,"href":"https:\/\/agora.xtec.cat\/institutmontserratroig\/wp-json\/wp\/v2\/media\/12928"}],"wp:attachment":[{"href":"https:\/\/agora.xtec.cat\/institutmontserratroig\/wp-json\/wp\/v2\/media?parent=12927"}],"wp:term":[{"taxonomy":"category","embeddable":true,"href":"https:\/\/agora.xtec.cat\/institutmontserratroig\/wp-json\/wp\/v2\/categories?post=12927"},{"taxonomy":"post_tag","embeddable":true,"href":"https:\/\/agora.xtec.cat\/institutmontserratroig\/wp-json\/wp\/v2\/tags?post=12927"}],"curies":[{"name":"wp","href":"https:\/\/api.w.org\/{rel}","templated":true}]}}