{"id":10815,"date":"2018-06-13T19:13:07","date_gmt":"2018-06-13T17:13:07","guid":{"rendered":"http:\/\/agora.xtec.cat\/institutmontserratroig\/?p=10815"},"modified":"2022-03-30T21:48:33","modified_gmt":"2022-03-30T19:48:33","slug":"ajuts-de-menjador-escolar","status":"publish","type":"post","link":"https:\/\/agora.xtec.cat\/institutmontserratroig\/eso\/ajuts-de-menjador-escolar\/","title":{"rendered":"Ajuts de menjador escolar"},"content":{"rendered":"<p style=\"text-align: justify;\"><img loading=\"lazy\" decoding=\"async\" class=\"aligncenter wp-image-10816 size-full\" src=\"http:\/\/agora.xtec.cat\/institutmontserratroig\/wp-content\/uploads\/usu342\/2018\/06\/Captura-de-pantalla-2018-06-13-a-les-19.01.29.png\" alt=\"\" width=\"597\" height=\"202\" srcset=\"https:\/\/agora.xtec.cat\/institutmontserratroig\/wp-content\/uploads\/usu342\/2018\/06\/Captura-de-pantalla-2018-06-13-a-les-19.01.29.png 597w, https:\/\/agora.xtec.cat\/institutmontserratroig\/wp-content\/uploads\/usu342\/2018\/06\/Captura-de-pantalla-2018-06-13-a-les-19.01.29-300x102.png 300w\" sizes=\"auto, (max-width: 597px) 100vw, 597px\" \/><\/p>\n<p style=\"text-align: justify;\">Us informem que avui ja ha sortit publicada al DOGC la Resoluci\u00f3 on s\u2019aprova la convocat\u00f2ria per a l\u2019atorgament dels ajuts individuals de menjador per al curs escolar 2018-2019.<\/p>\n<p style=\"text-align: justify;\">Al seg\u00fcent enlla\u00e7 trobareu tant la resoluci\u00f3, com el model de sol\u00b7licitud amb les instruccions per a emplenar-la i el full informatiu:<\/p>\n<h5 style=\"text-align: center;\"><a href=\"http:\/\/www.edubcn.cat\/ca\/alumnat_i_familia\/ajuts_beques_i_subvencions\/convocatories_ceb\/ajuts_de_menjador\" target=\"_blank\" rel=\"noopener noreferrer\">Ajuts de menjador escolar<\/a><\/h5>\n","protected":false},"excerpt":{"rendered":"<p>Us informem que avui ja ha sortit publicada al DOGC la Resoluci\u00f3 on s\u2019aprova la convocat\u00f2ria per a l\u2019atorgament dels ajuts individuals de menjador per al curs escolar 2018-2019.<br \/>\nAl seg\u00fcent enlla\u00e7 trobareu tant la resoluci\u00f3, com el model de sol\u00b7licitud amb les instruccions per a&hellip;  <a href=\"https:\/\/agora.xtec.cat\/institutmontserratroig\/eso\/ajuts-de-menjador-escolar\/\" title=\"Read Ajuts de menjador escolar\">Llegeix m\u00e9s\u00bb<\/a><\/p>\n","protected":false},"author":1,"featured_media":10816,"comment_status":"open","ping_status":"closed","sticky":false,"template":"","format":"standard","meta":{"_bbp_topic_count":0,"_bbp_reply_count":0,"_bbp_total_topic_count":0,"_bbp_total_reply_count":0,"_bbp_voice_count":0,"_bbp_anonymous_reply_count":0,"_bbp_topic_count_hidden":0,"_bbp_reply_count_hidden":0,"_bbp_forum_subforum_count":0,"footnotes":""},"categories":[205,3,29],"tags":[385],"class_list":["post-10815","post","type-post","status-publish","format-standard","has-post-thumbnail","hentry","category-curs-2017-18","category-eso","category-portada","tag-beques-i-ajuts"],"post_mailing_queue_ids":[],"_links":{"self":[{"href":"https:\/\/agora.xtec.cat\/institutmontserratroig\/wp-json\/wp\/v2\/posts\/10815","targetHints":{"allow":["GET"]}}],"collection":[{"href":"https:\/\/agora.xtec.cat\/institutmontserratroig\/wp-json\/wp\/v2\/posts"}],"about":[{"href":"https:\/\/agora.xtec.cat\/institutmontserratroig\/wp-json\/wp\/v2\/types\/post"}],"author":[{"embeddable":true,"href":"https:\/\/agora.xtec.cat\/institutmontserratroig\/wp-json\/wp\/v2\/users\/1"}],"replies":[{"embeddable":true,"href":"https:\/\/agora.xtec.cat\/institutmontserratroig\/wp-json\/wp\/v2\/comments?post=10815"}],"version-history":[{"count":1,"href":"https:\/\/agora.xtec.cat\/institutmontserratroig\/wp-json\/wp\/v2\/posts\/10815\/revisions"}],"predecessor-version":[{"id":10817,"href":"https:\/\/agora.xtec.cat\/institutmontserratroig\/wp-json\/wp\/v2\/posts\/10815\/revisions\/10817"}],"wp:featuredmedia":[{"embeddable":true,"href":"https:\/\/agora.xtec.cat\/institutmontserratroig\/wp-json\/wp\/v2\/media\/10816"}],"wp:attachment":[{"href":"https:\/\/agora.xtec.cat\/institutmontserratroig\/wp-json\/wp\/v2\/media?parent=10815"}],"wp:term":[{"taxonomy":"category","embeddable":true,"href":"https:\/\/agora.xtec.cat\/institutmontserratroig\/wp-json\/wp\/v2\/categories?post=10815"},{"taxonomy":"post_tag","embeddable":true,"href":"https:\/\/agora.xtec.cat\/institutmontserratroig\/wp-json\/wp\/v2\/tags?post=10815"}],"curies":[{"name":"wp","href":"https:\/\/api.w.org\/{rel}","templated":true}]}}