{"id":872,"date":"2016-11-14T23:06:01","date_gmt":"2016-11-14T22:06:01","guid":{"rendered":"http:\/\/agora.xtec.cat\/institutgranollers\/?p=872"},"modified":"2019-03-28T08:47:41","modified_gmt":"2019-03-28T07:47:41","slug":"eleccions-al-consell-escolar-2","status":"publish","type":"post","link":"https:\/\/agora.xtec.cat\/institutgranollers\/general\/eleccions-al-consell-escolar-2\/","title":{"rendered":"Eleccions al Consell Escolar"},"content":{"rendered":"<p class=\"western\" align=\"JUSTIFY\"><a href=\"http:\/\/agora.xtec.cat\/institutgranollers\/wp-content\/uploads\/usu289\/2016\/11\/eleccionsconsellescolar.png\"><img loading=\"lazy\" decoding=\"async\" class=\"aligncenter wp-image-879\" src=\"http:\/\/agora.xtec.cat\/institutgranollers\/wp-content\/uploads\/usu289\/2016\/11\/eleccionsconsellescolar.png\" alt=\"eleccionsconsellescolar\" width=\"203\" height=\"154\" srcset=\"https:\/\/agora.xtec.cat\/institutgranollers\/wp-content\/uploads\/usu289\/2016\/11\/eleccionsconsellescolar.png 480w, https:\/\/agora.xtec.cat\/institutgranollers\/wp-content\/uploads\/usu289\/2016\/11\/eleccionsconsellescolar-300x228.png 300w\" sizes=\"auto, (max-width: 203px) 100vw, 203px\" \/><\/a><\/p>\n<p class=\"western\" align=\"JUSTIFY\">El consell escolar del centre \u00e9s l&#8217;<strong>\u00f2rgan col\u00b7legiat de participaci\u00f3<\/strong> de la comunitat escolar en el govern del centre. En el consell escolar hi ha representats tots els col\u00b7lectius que intervenen en la comunitat educativa: director, professorat, alumnat, personal d&#8217;administraci\u00f3 i serveis, etc. En els centres p\u00fablics, la funci\u00f3 principal del consell escolar \u00e9s participar en la presa de decisions en relaci\u00f3 amb aquells temes importants per al funcionament i l&#8217;organitzaci\u00f3 del centre: el projecte educatiu, la programaci\u00f3 general, la gesti\u00f3 econ\u00f2mica, etc.<\/p>\n<p class=\"western\" align=\"JUSTIFY\">El dilluns 14 de novembre iniciem el proc\u00e9s per constituir el<strong> Consell Escolar<\/strong> de l&#8217;Institut. Del sector fam\u00edlies caldr\u00e0 trobar dos representants m\u00e9s. El calendari del proc\u00e9s \u00e9s el seg\u00fcent:<\/p>\n<table width=\"564\" cellspacing=\"0\" cellpadding=\"4\">\n<colgroup>\n<col width=\"86\" \/>\n<col width=\"460\" \/> <\/colgroup>\n<tbody>\n<tr valign=\"TOP\">\n<td width=\"86\">\n<p class=\"western\" align=\"JUSTIFY\"><b>Data<\/b><\/p>\n<\/td>\n<td width=\"460\">\n<p class=\"western\" align=\"JUSTIFY\"><b>Actuaci\u00f3<\/b><\/p>\n<\/td>\n<\/tr>\n<tr valign=\"TOP\">\n<td width=\"86\">\n<p class=\"western\" align=\"JUSTIFY\"><span style=\"font-size: small;\">14\/11\/2016<\/span><\/p>\n<\/td>\n<td width=\"460\">\n<p class=\"western\" align=\"LEFT\"><span style=\"font-family: Arial,sans-serif;\"><span style=\"font-size: small;\">Convocat\u00f2ria d&#8217;eleccions.<br \/>\nPublicaci\u00f3 dels censos electorals provisionals.<br \/>\nPublicaci\u00f3 de vacants, forma i termini de presentaci\u00f3 de candidatures.<\/span><\/span><\/p>\n<p class=\"western\" align=\"JUSTIFY\"><span style=\"font-family: Arial,sans-serif;\"><span style=\"font-size: small;\">Inici del termini per presentar reclamacions al cens electoral.<br \/>\n<\/span><\/span><\/p>\n<\/td>\n<\/tr>\n<tr valign=\"TOP\">\n<td width=\"86\">\n<p class=\"western\" align=\"JUSTIFY\"><span style=\"font-size: small;\">16\/11\/2016<\/span><\/p>\n<\/td>\n<td width=\"460\">\n<p class=\"western\" align=\"JUSTIFY\"><span style=\"font-family: Arial,sans-serif;\"><span style=\"font-size: small;\">Fi del termini de presentaci\u00f3 de reclamacions del cens<br \/>\nSorteig per designar els vocals de les meses electorals.<\/span><\/span><\/p>\n<p class=\"western\" align=\"JUSTIFY\"><span style=\"font-family: Arial,sans-serif;\"><span style=\"font-size: small;\">Constituci\u00f3 de les meses electorals.<\/span><\/span><\/p>\n<p class=\"western\" align=\"JUSTIFY\"><span style=\"font-family: Arial,sans-serif;\"><span style=\"font-size: small;\">Sol\u00b7licitud a l&#8217;ajuntament i a l&#8217;AMPA de la designaci\u00f3 del seu representant.<\/span><\/span><\/p>\n<\/td>\n<\/tr>\n<tr valign=\"TOP\">\n<td width=\"86\">\n<p class=\"western\" align=\"JUSTIFY\"><span style=\"font-size: small;\">17\/11\/2016<\/span><\/p>\n<\/td>\n<td width=\"460\">\n<p class=\"western\" align=\"JUSTIFY\"><span style=\"font-family: Arial,sans-serif;\"><span style=\"font-size: small;\">Resoluci\u00f3 de les reclamacions als censos electorals<br \/>\nAprovaci\u00f3 dels censos electorals definitius.<\/span><\/span><\/p>\n<\/td>\n<\/tr>\n<tr valign=\"TOP\">\n<td width=\"86\">\n<p class=\"western\" align=\"JUSTIFY\"><span style=\"font-size: small;\">25\/11\/2016<\/span><\/p>\n<\/td>\n<td width=\"460\">\n<p class=\"western\" align=\"JUSTIFY\"><span style=\"font-family: Arial,sans-serif;\"><span style=\"font-size: small;\">\u00daltim dia per a la presentaci\u00f3 de candidatures dels diferents sectors. <\/span><\/span><\/p>\n<\/td>\n<\/tr>\n<tr valign=\"TOP\">\n<td width=\"86\">\n<p class=\"western\" align=\"JUSTIFY\"><span style=\"font-size: small;\">25\/11\/2016<\/span><\/p>\n<\/td>\n<td width=\"460\">\n<p class=\"western\" align=\"JUSTIFY\"><span style=\"font-family: Arial,sans-serif;\"><span style=\"font-size: small;\">\u00daltim dia per a la presentaci\u00f3 de sol\u00b7licituds per actuar de supervisor\/a dels sectors de pares o mares i d&#8217;alumnat.<\/span><\/span><\/p>\n<\/td>\n<\/tr>\n<tr valign=\"TOP\">\n<td width=\"86\">\n<p class=\"western\" align=\"JUSTIFY\"><span style=\"font-size: small;\">29\/11\/2016<\/span><\/p>\n<\/td>\n<td width=\"460\">\n<p class=\"western\" align=\"JUSTIFY\"><span style=\"font-family: Arial,sans-serif;\"><span style=\"font-size: small;\">Eleccions al Consell Escolar<\/span><\/span><\/p>\n<\/td>\n<\/tr>\n<tr valign=\"TOP\">\n<td width=\"86\">\n<p class=\"western\" align=\"JUSTIFY\"><span style=\"font-size: small;\">14\/12\/2016<\/span><\/p>\n<\/td>\n<td width=\"460\">\n<p class=\"western\" align=\"JUSTIFY\"><span style=\"font-family: Arial,sans-serif;\"><span style=\"font-size: small;\">Constituci\u00f3 del Consell Escolar<\/span><\/span><\/p>\n<\/td>\n<\/tr>\n<\/tbody>\n<\/table>\n<p class=\"western\" align=\"JUSTIFY\">\u00a0Us animem a participar-hi!<\/p>\n","protected":false},"excerpt":{"rendered":"<p>El consell escolar del centre \u00e9s l&#8217;\u00f2rgan col\u00b7legiat de participaci\u00f3 de la comunitat escolar en el govern del centre. En el consell escolar hi ha representats tots els col\u00b7lectius que intervenen en la comunitat educativa: director, professorat, alumnat, personal d&#8217;administraci\u00f3 i serveis, etc. En els centres p\u00fablics, la funci\u00f3 principal del consell escolar \u00e9s participar [&hellip;]<\/p>\n","protected":false},"author":1,"featured_media":0,"comment_status":"open","ping_status":"closed","sticky":false,"template":"","format":"standard","meta":{"_bbp_topic_count":0,"_bbp_reply_count":0,"_bbp_total_topic_count":0,"_bbp_total_reply_count":0,"_bbp_voice_count":0,"_bbp_anonymous_reply_count":0,"_bbp_topic_count_hidden":0,"_bbp_reply_count_hidden":0,"_bbp_forum_subforum_count":0,"site-sidebar-layout":"default","site-content-layout":"","ast-site-content-layout":"","site-content-style":"default","site-sidebar-style":"default","ast-global-header-display":"","ast-banner-title-visibility":"","ast-main-header-display":"","ast-hfb-above-header-display":"","ast-hfb-below-header-display":"","ast-hfb-mobile-header-display":"","site-post-title":"","ast-breadcrumbs-content":"","ast-featured-img":"","footer-sml-layout":"","theme-transparent-header-meta":"","adv-header-id-meta":"","stick-header-meta":"","header-above-stick-meta":"","header-main-stick-meta":"","header-below-stick-meta":"","astra-migrate-meta-layouts":"default","ast-page-background-enabled":"default","ast-page-background-meta":{"desktop":{"background-color":"var(--ast-global-color-4)","background-image":"","background-repeat":"repeat","background-position":"center center","background-size":"auto","background-attachment":"scroll","background-type":"","background-media":"","overlay-type":"","overlay-color":"","overlay-opacity":"","overlay-gradient":""},"tablet":{"background-color":"","background-image":"","background-repeat":"repeat","background-position":"center center","background-size":"auto","background-attachment":"scroll","background-type":"","background-media":"","overlay-type":"","overlay-color":"","overlay-opacity":"","overlay-gradient":""},"mobile":{"background-color":"","background-image":"","background-repeat":"repeat","background-position":"center center","background-size":"auto","background-attachment":"scroll","background-type":"","background-media":"","overlay-type":"","overlay-color":"","overlay-opacity":"","overlay-gradient":""}},"ast-content-background-meta":{"desktop":{"background-color":"var(--ast-global-color-5)","background-image":"","background-repeat":"repeat","background-position":"center center","background-size":"auto","background-attachment":"scroll","background-type":"","background-media":"","overlay-type":"","overlay-color":"","overlay-opacity":"","overlay-gradient":""},"tablet":{"background-color":"var(--ast-global-color-5)","background-image":"","background-repeat":"repeat","background-position":"center center","background-size":"auto","background-attachment":"scroll","background-type":"","background-media":"","overlay-type":"","overlay-color":"","overlay-opacity":"","overlay-gradient":""},"mobile":{"background-color":"var(--ast-global-color-5)","background-image":"","background-repeat":"repeat","background-position":"center center","background-size":"auto","background-attachment":"scroll","background-type":"","background-media":"","overlay-type":"","overlay-color":"","overlay-opacity":"","overlay-gradient":""}},"footnotes":""},"categories":[1,29],"tags":[],"class_list":["post-872","post","type-post","status-publish","format-standard","hentry","category-general","category-portada"],"post_mailing_queue_ids":[],"_links":{"self":[{"href":"https:\/\/agora.xtec.cat\/institutgranollers\/wp-json\/wp\/v2\/posts\/872","targetHints":{"allow":["GET"]}}],"collection":[{"href":"https:\/\/agora.xtec.cat\/institutgranollers\/wp-json\/wp\/v2\/posts"}],"about":[{"href":"https:\/\/agora.xtec.cat\/institutgranollers\/wp-json\/wp\/v2\/types\/post"}],"author":[{"embeddable":true,"href":"https:\/\/agora.xtec.cat\/institutgranollers\/wp-json\/wp\/v2\/users\/1"}],"replies":[{"embeddable":true,"href":"https:\/\/agora.xtec.cat\/institutgranollers\/wp-json\/wp\/v2\/comments?post=872"}],"version-history":[{"count":3,"href":"https:\/\/agora.xtec.cat\/institutgranollers\/wp-json\/wp\/v2\/posts\/872\/revisions"}],"predecessor-version":[{"id":880,"href":"https:\/\/agora.xtec.cat\/institutgranollers\/wp-json\/wp\/v2\/posts\/872\/revisions\/880"}],"wp:attachment":[{"href":"https:\/\/agora.xtec.cat\/institutgranollers\/wp-json\/wp\/v2\/media?parent=872"}],"wp:term":[{"taxonomy":"category","embeddable":true,"href":"https:\/\/agora.xtec.cat\/institutgranollers\/wp-json\/wp\/v2\/categories?post=872"},{"taxonomy":"post_tag","embeddable":true,"href":"https:\/\/agora.xtec.cat\/institutgranollers\/wp-json\/wp\/v2\/tags?post=872"}],"curies":[{"name":"wp","href":"https:\/\/api.w.org\/{rel}","templated":true}]}}