{"id":5089,"date":"2026-01-24T11:58:04","date_gmt":"2026-01-24T10:58:04","guid":{"rendered":"https:\/\/agora.xtec.cat\/institutgranollers\/?p=5089"},"modified":"2026-03-09T09:09:55","modified_gmt":"2026-03-09T08:09:55","slug":"portes-obertes-curs-26-27","status":"publish","type":"post","link":"https:\/\/agora.xtec.cat\/institutgranollers\/general\/portes-obertes-curs-26-27\/","title":{"rendered":"PORTES OBERTES CURS 26-27"},"content":{"rendered":"<p><img loading=\"lazy\" decoding=\"async\" class=\"size-full wp-image-5090 alignleft\" src=\"https:\/\/agora.xtec.cat\/institutgranollers\/wp-content\/uploads\/usu289\/2026\/01\/Cartell-portes-Obertes-WEB.png\" alt=\"\" width=\"960\" height=\"540\" srcset=\"https:\/\/agora.xtec.cat\/institutgranollers\/wp-content\/uploads\/usu289\/2026\/01\/Cartell-portes-Obertes-WEB.png 960w, https:\/\/agora.xtec.cat\/institutgranollers\/wp-content\/uploads\/usu289\/2026\/01\/Cartell-portes-Obertes-WEB-300x169.png 300w, https:\/\/agora.xtec.cat\/institutgranollers\/wp-content\/uploads\/usu289\/2026\/01\/Cartell-portes-Obertes-WEB-768x432.png 768w\" sizes=\"auto, (max-width: 960px) 100vw, 960px\" \/><\/p>\n<p>&nbsp;<\/p>\n<p>Us convidem a con\u00e8ixer l&#8217;<strong>INSTITUT MARTA ESTRADA<\/strong> visitant-nos durant les portes obertes. Comen\u00e7arem amb una xerrada informativa per part de l&#8217;Equip Directiu i tot seguit, l&#8217;alumnat del centre explicar\u00e0 l&#8217;organitzaci\u00f3 i la manera de treballar del nostre centre, tot visitant les instal\u00b7lacions de l&#8217;institut.<\/p>\n<p style=\"text-align: center;\"><strong>Dijous 5 de mar\u00e7 a les 17.30h\u00a0 \u00a0i\u00a0 Dissabte 7 de mar\u00e7 a les 10h<\/strong><\/p>\n<p>Mentrestant, podeu consultar els nostres<strong> <a href=\"https:\/\/agora.xtec.cat\/institutgranollers\/general\/butlleti-informatiu-mensual\/\">BUTLLETINS MENSUALS \u00a0<\/a><\/strong>per veure com \u00e9s la vida a l&#8217;institut.<\/p>\n<p>Per a qualsevol consulta, podeu posar-vos en contacte amb nosaltres per tel\u00e8fon o per correu electr\u00f2nic.<\/p>\n","protected":false},"excerpt":{"rendered":"<p>&nbsp; Us convidem a con\u00e8ixer l&#8217;INSTITUT MARTA ESTRADA visitant-nos durant les portes obertes. Comen\u00e7arem amb una xerrada informativa per part de l&#8217;Equip Directiu i tot seguit, l&#8217;alumnat del centre explicar\u00e0 l&#8217;organitzaci\u00f3 i la manera de treballar del nostre centre, tot visitant les instal\u00b7lacions de l&#8217;institut. Dijous 5 de mar\u00e7 a les 17.30h\u00a0 \u00a0i\u00a0 Dissabte 7 [&hellip;]<\/p>\n","protected":false},"author":1,"featured_media":0,"comment_status":"closed","ping_status":"open","sticky":false,"template":"","format":"standard","meta":{"_bbp_topic_count":0,"_bbp_reply_count":0,"_bbp_total_topic_count":0,"_bbp_total_reply_count":0,"_bbp_voice_count":0,"_bbp_anonymous_reply_count":0,"_bbp_topic_count_hidden":0,"_bbp_reply_count_hidden":0,"_bbp_forum_subforum_count":0,"site-sidebar-layout":"default","site-content-layout":"","ast-site-content-layout":"","site-content-style":"default","site-sidebar-style":"default","ast-global-header-display":"","ast-banner-title-visibility":"","ast-main-header-display":"","ast-hfb-above-header-display":"","ast-hfb-below-header-display":"","ast-hfb-mobile-header-display":"","site-post-title":"","ast-breadcrumbs-content":"","ast-featured-img":"","footer-sml-layout":"","theme-transparent-header-meta":"","adv-header-id-meta":"","stick-header-meta":"","header-above-stick-meta":"","header-main-stick-meta":"","header-below-stick-meta":"","astra-migrate-meta-layouts":"default","ast-page-background-enabled":"default","ast-page-background-meta":{"desktop":{"background-color":"var(--ast-global-color-4)","background-image":"","background-repeat":"repeat","background-position":"center center","background-size":"auto","background-attachment":"scroll","background-type":"","background-media":"","overlay-type":"","overlay-color":"","overlay-opacity":"","overlay-gradient":""},"tablet":{"background-color":"","background-image":"","background-repeat":"repeat","background-position":"center center","background-size":"auto","background-attachment":"scroll","background-type":"","background-media":"","overlay-type":"","overlay-color":"","overlay-opacity":"","overlay-gradient":""},"mobile":{"background-color":"","background-image":"","background-repeat":"repeat","background-position":"center center","background-size":"auto","background-attachment":"scroll","background-type":"","background-media":"","overlay-type":"","overlay-color":"","overlay-opacity":"","overlay-gradient":""}},"ast-content-background-meta":{"desktop":{"background-color":"var(--ast-global-color-5)","background-image":"","background-repeat":"repeat","background-position":"center center","background-size":"auto","background-attachment":"scroll","background-type":"","background-media":"","overlay-type":"","overlay-color":"","overlay-opacity":"","overlay-gradient":""},"tablet":{"background-color":"var(--ast-global-color-5)","background-image":"","background-repeat":"repeat","background-position":"center center","background-size":"auto","background-attachment":"scroll","background-type":"","background-media":"","overlay-type":"","overlay-color":"","overlay-opacity":"","overlay-gradient":""},"mobile":{"background-color":"var(--ast-global-color-5)","background-image":"","background-repeat":"repeat","background-position":"center center","background-size":"auto","background-attachment":"scroll","background-type":"","background-media":"","overlay-type":"","overlay-color":"","overlay-opacity":"","overlay-gradient":""}},"footnotes":""},"categories":[1,29],"tags":[],"class_list":["post-5089","post","type-post","status-publish","format-standard","hentry","category-general","category-portada"],"post_mailing_queue_ids":[],"_links":{"self":[{"href":"https:\/\/agora.xtec.cat\/institutgranollers\/wp-json\/wp\/v2\/posts\/5089","targetHints":{"allow":["GET"]}}],"collection":[{"href":"https:\/\/agora.xtec.cat\/institutgranollers\/wp-json\/wp\/v2\/posts"}],"about":[{"href":"https:\/\/agora.xtec.cat\/institutgranollers\/wp-json\/wp\/v2\/types\/post"}],"author":[{"embeddable":true,"href":"https:\/\/agora.xtec.cat\/institutgranollers\/wp-json\/wp\/v2\/users\/1"}],"replies":[{"embeddable":true,"href":"https:\/\/agora.xtec.cat\/institutgranollers\/wp-json\/wp\/v2\/comments?post=5089"}],"version-history":[{"count":6,"href":"https:\/\/agora.xtec.cat\/institutgranollers\/wp-json\/wp\/v2\/posts\/5089\/revisions"}],"predecessor-version":[{"id":5092,"href":"https:\/\/agora.xtec.cat\/institutgranollers\/wp-json\/wp\/v2\/posts\/5089\/revisions\/5092"}],"wp:attachment":[{"href":"https:\/\/agora.xtec.cat\/institutgranollers\/wp-json\/wp\/v2\/media?parent=5089"}],"wp:term":[{"taxonomy":"category","embeddable":true,"href":"https:\/\/agora.xtec.cat\/institutgranollers\/wp-json\/wp\/v2\/categories?post=5089"},{"taxonomy":"post_tag","embeddable":true,"href":"https:\/\/agora.xtec.cat\/institutgranollers\/wp-json\/wp\/v2\/tags?post=5089"}],"curies":[{"name":"wp","href":"https:\/\/api.w.org\/{rel}","templated":true}]}}