{"id":4671,"date":"2025-02-13T11:15:16","date_gmt":"2025-02-13T10:15:16","guid":{"rendered":"https:\/\/agora.xtec.cat\/institutgranollers\/?p=4671"},"modified":"2025-02-13T11:15:48","modified_gmt":"2025-02-13T10:15:48","slug":"recaptacio-per-la-dana","status":"publish","type":"post","link":"https:\/\/agora.xtec.cat\/institutgranollers\/general\/recaptacio-per-la-dana\/","title":{"rendered":"RECAPTACI\u00d3 PER LA DANA"},"content":{"rendered":"<p><img loading=\"lazy\" decoding=\"async\" class=\"aligncenter size-full wp-image-4705\" src=\"https:\/\/agora.xtec.cat\/institutgranollers\/wp-content\/uploads\/usu289\/2025\/02\/467571728_534045789597354_6708966713943402089_n.jpg\" alt=\"\" width=\"1440\" height=\"1800\" srcset=\"https:\/\/agora.xtec.cat\/institutgranollers\/wp-content\/uploads\/usu289\/2025\/02\/467571728_534045789597354_6708966713943402089_n.jpg 1440w, https:\/\/agora.xtec.cat\/institutgranollers\/wp-content\/uploads\/usu289\/2025\/02\/467571728_534045789597354_6708966713943402089_n-240x300.jpg 240w, https:\/\/agora.xtec.cat\/institutgranollers\/wp-content\/uploads\/usu289\/2025\/02\/467571728_534045789597354_6708966713943402089_n-819x1024.jpg 819w, https:\/\/agora.xtec.cat\/institutgranollers\/wp-content\/uploads\/usu289\/2025\/02\/467571728_534045789597354_6708966713943402089_n-768x960.jpg 768w, https:\/\/agora.xtec.cat\/institutgranollers\/wp-content\/uploads\/usu289\/2025\/02\/467571728_534045789597354_6708966713943402089_n-1229x1536.jpg 1229w\" sizes=\"auto, (max-width: 1440px) 100vw, 1440px\" \/>Des de l\u2019institut us volem agra\u00efr la vostra col\u00b7laboraci\u00f3 desinteressada en la recaptaci\u00f3 econ\u00f2mica per ajudar als damnificats per l\u2019episodi de DANA al Pa\u00eds Valenci\u00e0.<\/p>\n<p>Ja hem fet l\u2019ingr\u00e9s de 260\u20ac a l\u2019entitat de la Creu Roja.<\/p>\n<p>Estem molt orgullosos de l\u2019alumnat de 3r d\u2019ESO que va prendre la iniciativa de recaptar fons, i de tothom que hi ha posat el seu granet de sorra.<\/p>\n","protected":false},"excerpt":{"rendered":"<p>Des de l\u2019institut us volem agra\u00efr la vostra col\u00b7laboraci\u00f3 desinteressada en la recaptaci\u00f3 econ\u00f2mica per ajudar als damnificats per l\u2019episodi de DANA al Pa\u00eds Valenci\u00e0. Ja hem fet l\u2019ingr\u00e9s de 260\u20ac a l\u2019entitat de la Creu Roja. Estem molt orgullosos de l\u2019alumnat de 3r d\u2019ESO que va prendre la iniciativa de recaptar fons, i de [&hellip;]<\/p>\n","protected":false},"author":1,"featured_media":4705,"comment_status":"closed","ping_status":"closed","sticky":false,"template":"","format":"standard","meta":{"_bbp_topic_count":0,"_bbp_reply_count":0,"_bbp_total_topic_count":0,"_bbp_total_reply_count":0,"_bbp_voice_count":0,"_bbp_anonymous_reply_count":0,"_bbp_topic_count_hidden":0,"_bbp_reply_count_hidden":0,"_bbp_forum_subforum_count":0,"site-sidebar-layout":"default","site-content-layout":"","ast-site-content-layout":"","site-content-style":"default","site-sidebar-style":"default","ast-global-header-display":"","ast-banner-title-visibility":"","ast-main-header-display":"","ast-hfb-above-header-display":"","ast-hfb-below-header-display":"","ast-hfb-mobile-header-display":"","site-post-title":"","ast-breadcrumbs-content":"","ast-featured-img":"","footer-sml-layout":"","theme-transparent-header-meta":"","adv-header-id-meta":"","stick-header-meta":"","header-above-stick-meta":"","header-main-stick-meta":"","header-below-stick-meta":"","astra-migrate-meta-layouts":"default","ast-page-background-enabled":"default","ast-page-background-meta":{"desktop":{"background-color":"var(--ast-global-color-4)","background-image":"","background-repeat":"repeat","background-position":"center center","background-size":"auto","background-attachment":"scroll","background-type":"","background-media":"","overlay-type":"","overlay-color":"","overlay-opacity":"","overlay-gradient":""},"tablet":{"background-color":"","background-image":"","background-repeat":"repeat","background-position":"center center","background-size":"auto","background-attachment":"scroll","background-type":"","background-media":"","overlay-type":"","overlay-color":"","overlay-opacity":"","overlay-gradient":""},"mobile":{"background-color":"","background-image":"","background-repeat":"repeat","background-position":"center center","background-size":"auto","background-attachment":"scroll","background-type":"","background-media":"","overlay-type":"","overlay-color":"","overlay-opacity":"","overlay-gradient":""}},"ast-content-background-meta":{"desktop":{"background-color":"var(--ast-global-color-5)","background-image":"","background-repeat":"repeat","background-position":"center center","background-size":"auto","background-attachment":"scroll","background-type":"","background-media":"","overlay-type":"","overlay-color":"","overlay-opacity":"","overlay-gradient":""},"tablet":{"background-color":"var(--ast-global-color-5)","background-image":"","background-repeat":"repeat","background-position":"center center","background-size":"auto","background-attachment":"scroll","background-type":"","background-media":"","overlay-type":"","overlay-color":"","overlay-opacity":"","overlay-gradient":""},"mobile":{"background-color":"var(--ast-global-color-5)","background-image":"","background-repeat":"repeat","background-position":"center center","background-size":"auto","background-attachment":"scroll","background-type":"","background-media":"","overlay-type":"","overlay-color":"","overlay-opacity":"","overlay-gradient":""}},"footnotes":""},"categories":[1,29],"tags":[],"class_list":["post-4671","post","type-post","status-publish","format-standard","has-post-thumbnail","hentry","category-general","category-portada"],"post_mailing_queue_ids":[],"_links":{"self":[{"href":"https:\/\/agora.xtec.cat\/institutgranollers\/wp-json\/wp\/v2\/posts\/4671","targetHints":{"allow":["GET"]}}],"collection":[{"href":"https:\/\/agora.xtec.cat\/institutgranollers\/wp-json\/wp\/v2\/posts"}],"about":[{"href":"https:\/\/agora.xtec.cat\/institutgranollers\/wp-json\/wp\/v2\/types\/post"}],"author":[{"embeddable":true,"href":"https:\/\/agora.xtec.cat\/institutgranollers\/wp-json\/wp\/v2\/users\/1"}],"replies":[{"embeddable":true,"href":"https:\/\/agora.xtec.cat\/institutgranollers\/wp-json\/wp\/v2\/comments?post=4671"}],"version-history":[{"count":2,"href":"https:\/\/agora.xtec.cat\/institutgranollers\/wp-json\/wp\/v2\/posts\/4671\/revisions"}],"predecessor-version":[{"id":4725,"href":"https:\/\/agora.xtec.cat\/institutgranollers\/wp-json\/wp\/v2\/posts\/4671\/revisions\/4725"}],"wp:featuredmedia":[{"embeddable":true,"href":"https:\/\/agora.xtec.cat\/institutgranollers\/wp-json\/wp\/v2\/media\/4705"}],"wp:attachment":[{"href":"https:\/\/agora.xtec.cat\/institutgranollers\/wp-json\/wp\/v2\/media?parent=4671"}],"wp:term":[{"taxonomy":"category","embeddable":true,"href":"https:\/\/agora.xtec.cat\/institutgranollers\/wp-json\/wp\/v2\/categories?post=4671"},{"taxonomy":"post_tag","embeddable":true,"href":"https:\/\/agora.xtec.cat\/institutgranollers\/wp-json\/wp\/v2\/tags?post=4671"}],"curies":[{"name":"wp","href":"https:\/\/api.w.org\/{rel}","templated":true}]}}