{"id":3887,"date":"2023-01-26T09:26:05","date_gmt":"2023-01-26T08:26:05","guid":{"rendered":"https:\/\/agora.xtec.cat\/institutgranollers\/?p=3887"},"modified":"2023-02-08T09:26:43","modified_gmt":"2023-02-08T08:26:43","slug":"dia-europeu-de-la-mediacio","status":"publish","type":"post","link":"https:\/\/agora.xtec.cat\/institutgranollers\/general\/dia-europeu-de-la-mediacio\/","title":{"rendered":"Dia Europeu de la Mediaci\u00f3"},"content":{"rendered":"<p><img loading=\"lazy\" decoding=\"async\" class=\"wp-image-3888 alignleft\" src=\"https:\/\/agora.xtec.cat\/institutgranollers\/wp-content\/uploads\/usu289\/2023\/02\/IMG-20230124-WA0002.jpg\" alt=\"\" width=\"474\" height=\"355\" srcset=\"https:\/\/agora.xtec.cat\/institutgranollers\/wp-content\/uploads\/usu289\/2023\/02\/IMG-20230124-WA0002.jpg 2048w, https:\/\/agora.xtec.cat\/institutgranollers\/wp-content\/uploads\/usu289\/2023\/02\/IMG-20230124-WA0002-300x225.jpg 300w, https:\/\/agora.xtec.cat\/institutgranollers\/wp-content\/uploads\/usu289\/2023\/02\/IMG-20230124-WA0002-1024x768.jpg 1024w, https:\/\/agora.xtec.cat\/institutgranollers\/wp-content\/uploads\/usu289\/2023\/02\/IMG-20230124-WA0002-768x576.jpg 768w, https:\/\/agora.xtec.cat\/institutgranollers\/wp-content\/uploads\/usu289\/2023\/02\/IMG-20230124-WA0002-1536x1152.jpg 1536w, https:\/\/agora.xtec.cat\/institutgranollers\/wp-content\/uploads\/usu289\/2023\/02\/IMG-20230124-WA0002-200x150.jpg 200w\" sizes=\"auto, (max-width: 474px) 100vw, 474px\" \/><\/p>\n<p>El dia 24 de gener, amb motiu de la Celebraci\u00f3 del Dia Europeu de la Mediaci\u00f3, l\u2019alumnat que fem l\u2019optativa de 3r de Mediaci\u00f3 vam anar a la Sala Tarafa on es va portar a terme una xerrada i un taller sobre T\u00e8cniques Restauratives que ens permeten solucionar conflictes a partir de l\u2019expressi\u00f3 de les emocions i sentiments de les persones enfrontades.<\/p>\n<p>Cada curs, l&#8217;alumnat de 3r d&#8217;ESO ens formem com a mediadors i mediadores a l&#8217;Institut. Aquesta formaci\u00f3 ens serveix per aprendre a resoldre conflictes entre iguals de manera pac\u00edfica, mitjan\u00e7ant el di\u00e0leg.<\/p>\n<p>A 4t d&#8217;ESO, els i les alumnes que ho desitgen, poden ser exercir de mediadors i mediadores en el servei que s&#8217;ofereix a l&#8217;Institut.<\/p>\n<p style=\"text-align: right;\">Alumnat de 3r d&#8217;ESO<\/p>\n","protected":false},"excerpt":{"rendered":"<p>El dia 24 de gener, amb motiu de la Celebraci\u00f3 del Dia Europeu de la Mediaci\u00f3, l\u2019alumnat que fem l\u2019optativa de 3r de Mediaci\u00f3 vam anar a la Sala Tarafa on es va portar a terme una xerrada i un taller sobre T\u00e8cniques Restauratives que ens permeten solucionar conflictes a partir de l\u2019expressi\u00f3 de les [&hellip;]<\/p>\n","protected":false},"author":1,"featured_media":3888,"comment_status":"closed","ping_status":"closed","sticky":false,"template":"","format":"standard","meta":{"_bbp_topic_count":0,"_bbp_reply_count":0,"_bbp_total_topic_count":0,"_bbp_total_reply_count":0,"_bbp_voice_count":0,"_bbp_anonymous_reply_count":0,"_bbp_topic_count_hidden":0,"_bbp_reply_count_hidden":0,"_bbp_forum_subforum_count":0,"site-sidebar-layout":"default","site-content-layout":"","ast-site-content-layout":"","site-content-style":"default","site-sidebar-style":"default","ast-global-header-display":"","ast-banner-title-visibility":"","ast-main-header-display":"","ast-hfb-above-header-display":"","ast-hfb-below-header-display":"","ast-hfb-mobile-header-display":"","site-post-title":"","ast-breadcrumbs-content":"","ast-featured-img":"","footer-sml-layout":"","theme-transparent-header-meta":"","adv-header-id-meta":"","stick-header-meta":"","header-above-stick-meta":"","header-main-stick-meta":"","header-below-stick-meta":"","astra-migrate-meta-layouts":"default","ast-page-background-enabled":"default","ast-page-background-meta":{"desktop":{"background-color":"var(--ast-global-color-4)","background-image":"","background-repeat":"repeat","background-position":"center center","background-size":"auto","background-attachment":"scroll","background-type":"","background-media":"","overlay-type":"","overlay-color":"","overlay-opacity":"","overlay-gradient":""},"tablet":{"background-color":"","background-image":"","background-repeat":"repeat","background-position":"center center","background-size":"auto","background-attachment":"scroll","background-type":"","background-media":"","overlay-type":"","overlay-color":"","overlay-opacity":"","overlay-gradient":""},"mobile":{"background-color":"","background-image":"","background-repeat":"repeat","background-position":"center center","background-size":"auto","background-attachment":"scroll","background-type":"","background-media":"","overlay-type":"","overlay-color":"","overlay-opacity":"","overlay-gradient":""}},"ast-content-background-meta":{"desktop":{"background-color":"var(--ast-global-color-5)","background-image":"","background-repeat":"repeat","background-position":"center center","background-size":"auto","background-attachment":"scroll","background-type":"","background-media":"","overlay-type":"","overlay-color":"","overlay-opacity":"","overlay-gradient":""},"tablet":{"background-color":"var(--ast-global-color-5)","background-image":"","background-repeat":"repeat","background-position":"center center","background-size":"auto","background-attachment":"scroll","background-type":"","background-media":"","overlay-type":"","overlay-color":"","overlay-opacity":"","overlay-gradient":""},"mobile":{"background-color":"var(--ast-global-color-5)","background-image":"","background-repeat":"repeat","background-position":"center center","background-size":"auto","background-attachment":"scroll","background-type":"","background-media":"","overlay-type":"","overlay-color":"","overlay-opacity":"","overlay-gradient":""}},"footnotes":""},"categories":[1,29],"tags":[106,114],"class_list":["post-3887","post","type-post","status-publish","format-standard","has-post-thumbnail","hentry","category-general","category-portada","tag-activitats-externes-i-xerrades","tag-convivencia"],"post_mailing_queue_ids":[],"_links":{"self":[{"href":"https:\/\/agora.xtec.cat\/institutgranollers\/wp-json\/wp\/v2\/posts\/3887","targetHints":{"allow":["GET"]}}],"collection":[{"href":"https:\/\/agora.xtec.cat\/institutgranollers\/wp-json\/wp\/v2\/posts"}],"about":[{"href":"https:\/\/agora.xtec.cat\/institutgranollers\/wp-json\/wp\/v2\/types\/post"}],"author":[{"embeddable":true,"href":"https:\/\/agora.xtec.cat\/institutgranollers\/wp-json\/wp\/v2\/users\/1"}],"replies":[{"embeddable":true,"href":"https:\/\/agora.xtec.cat\/institutgranollers\/wp-json\/wp\/v2\/comments?post=3887"}],"version-history":[{"count":1,"href":"https:\/\/agora.xtec.cat\/institutgranollers\/wp-json\/wp\/v2\/posts\/3887\/revisions"}],"predecessor-version":[{"id":3889,"href":"https:\/\/agora.xtec.cat\/institutgranollers\/wp-json\/wp\/v2\/posts\/3887\/revisions\/3889"}],"wp:featuredmedia":[{"embeddable":true,"href":"https:\/\/agora.xtec.cat\/institutgranollers\/wp-json\/wp\/v2\/media\/3888"}],"wp:attachment":[{"href":"https:\/\/agora.xtec.cat\/institutgranollers\/wp-json\/wp\/v2\/media?parent=3887"}],"wp:term":[{"taxonomy":"category","embeddable":true,"href":"https:\/\/agora.xtec.cat\/institutgranollers\/wp-json\/wp\/v2\/categories?post=3887"},{"taxonomy":"post_tag","embeddable":true,"href":"https:\/\/agora.xtec.cat\/institutgranollers\/wp-json\/wp\/v2\/tags?post=3887"}],"curies":[{"name":"wp","href":"https:\/\/api.w.org\/{rel}","templated":true}]}}