{"id":3772,"date":"2022-02-02T08:10:20","date_gmt":"2022-02-02T07:10:20","guid":{"rendered":"https:\/\/agora.xtec.cat\/institutgranollers\/?p=3772"},"modified":"2022-03-09T08:13:26","modified_gmt":"2022-03-09T07:13:26","slug":"pacifiquem-les-xarxes-socials","status":"publish","type":"post","link":"https:\/\/agora.xtec.cat\/institutgranollers\/general\/pacifiquem-les-xarxes-socials\/","title":{"rendered":"Pacifiquem les xarxes socials"},"content":{"rendered":"<p><img loading=\"lazy\" decoding=\"async\" class=\"wp-image-3773 alignleft\" src=\"https:\/\/agora.xtec.cat\/institutgranollers\/wp-content\/uploads\/usu289\/2022\/03\/xarxes.png\" alt=\"\" width=\"188\" height=\"113\" srcset=\"https:\/\/agora.xtec.cat\/institutgranollers\/wp-content\/uploads\/usu289\/2022\/03\/xarxes.png 634w, https:\/\/agora.xtec.cat\/institutgranollers\/wp-content\/uploads\/usu289\/2022\/03\/xarxes-300x179.png 300w\" sizes=\"auto, (max-width: 188px) 100vw, 188px\" \/><\/p>\n<p>El dia 28 de gener a les 9:00 del mat\u00ed els alumnes de 3r ESO de l&#8217;Institut Marta Estrada de Granollers vam fer una xerrada parlant de les xarxes socials amb una orientadora.<\/p>\n<p>En aquesta xerrada ens van parlar de les diferents f\u00f2bies, discriminacions, abusos, que tenen lloc, majorit\u00e0riament, a les xarxes. Ha estat una xerrada molt expressiva, ja que l&#8217;alumnat vam poder compartir situacions semblants a les que s&#8217;explicaven, sobre les quals ens vam sentir, en alguns casos, identificats. Per acabar, ens van fer diversos tipus de preguntes, que ens va portar a una reflexi\u00f3 m\u00e9s oberta en refer\u00e8ncia a diferents casos en qu\u00e8 s&#8217;intentava modificar la conducta de les persones mitjan\u00e7ant les xarxes socials.<\/p>\n<p>En conclusi\u00f3, va estar molt b\u00e9, ja que a molts ens ha obert m\u00e9s la ment sobre aquests tema. Pot semblar un tema insignificant i sense perill, per\u00f2 resulta que no \u00e9s aix\u00ed.<\/p>\n<p style=\"text-align: right;\">Houda i Jordy<\/p>\n","protected":false},"excerpt":{"rendered":"<p>El dia 28 de gener a les 9:00 del mat\u00ed els alumnes de 3r ESO de l&#8217;Institut Marta Estrada de Granollers vam fer una xerrada parlant de les xarxes socials amb una orientadora. En aquesta xerrada ens van parlar de les diferents f\u00f2bies, discriminacions, abusos, que tenen lloc, majorit\u00e0riament, a les xarxes. Ha estat una [&hellip;]<\/p>\n","protected":false},"author":1,"featured_media":3773,"comment_status":"closed","ping_status":"closed","sticky":false,"template":"","format":"standard","meta":{"_bbp_topic_count":0,"_bbp_reply_count":0,"_bbp_total_topic_count":0,"_bbp_total_reply_count":0,"_bbp_voice_count":0,"_bbp_anonymous_reply_count":0,"_bbp_topic_count_hidden":0,"_bbp_reply_count_hidden":0,"_bbp_forum_subforum_count":0,"site-sidebar-layout":"default","site-content-layout":"","ast-site-content-layout":"","site-content-style":"default","site-sidebar-style":"default","ast-global-header-display":"","ast-banner-title-visibility":"","ast-main-header-display":"","ast-hfb-above-header-display":"","ast-hfb-below-header-display":"","ast-hfb-mobile-header-display":"","site-post-title":"","ast-breadcrumbs-content":"","ast-featured-img":"","footer-sml-layout":"","theme-transparent-header-meta":"","adv-header-id-meta":"","stick-header-meta":"","header-above-stick-meta":"","header-main-stick-meta":"","header-below-stick-meta":"","astra-migrate-meta-layouts":"default","ast-page-background-enabled":"default","ast-page-background-meta":{"desktop":{"background-color":"var(--ast-global-color-4)","background-image":"","background-repeat":"repeat","background-position":"center center","background-size":"auto","background-attachment":"scroll","background-type":"","background-media":"","overlay-type":"","overlay-color":"","overlay-opacity":"","overlay-gradient":""},"tablet":{"background-color":"","background-image":"","background-repeat":"repeat","background-position":"center center","background-size":"auto","background-attachment":"scroll","background-type":"","background-media":"","overlay-type":"","overlay-color":"","overlay-opacity":"","overlay-gradient":""},"mobile":{"background-color":"","background-image":"","background-repeat":"repeat","background-position":"center center","background-size":"auto","background-attachment":"scroll","background-type":"","background-media":"","overlay-type":"","overlay-color":"","overlay-opacity":"","overlay-gradient":""}},"ast-content-background-meta":{"desktop":{"background-color":"var(--ast-global-color-5)","background-image":"","background-repeat":"repeat","background-position":"center center","background-size":"auto","background-attachment":"scroll","background-type":"","background-media":"","overlay-type":"","overlay-color":"","overlay-opacity":"","overlay-gradient":""},"tablet":{"background-color":"var(--ast-global-color-5)","background-image":"","background-repeat":"repeat","background-position":"center center","background-size":"auto","background-attachment":"scroll","background-type":"","background-media":"","overlay-type":"","overlay-color":"","overlay-opacity":"","overlay-gradient":""},"mobile":{"background-color":"var(--ast-global-color-5)","background-image":"","background-repeat":"repeat","background-position":"center center","background-size":"auto","background-attachment":"scroll","background-type":"","background-media":"","overlay-type":"","overlay-color":"","overlay-opacity":"","overlay-gradient":""}},"footnotes":""},"categories":[1,29],"tags":[114,45,129],"class_list":["post-3772","post","type-post","status-publish","format-standard","has-post-thumbnail","hentry","category-general","category-portada","tag-convivencia","tag-salut","tag-tutoria"],"post_mailing_queue_ids":[],"_links":{"self":[{"href":"https:\/\/agora.xtec.cat\/institutgranollers\/wp-json\/wp\/v2\/posts\/3772","targetHints":{"allow":["GET"]}}],"collection":[{"href":"https:\/\/agora.xtec.cat\/institutgranollers\/wp-json\/wp\/v2\/posts"}],"about":[{"href":"https:\/\/agora.xtec.cat\/institutgranollers\/wp-json\/wp\/v2\/types\/post"}],"author":[{"embeddable":true,"href":"https:\/\/agora.xtec.cat\/institutgranollers\/wp-json\/wp\/v2\/users\/1"}],"replies":[{"embeddable":true,"href":"https:\/\/agora.xtec.cat\/institutgranollers\/wp-json\/wp\/v2\/comments?post=3772"}],"version-history":[{"count":1,"href":"https:\/\/agora.xtec.cat\/institutgranollers\/wp-json\/wp\/v2\/posts\/3772\/revisions"}],"predecessor-version":[{"id":3774,"href":"https:\/\/agora.xtec.cat\/institutgranollers\/wp-json\/wp\/v2\/posts\/3772\/revisions\/3774"}],"wp:featuredmedia":[{"embeddable":true,"href":"https:\/\/agora.xtec.cat\/institutgranollers\/wp-json\/wp\/v2\/media\/3773"}],"wp:attachment":[{"href":"https:\/\/agora.xtec.cat\/institutgranollers\/wp-json\/wp\/v2\/media?parent=3772"}],"wp:term":[{"taxonomy":"category","embeddable":true,"href":"https:\/\/agora.xtec.cat\/institutgranollers\/wp-json\/wp\/v2\/categories?post=3772"},{"taxonomy":"post_tag","embeddable":true,"href":"https:\/\/agora.xtec.cat\/institutgranollers\/wp-json\/wp\/v2\/tags?post=3772"}],"curies":[{"name":"wp","href":"https:\/\/api.w.org\/{rel}","templated":true}]}}