{"id":3672,"date":"2021-12-22T12:30:16","date_gmt":"2021-12-22T11:30:16","guid":{"rendered":"https:\/\/agora.xtec.cat\/institutgranollers\/?p=3672"},"modified":"2021-12-22T12:34:04","modified_gmt":"2021-12-22T11:34:04","slug":"exposicio-world-press-photo","status":"publish","type":"post","link":"https:\/\/agora.xtec.cat\/institutgranollers\/general\/exposicio-world-press-photo\/","title":{"rendered":"EXPOSICI\u00d3 WORLD PRESS PHOTO"},"content":{"rendered":"<p><img loading=\"lazy\" decoding=\"async\" class=\"size-full wp-image-3673 alignleft\" src=\"https:\/\/agora.xtec.cat\/institutgranollers\/wp-content\/uploads\/usu289\/2021\/12\/press.png\" alt=\"\" width=\"278\" height=\"155\" \/><\/p>\n<p>El dia 2 de desembre, els alumnes de 3r d\u2019ESO va<span style=\"font-family: inherit; font-size: 1em;\">m tenir el privilegi de\u00a0 poder veure la fant\u00e0stica exposici\u00f3 de \u201cWorld Press Photo\u201d en el Centre de Cultura Contempor\u00e0nia de Barcelona.<\/span><\/p>\n<p>La World Press Photo \u00e9s l&#8217;exposici\u00f3 de fotoperiodisme m\u00e9s reconeguda a escala mundial, amb fotografies de molta qualitat, que ofereixen diferents perspectives al voltant de l&#8217;actualitat global. Va ser un gran dia, vam poder gaudir de les meravelloses fotos i del gran art que tenen tots els fot\u00f2grafs i tota la hist\u00f2ria que hi ha darrere d\u2019una fotografia.<\/p>\n<p>Vam agafar el tren cap a pla\u00e7a Catalunya. Quan vam arribar a Barcelona, vam anar directes a la pla\u00e7a del MACBA, o m\u00e9s coneguda com a pla\u00e7a dels skaters. Vam arribar tots els tercers junts, i vam comen\u00e7ar a entrar per grups bombolla. Mentre un grup anava a veure l&#8217;exposici\u00f3, els altres grups ens vam quedar esmorzant a la pla\u00e7a, jugant, xerrant o veient l&#8217;art que t\u00e9 molta gent amb el patinet.<\/p>\n<p>Cada visita per classe es feia curta, ja que amb tot aquell talent i amb aquelles hist\u00f2ries darrere d\u2019aquelles fotografies no ens adon\u00e0vem del temps.<\/p>\n<p>En general, tots els companys i companyes considerem que l\u2019exposici\u00f3 va ser tot un \u00e8xit. Ens va transmetre tantes emocions a la vegada, que es fa dif\u00edcil explicar qu\u00e8 se sent, no hi ha una sola fotografia que et deixi indiferent. Les tem\u00e0tiques anaven des de conflictes b\u00e8l\u00b7lics (conflicte israeliano-palest\u00ed), fins a canvi clim\u00e0tic, q\u00fcestions de g\u00e8nere, restriccions de mobilitat i \u00f2bviament, el confinament viscut arreu del m\u00f3n arran de la COVID. Algunes fotografies ens van cridar m\u00e9s l\u2019atenci\u00f3 que d\u2019altres, cosa que despr\u00e9s vam debatre a classe de tutoria, seleccionant cadasc\u00fa la not\u00edcia que m\u00e9s ens va impactar.<\/p>\n<p>Hi havia imatges que transmetien frustraci\u00f3, impot\u00e8ncia, nost\u00e0lgia, esgarrifan\u00e7a, tristesa i pena. Ha estat la primera exposici\u00f3 que ens ha fet reflexionar sobre molts temes a la vegada, i aix\u00f2 no s\u2019aconsegueix f\u00e0cilment. Ens ha fet adonar de les moltes injust\u00edcies que passen al m\u00f3n, i prendre consci\u00e8ncia i recapacitar fins a quin punt nosaltres en prenem part.<\/p>\n<p>Sens dubte, \u00e9s una exposici\u00f3 meravellosa i la tornar\u00edem a veure, per\u00f2 dedicant m\u00e9s temps.<\/p>\n<p style=\"text-align: right;\">Dalila El Ogbani i Achraf Belhadji (3r Lambda)<\/p>\n<p><img loading=\"lazy\" decoding=\"async\" class=\"alignnone size-full wp-image-3675\" src=\"https:\/\/agora.xtec.cat\/institutgranollers\/wp-content\/uploads\/usu289\/2021\/12\/press2.png\" alt=\"\" width=\"1242\" height=\"688\" srcset=\"https:\/\/agora.xtec.cat\/institutgranollers\/wp-content\/uploads\/usu289\/2021\/12\/press2.png 1242w, https:\/\/agora.xtec.cat\/institutgranollers\/wp-content\/uploads\/usu289\/2021\/12\/press2-300x166.png 300w, https:\/\/agora.xtec.cat\/institutgranollers\/wp-content\/uploads\/usu289\/2021\/12\/press2-1024x567.png 1024w, https:\/\/agora.xtec.cat\/institutgranollers\/wp-content\/uploads\/usu289\/2021\/12\/press2-768x425.png 768w\" sizes=\"auto, (max-width: 1242px) 100vw, 1242px\" \/><\/p>\n","protected":false},"excerpt":{"rendered":"<p>El dia 2 de desembre, els alumnes de 3r d\u2019ESO vam tenir el privilegi de\u00a0 poder veure la fant\u00e0stica exposici\u00f3 de \u201cWorld Press Photo\u201d en el Centre de Cultura Contempor\u00e0nia de Barcelona. La World Press Photo \u00e9s l&#8217;exposici\u00f3 de fotoperiodisme m\u00e9s reconeguda a escala mundial, amb fotografies de molta qualitat, que ofereixen diferents perspectives al [&hellip;]<\/p>\n","protected":false},"author":1,"featured_media":3675,"comment_status":"closed","ping_status":"closed","sticky":false,"template":"","format":"standard","meta":{"_bbp_topic_count":0,"_bbp_reply_count":0,"_bbp_total_topic_count":0,"_bbp_total_reply_count":0,"_bbp_voice_count":0,"_bbp_anonymous_reply_count":0,"_bbp_topic_count_hidden":0,"_bbp_reply_count_hidden":0,"_bbp_forum_subforum_count":0,"site-sidebar-layout":"default","site-content-layout":"","ast-site-content-layout":"","site-content-style":"default","site-sidebar-style":"default","ast-global-header-display":"","ast-banner-title-visibility":"","ast-main-header-display":"","ast-hfb-above-header-display":"","ast-hfb-below-header-display":"","ast-hfb-mobile-header-display":"","site-post-title":"","ast-breadcrumbs-content":"","ast-featured-img":"","footer-sml-layout":"","theme-transparent-header-meta":"","adv-header-id-meta":"","stick-header-meta":"","header-above-stick-meta":"","header-main-stick-meta":"","header-below-stick-meta":"","astra-migrate-meta-layouts":"default","ast-page-background-enabled":"default","ast-page-background-meta":{"desktop":{"background-color":"var(--ast-global-color-4)","background-image":"","background-repeat":"repeat","background-position":"center center","background-size":"auto","background-attachment":"scroll","background-type":"","background-media":"","overlay-type":"","overlay-color":"","overlay-opacity":"","overlay-gradient":""},"tablet":{"background-color":"","background-image":"","background-repeat":"repeat","background-position":"center center","background-size":"auto","background-attachment":"scroll","background-type":"","background-media":"","overlay-type":"","overlay-color":"","overlay-opacity":"","overlay-gradient":""},"mobile":{"background-color":"","background-image":"","background-repeat":"repeat","background-position":"center center","background-size":"auto","background-attachment":"scroll","background-type":"","background-media":"","overlay-type":"","overlay-color":"","overlay-opacity":"","overlay-gradient":""}},"ast-content-background-meta":{"desktop":{"background-color":"var(--ast-global-color-5)","background-image":"","background-repeat":"repeat","background-position":"center center","background-size":"auto","background-attachment":"scroll","background-type":"","background-media":"","overlay-type":"","overlay-color":"","overlay-opacity":"","overlay-gradient":""},"tablet":{"background-color":"var(--ast-global-color-5)","background-image":"","background-repeat":"repeat","background-position":"center center","background-size":"auto","background-attachment":"scroll","background-type":"","background-media":"","overlay-type":"","overlay-color":"","overlay-opacity":"","overlay-gradient":""},"mobile":{"background-color":"var(--ast-global-color-5)","background-image":"","background-repeat":"repeat","background-position":"center center","background-size":"auto","background-attachment":"scroll","background-type":"","background-media":"","overlay-type":"","overlay-color":"","overlay-opacity":"","overlay-gradient":""}},"footnotes":""},"categories":[1,29],"tags":[39],"class_list":["post-3672","post","type-post","status-publish","format-standard","has-post-thumbnail","hentry","category-general","category-portada","tag-sortides"],"post_mailing_queue_ids":[],"_links":{"self":[{"href":"https:\/\/agora.xtec.cat\/institutgranollers\/wp-json\/wp\/v2\/posts\/3672","targetHints":{"allow":["GET"]}}],"collection":[{"href":"https:\/\/agora.xtec.cat\/institutgranollers\/wp-json\/wp\/v2\/posts"}],"about":[{"href":"https:\/\/agora.xtec.cat\/institutgranollers\/wp-json\/wp\/v2\/types\/post"}],"author":[{"embeddable":true,"href":"https:\/\/agora.xtec.cat\/institutgranollers\/wp-json\/wp\/v2\/users\/1"}],"replies":[{"embeddable":true,"href":"https:\/\/agora.xtec.cat\/institutgranollers\/wp-json\/wp\/v2\/comments?post=3672"}],"version-history":[{"count":3,"href":"https:\/\/agora.xtec.cat\/institutgranollers\/wp-json\/wp\/v2\/posts\/3672\/revisions"}],"predecessor-version":[{"id":3677,"href":"https:\/\/agora.xtec.cat\/institutgranollers\/wp-json\/wp\/v2\/posts\/3672\/revisions\/3677"}],"wp:featuredmedia":[{"embeddable":true,"href":"https:\/\/agora.xtec.cat\/institutgranollers\/wp-json\/wp\/v2\/media\/3675"}],"wp:attachment":[{"href":"https:\/\/agora.xtec.cat\/institutgranollers\/wp-json\/wp\/v2\/media?parent=3672"}],"wp:term":[{"taxonomy":"category","embeddable":true,"href":"https:\/\/agora.xtec.cat\/institutgranollers\/wp-json\/wp\/v2\/categories?post=3672"},{"taxonomy":"post_tag","embeddable":true,"href":"https:\/\/agora.xtec.cat\/institutgranollers\/wp-json\/wp\/v2\/tags?post=3672"}],"curies":[{"name":"wp","href":"https:\/\/api.w.org\/{rel}","templated":true}]}}