{"id":2433,"date":"2019-04-01T07:35:01","date_gmt":"2019-04-01T05:35:01","guid":{"rendered":"http:\/\/agora.xtec.cat\/institutgranollers\/?p=2433"},"modified":"2019-03-25T13:44:58","modified_gmt":"2019-03-25T12:44:58","slug":"presentacio-del-documental-dinterculturalitat","status":"publish","type":"post","link":"https:\/\/agora.xtec.cat\/institutgranollers\/general\/presentacio-del-documental-dinterculturalitat\/","title":{"rendered":"Presentaci\u00f3 del documental d&#8217;Interculturalitat"},"content":{"rendered":"<p>Dimecres 20 de mar\u00e7, es va realitzar la presentaci\u00f3 del documental d&#8217;interculturalitat; Iguals per\u00f2 diferents de m\u00e0 dels alumnes de 2n d&#8217;ESO. Aquest documental \u00e9s el fruit del treball realitzat al Projecte Globalitzat al llarg del 2n trimestre, junt amb el treball guiat de cinebase i professorat del nivell implicat.<\/p>\n<p><a href=\"https:\/\/agora.xtec.cat\/institutgranollers\/wp-content\/uploads\/usu289\/2019\/03\/image2.jpeg\"><img loading=\"lazy\" decoding=\"async\" class=\"alignnone  wp-image-2434\" src=\"https:\/\/agora.xtec.cat\/institutgranollers\/wp-content\/uploads\/usu289\/2019\/03\/image2.jpeg\" alt=\"\" width=\"406\" height=\"305\" srcset=\"https:\/\/agora.xtec.cat\/institutgranollers\/wp-content\/uploads\/usu289\/2019\/03\/image2.jpeg 900w, https:\/\/agora.xtec.cat\/institutgranollers\/wp-content\/uploads\/usu289\/2019\/03\/image2-300x225.jpeg 300w, https:\/\/agora.xtec.cat\/institutgranollers\/wp-content\/uploads\/usu289\/2019\/03\/image2-768x576.jpeg 768w, https:\/\/agora.xtec.cat\/institutgranollers\/wp-content\/uploads\/usu289\/2019\/03\/image2-200x150.jpeg 200w\" sizes=\"auto, (max-width: 406px) 100vw, 406px\" \/><\/a> <a href=\"https:\/\/agora.xtec.cat\/institutgranollers\/wp-content\/uploads\/usu289\/2019\/03\/image3.jpeg\"><img loading=\"lazy\" decoding=\"async\" class=\"alignnone  wp-image-2435\" src=\"https:\/\/agora.xtec.cat\/institutgranollers\/wp-content\/uploads\/usu289\/2019\/03\/image3.jpeg\" alt=\"\" width=\"402\" height=\"303\" srcset=\"https:\/\/agora.xtec.cat\/institutgranollers\/wp-content\/uploads\/usu289\/2019\/03\/image3.jpeg 900w, https:\/\/agora.xtec.cat\/institutgranollers\/wp-content\/uploads\/usu289\/2019\/03\/image3-300x225.jpeg 300w, https:\/\/agora.xtec.cat\/institutgranollers\/wp-content\/uploads\/usu289\/2019\/03\/image3-768x576.jpeg 768w, https:\/\/agora.xtec.cat\/institutgranollers\/wp-content\/uploads\/usu289\/2019\/03\/image3-200x150.jpeg 200w\" sizes=\"auto, (max-width: 402px) 100vw, 402px\" \/><\/a><\/p>\n<p>Gr\u00e0cies al Centre C\u00edvic de Can Gili vam poder acollir alumnes i fam\u00edlies per poder projectar el documental, i aix\u00ed poder apropar la feina dels alumnes a tothom. Va ser un \u00e8xit!<\/p>\n<p><a href=\"https:\/\/agora.xtec.cat\/institutgranollers\/wp-content\/uploads\/usu289\/2019\/03\/image4-1.jpeg\"><img loading=\"lazy\" decoding=\"async\" class=\"alignnone  wp-image-2436\" src=\"https:\/\/agora.xtec.cat\/institutgranollers\/wp-content\/uploads\/usu289\/2019\/03\/image4-1-1024x768.jpeg\" alt=\"\" width=\"420\" height=\"315\" srcset=\"https:\/\/agora.xtec.cat\/institutgranollers\/wp-content\/uploads\/usu289\/2019\/03\/image4-1-1024x768.jpeg 1024w, https:\/\/agora.xtec.cat\/institutgranollers\/wp-content\/uploads\/usu289\/2019\/03\/image4-1-300x225.jpeg 300w, https:\/\/agora.xtec.cat\/institutgranollers\/wp-content\/uploads\/usu289\/2019\/03\/image4-1-768x576.jpeg 768w, https:\/\/agora.xtec.cat\/institutgranollers\/wp-content\/uploads\/usu289\/2019\/03\/image4-1-200x150.jpeg 200w\" sizes=\"auto, (max-width: 420px) 100vw, 420px\" \/>\u00a0<\/a><a href=\"https:\/\/agora.xtec.cat\/institutgranollers\/wp-content\/uploads\/usu289\/2019\/03\/image1-1.jpeg\"><img loading=\"lazy\" decoding=\"async\" class=\"alignnone  wp-image-2437\" src=\"https:\/\/agora.xtec.cat\/institutgranollers\/wp-content\/uploads\/usu289\/2019\/03\/image1-1.jpeg\" alt=\"\" width=\"419\" height=\"314\" srcset=\"https:\/\/agora.xtec.cat\/institutgranollers\/wp-content\/uploads\/usu289\/2019\/03\/image1-1.jpeg 900w, https:\/\/agora.xtec.cat\/institutgranollers\/wp-content\/uploads\/usu289\/2019\/03\/image1-1-300x225.jpeg 300w, https:\/\/agora.xtec.cat\/institutgranollers\/wp-content\/uploads\/usu289\/2019\/03\/image1-1-768x576.jpeg 768w, https:\/\/agora.xtec.cat\/institutgranollers\/wp-content\/uploads\/usu289\/2019\/03\/image1-1-200x150.jpeg 200w\" sizes=\"auto, (max-width: 419px) 100vw, 419px\" \/><\/a><\/p>\n","protected":false},"excerpt":{"rendered":"<p>Dimecres 20 de mar\u00e7, es va realitzar la presentaci\u00f3 del documental d&#8217;interculturalitat; Iguals per\u00f2 diferents de m\u00e0 dels alumnes de 2n d&#8217;ESO. Aquest documental \u00e9s el fruit del treball realitzat al Projecte Globalitzat al llarg del 2n trimestre, junt amb el treball guiat de cinebase i professorat del nivell implicat. Gr\u00e0cies al Centre C\u00edvic de [&hellip;]<\/p>\n","protected":false},"author":1,"featured_media":2437,"comment_status":"closed","ping_status":"closed","sticky":false,"template":"","format":"standard","meta":{"_bbp_topic_count":0,"_bbp_reply_count":0,"_bbp_total_topic_count":0,"_bbp_total_reply_count":0,"_bbp_voice_count":0,"_bbp_anonymous_reply_count":0,"_bbp_topic_count_hidden":0,"_bbp_reply_count_hidden":0,"_bbp_forum_subforum_count":0,"site-sidebar-layout":"default","site-content-layout":"","ast-site-content-layout":"","site-content-style":"default","site-sidebar-style":"default","ast-global-header-display":"","ast-banner-title-visibility":"","ast-main-header-display":"","ast-hfb-above-header-display":"","ast-hfb-below-header-display":"","ast-hfb-mobile-header-display":"","site-post-title":"","ast-breadcrumbs-content":"","ast-featured-img":"","footer-sml-layout":"","theme-transparent-header-meta":"","adv-header-id-meta":"","stick-header-meta":"","header-above-stick-meta":"","header-main-stick-meta":"","header-below-stick-meta":"","astra-migrate-meta-layouts":"default","ast-page-background-enabled":"default","ast-page-background-meta":{"desktop":{"background-color":"var(--ast-global-color-4)","background-image":"","background-repeat":"repeat","background-position":"center center","background-size":"auto","background-attachment":"scroll","background-type":"","background-media":"","overlay-type":"","overlay-color":"","overlay-opacity":"","overlay-gradient":""},"tablet":{"background-color":"","background-image":"","background-repeat":"repeat","background-position":"center center","background-size":"auto","background-attachment":"scroll","background-type":"","background-media":"","overlay-type":"","overlay-color":"","overlay-opacity":"","overlay-gradient":""},"mobile":{"background-color":"","background-image":"","background-repeat":"repeat","background-position":"center center","background-size":"auto","background-attachment":"scroll","background-type":"","background-media":"","overlay-type":"","overlay-color":"","overlay-opacity":"","overlay-gradient":""}},"ast-content-background-meta":{"desktop":{"background-color":"var(--ast-global-color-5)","background-image":"","background-repeat":"repeat","background-position":"center center","background-size":"auto","background-attachment":"scroll","background-type":"","background-media":"","overlay-type":"","overlay-color":"","overlay-opacity":"","overlay-gradient":""},"tablet":{"background-color":"var(--ast-global-color-5)","background-image":"","background-repeat":"repeat","background-position":"center center","background-size":"auto","background-attachment":"scroll","background-type":"","background-media":"","overlay-type":"","overlay-color":"","overlay-opacity":"","overlay-gradient":""},"mobile":{"background-color":"var(--ast-global-color-5)","background-image":"","background-repeat":"repeat","background-position":"center center","background-size":"auto","background-attachment":"scroll","background-type":"","background-media":"","overlay-type":"","overlay-color":"","overlay-opacity":"","overlay-gradient":""}},"footnotes":""},"categories":[1,29],"tags":[94],"class_list":["post-2433","post","type-post","status-publish","format-standard","has-post-thumbnail","hentry","category-general","category-portada","tag-projectesglobalitzats"],"post_mailing_queue_ids":[],"_links":{"self":[{"href":"https:\/\/agora.xtec.cat\/institutgranollers\/wp-json\/wp\/v2\/posts\/2433","targetHints":{"allow":["GET"]}}],"collection":[{"href":"https:\/\/agora.xtec.cat\/institutgranollers\/wp-json\/wp\/v2\/posts"}],"about":[{"href":"https:\/\/agora.xtec.cat\/institutgranollers\/wp-json\/wp\/v2\/types\/post"}],"author":[{"embeddable":true,"href":"https:\/\/agora.xtec.cat\/institutgranollers\/wp-json\/wp\/v2\/users\/1"}],"replies":[{"embeddable":true,"href":"https:\/\/agora.xtec.cat\/institutgranollers\/wp-json\/wp\/v2\/comments?post=2433"}],"version-history":[{"count":1,"href":"https:\/\/agora.xtec.cat\/institutgranollers\/wp-json\/wp\/v2\/posts\/2433\/revisions"}],"predecessor-version":[{"id":2438,"href":"https:\/\/agora.xtec.cat\/institutgranollers\/wp-json\/wp\/v2\/posts\/2433\/revisions\/2438"}],"wp:featuredmedia":[{"embeddable":true,"href":"https:\/\/agora.xtec.cat\/institutgranollers\/wp-json\/wp\/v2\/media\/2437"}],"wp:attachment":[{"href":"https:\/\/agora.xtec.cat\/institutgranollers\/wp-json\/wp\/v2\/media?parent=2433"}],"wp:term":[{"taxonomy":"category","embeddable":true,"href":"https:\/\/agora.xtec.cat\/institutgranollers\/wp-json\/wp\/v2\/categories?post=2433"},{"taxonomy":"post_tag","embeddable":true,"href":"https:\/\/agora.xtec.cat\/institutgranollers\/wp-json\/wp\/v2\/tags?post=2433"}],"curies":[{"name":"wp","href":"https:\/\/api.w.org\/{rel}","templated":true}]}}