{"id":2238,"date":"2019-01-08T09:49:45","date_gmt":"2019-01-08T08:49:45","guid":{"rendered":"http:\/\/agora.xtec.cat\/institutgranollers\/?p=2238"},"modified":"2021-01-29T14:11:47","modified_gmt":"2021-01-29T13:11:47","slug":"conversem-sobre-la-violencia-de-genere","status":"publish","type":"post","link":"https:\/\/agora.xtec.cat\/institutgranollers\/portada\/conversem-sobre-la-violencia-de-genere\/","title":{"rendered":"Conversem sobre la Viol\u00e8ncia de G\u00e8nere"},"content":{"rendered":"<p><a href=\"https:\/\/agora.xtec.cat\/institutgranollers\/wp-content\/uploads\/usu289\/2018\/12\/coman.jpg\"><img loading=\"lazy\" decoding=\"async\" class=\"wp-image-2240 alignright\" src=\"https:\/\/agora.xtec.cat\/institutgranollers\/wp-content\/uploads\/usu289\/2018\/12\/coman.jpg\" alt=\"\" width=\"270\" height=\"364\" srcset=\"https:\/\/agora.xtec.cat\/institutgranollers\/wp-content\/uploads\/usu289\/2018\/12\/coman.jpg 574w, https:\/\/agora.xtec.cat\/institutgranollers\/wp-content\/uploads\/usu289\/2018\/12\/coman-222x300.jpg 222w\" sizes=\"auto, (max-width: 270px) 100vw, 270px\" \/><\/a>El passat 25 de novembre va ser el dia Internacional Contra la Viol\u00e8ncia de G\u00e8nere.<\/p>\n<p>Des de l\u2019Institut, 5 alumnes de 4t d\u2019ESO vam organitzar una trobada amb l\u2019alumnat interessat en el tema on vam poder compartir i expressar les nostres opinions lliurement.<\/p>\n<p>En el debat tamb\u00e9 vam exposar casos reals de viol\u00e8ncia de g\u00e8nere i vam comentar-los.<\/p>\n<p>Com a alumnes pens\u00e0vem que seria una bona idea parlar de temes que ens afecten a tots i totes, per aix\u00f2 el nostre objectiu era conscienciar els nostres companys de la realitat que vivim en el nostre dia a dia.<\/p>\n<p>Ara el nostre objectiu \u00e9s seguir fent m\u00e9s activitats i trobades per aix\u00ed poder tractar diversos temes que ens interessin a tots i totes.<\/p>\n","protected":false},"excerpt":{"rendered":"<p>El passat 25 de novembre va ser el dia Internacional Contra la Viol\u00e8ncia de G\u00e8nere. Des de l\u2019Institut, 5 alumnes de 4t d\u2019ESO vam organitzar una trobada amb l\u2019alumnat interessat en el tema on vam poder compartir i expressar les nostres opinions lliurement. En el debat tamb\u00e9 vam exposar casos reals de viol\u00e8ncia de g\u00e8nere [&hellip;]<\/p>\n","protected":false},"author":1,"featured_media":2240,"comment_status":"closed","ping_status":"closed","sticky":false,"template":"","format":"standard","meta":{"_bbp_topic_count":0,"_bbp_reply_count":0,"_bbp_total_topic_count":0,"_bbp_total_reply_count":0,"_bbp_voice_count":0,"_bbp_anonymous_reply_count":0,"_bbp_topic_count_hidden":0,"_bbp_reply_count_hidden":0,"_bbp_forum_subforum_count":0,"site-sidebar-layout":"default","site-content-layout":"","ast-site-content-layout":"","site-content-style":"default","site-sidebar-style":"default","ast-global-header-display":"","ast-banner-title-visibility":"","ast-main-header-display":"","ast-hfb-above-header-display":"","ast-hfb-below-header-display":"","ast-hfb-mobile-header-display":"","site-post-title":"","ast-breadcrumbs-content":"","ast-featured-img":"","footer-sml-layout":"","theme-transparent-header-meta":"","adv-header-id-meta":"","stick-header-meta":"","header-above-stick-meta":"","header-main-stick-meta":"","header-below-stick-meta":"","astra-migrate-meta-layouts":"default","ast-page-background-enabled":"default","ast-page-background-meta":{"desktop":{"background-color":"var(--ast-global-color-4)","background-image":"","background-repeat":"repeat","background-position":"center center","background-size":"auto","background-attachment":"scroll","background-type":"","background-media":"","overlay-type":"","overlay-color":"","overlay-opacity":"","overlay-gradient":""},"tablet":{"background-color":"","background-image":"","background-repeat":"repeat","background-position":"center center","background-size":"auto","background-attachment":"scroll","background-type":"","background-media":"","overlay-type":"","overlay-color":"","overlay-opacity":"","overlay-gradient":""},"mobile":{"background-color":"","background-image":"","background-repeat":"repeat","background-position":"center center","background-size":"auto","background-attachment":"scroll","background-type":"","background-media":"","overlay-type":"","overlay-color":"","overlay-opacity":"","overlay-gradient":""}},"ast-content-background-meta":{"desktop":{"background-color":"var(--ast-global-color-5)","background-image":"","background-repeat":"repeat","background-position":"center center","background-size":"auto","background-attachment":"scroll","background-type":"","background-media":"","overlay-type":"","overlay-color":"","overlay-opacity":"","overlay-gradient":""},"tablet":{"background-color":"var(--ast-global-color-5)","background-image":"","background-repeat":"repeat","background-position":"center center","background-size":"auto","background-attachment":"scroll","background-type":"","background-media":"","overlay-type":"","overlay-color":"","overlay-opacity":"","overlay-gradient":""},"mobile":{"background-color":"var(--ast-global-color-5)","background-image":"","background-repeat":"repeat","background-position":"center center","background-size":"auto","background-attachment":"scroll","background-type":"","background-media":"","overlay-type":"","overlay-color":"","overlay-opacity":"","overlay-gradient":""}},"footnotes":""},"categories":[29],"tags":[106,114],"class_list":["post-2238","post","type-post","status-publish","format-standard","has-post-thumbnail","hentry","category-portada","tag-activitats-externes-i-xerrades","tag-convivencia"],"post_mailing_queue_ids":[],"_links":{"self":[{"href":"https:\/\/agora.xtec.cat\/institutgranollers\/wp-json\/wp\/v2\/posts\/2238","targetHints":{"allow":["GET"]}}],"collection":[{"href":"https:\/\/agora.xtec.cat\/institutgranollers\/wp-json\/wp\/v2\/posts"}],"about":[{"href":"https:\/\/agora.xtec.cat\/institutgranollers\/wp-json\/wp\/v2\/types\/post"}],"author":[{"embeddable":true,"href":"https:\/\/agora.xtec.cat\/institutgranollers\/wp-json\/wp\/v2\/users\/1"}],"replies":[{"embeddable":true,"href":"https:\/\/agora.xtec.cat\/institutgranollers\/wp-json\/wp\/v2\/comments?post=2238"}],"version-history":[{"count":1,"href":"https:\/\/agora.xtec.cat\/institutgranollers\/wp-json\/wp\/v2\/posts\/2238\/revisions"}],"predecessor-version":[{"id":2241,"href":"https:\/\/agora.xtec.cat\/institutgranollers\/wp-json\/wp\/v2\/posts\/2238\/revisions\/2241"}],"wp:featuredmedia":[{"embeddable":true,"href":"https:\/\/agora.xtec.cat\/institutgranollers\/wp-json\/wp\/v2\/media\/2240"}],"wp:attachment":[{"href":"https:\/\/agora.xtec.cat\/institutgranollers\/wp-json\/wp\/v2\/media?parent=2238"}],"wp:term":[{"taxonomy":"category","embeddable":true,"href":"https:\/\/agora.xtec.cat\/institutgranollers\/wp-json\/wp\/v2\/categories?post=2238"},{"taxonomy":"post_tag","embeddable":true,"href":"https:\/\/agora.xtec.cat\/institutgranollers\/wp-json\/wp\/v2\/tags?post=2238"}],"curies":[{"name":"wp","href":"https:\/\/api.w.org\/{rel}","templated":true}]}}