{"id":1775,"date":"2018-03-14T21:44:30","date_gmt":"2018-03-14T20:44:30","guid":{"rendered":"http:\/\/agora.xtec.cat\/institutgranollers\/?p=1775"},"modified":"2018-12-05T11:10:54","modified_gmt":"2018-12-05T10:10:54","slug":"85-docents-visiten-linstitut-en-la-jornada-per-a-professionals","status":"publish","type":"post","link":"https:\/\/agora.xtec.cat\/institutgranollers\/portada\/85-docents-visiten-linstitut-en-la-jornada-per-a-professionals\/","title":{"rendered":"85 docents visiten l&#8217;Institut en la Jornada Marta Estrada per a Professionals de l&#8217;Educaci\u00f3"},"content":{"rendered":"<p>Aquest passat dissabte 10 de mar\u00e7 al mat\u00ed l\u2019Institut Marta Estrada ha celebrat les <a href=\"http:\/\/agora.xtec.cat\/institutgranollers\/general\/jornada-marta-estrada-per-a-professionals-de-leducacio\/\" target=\"_blank\" rel=\"noopener noreferrer\">jornades formatives per a professionals de l&#8217;educaci\u00f3 &#8220;Organitzaci\u00f3 i enfocs per al treball per projectes&#8221;<\/a>\u00a0al voltant de la metodologia del treball per projectes i les estrat\u00e8gies organitzatives i did\u00e0ctiques que es desenvolupen al centre.<\/p>\n<p><a href=\"http:\/\/agora.xtec.cat\/institutgranollers\/wp-content\/uploads\/usu289\/2018\/03\/profes.jpg\"><img loading=\"lazy\" decoding=\"async\" class=\"wp-image-1777 aligncenter\" src=\"http:\/\/agora.xtec.cat\/institutgranollers\/wp-content\/uploads\/usu289\/2018\/03\/profes-1024x576.jpg\" alt=\"\" width=\"537\" height=\"302\" srcset=\"https:\/\/agora.xtec.cat\/institutgranollers\/wp-content\/uploads\/usu289\/2018\/03\/profes-1024x576.jpg 1024w, https:\/\/agora.xtec.cat\/institutgranollers\/wp-content\/uploads\/usu289\/2018\/03\/profes-300x169.jpg 300w, https:\/\/agora.xtec.cat\/institutgranollers\/wp-content\/uploads\/usu289\/2018\/03\/profes-768x432.jpg 768w, https:\/\/agora.xtec.cat\/institutgranollers\/wp-content\/uploads\/usu289\/2018\/03\/profes.jpg 1500w\" sizes=\"auto, (max-width: 537px) 100vw, 537px\" \/><\/a><\/p>\n<p>A la jornada hi han assistit 85 professors i professores de m\u00e9s de 40 centres educatius de secund\u00e0ria de la zona, i tamb\u00e9 de Tarragona i Girona. Al llarg de la jornada, en diferents sessions condu\u00efdes per professors i professores de l\u2019institut, s\u2019han descrit els enfocs pedag\u00f2gics i organitzatius del centre, en diversos blocs: l\u2019organitzaci\u00f3 de centre (horaris, assignatures), el projectes globalitzats, els projectes d\u2019\u00e0mbit STEM, els projectes d\u2019\u00e0mbit ling\u00fc\u00edstic i social i el Curr\u00edculum i avaluaci\u00f3.<\/p>\n<p><a href=\"http:\/\/agora.xtec.cat\/institutgranollers\/wp-content\/uploads\/usu289\/2018\/03\/DX6kRW3W4AEIbOZ.jpg\"><img loading=\"lazy\" decoding=\"async\" class=\"wp-image-1776 aligncenter\" src=\"http:\/\/agora.xtec.cat\/institutgranollers\/wp-content\/uploads\/usu289\/2018\/03\/DX6kRW3W4AEIbOZ-1024x768.jpg\" alt=\"\" width=\"535\" height=\"401\" srcset=\"https:\/\/agora.xtec.cat\/institutgranollers\/wp-content\/uploads\/usu289\/2018\/03\/DX6kRW3W4AEIbOZ-1024x768.jpg 1024w, https:\/\/agora.xtec.cat\/institutgranollers\/wp-content\/uploads\/usu289\/2018\/03\/DX6kRW3W4AEIbOZ-300x225.jpg 300w, https:\/\/agora.xtec.cat\/institutgranollers\/wp-content\/uploads\/usu289\/2018\/03\/DX6kRW3W4AEIbOZ-768x576.jpg 768w, https:\/\/agora.xtec.cat\/institutgranollers\/wp-content\/uploads\/usu289\/2018\/03\/DX6kRW3W4AEIbOZ-200x150.jpg 200w, https:\/\/agora.xtec.cat\/institutgranollers\/wp-content\/uploads\/usu289\/2018\/03\/DX6kRW3W4AEIbOZ.jpg 1200w\" sizes=\"auto, (max-width: 535px) 100vw, 535px\" \/><\/a><br \/>\nAssistents a la jornada n\u2019han valorat molt positivament la utilitat de les propostes per al desplegament de metodologies innovadores a les aules, la possibilitat de transfer\u00e8ncia als seus centres i el valor dels marcs proposats per a la promoci\u00f3 de l\u2019autonomia i aprenentatges rellevants en l\u2019alumnat.<\/p>\n<p>Materials i propostes usats en la jornada es poden consultar a:<\/p>\n<ul>\n<li><a href=\"https:\/\/drive.google.com\/file\/d\/1MVWtTH5cRO4-MECv2WWyH3z2rzTGn2Iz\/view?usp=sharing\" target=\"_blank\" rel=\"noopener noreferrer\">Organitzaci\u00f3 de centre<\/a><\/li>\n<li><a href=\"https:\/\/drive.google.com\/file\/d\/1_11iqIuu16hHvaFF7Yw0rbBzJNkNLnCx\/view?usp=sharing\" target=\"_blank\" rel=\"noopener noreferrer\">Assignatures i projectes<\/a><\/li>\n<li><a href=\"https:\/\/drive.google.com\/file\/d\/1bv5nWpUoDuzjVtiOrT5D3moaiCBQI4qg\/view?usp=sharing\" target=\"_blank\" rel=\"noopener noreferrer\">Projectes, Avaluaci\u00f3 i Curr\u00edculum<\/a><\/li>\n<li>Projectes d&#8217;\u00e0mbit STEM de Ci\u00e8ncies (a <a href=\"https:\/\/sites.google.com\/site\/projectantbiogeo1\/\" target=\"_blank\" rel=\"noopener noreferrer\">1erESO<\/a>, <a href=\"https:\/\/sites.google.com\/site\/projectantfisqui2\/home\" target=\"_blank\" rel=\"noopener noreferrer\">2onESO<\/a> i <a href=\"https:\/\/sites.google.com\/site\/projectantcn3\/home\" target=\"_blank\" rel=\"noopener noreferrer\">3rESO<\/a>)\u00a0 i <a href=\"https:\/\/isaacmuroxtec.github.io\/portesobertes2018\/reveal.js-master\/demo.html#\/\" target=\"_blank\" rel=\"noopener noreferrer\">Matem\u00e0tiques<\/a><\/li>\n<li>Projectes d&#8217;\u00e0mbits ling\u00fc\u00edstic i social, de <a href=\"http:\/\/3esosocials.webnode.es\" target=\"_blank\" rel=\"noopener noreferrer\">F\u00f2rum<\/a> i Llengua<\/li>\n<li><a href=\"https:\/\/drive.google.com\/file\/d\/1VE9K_T3gw8spao83iTxUyS_5sUTX8jHY\/view?usp=sharing\" target=\"_blank\" rel=\"noopener noreferrer\">Projectes Globalitzats<\/a> (+Bastides <a href=\"https:\/\/drive.google.com\/file\/d\/1juxeMRwXERXGhew59v7UL62JNu91m5fM\/view?usp=sharing\" target=\"_blank\" rel=\"noopener noreferrer\">proc\u00e9s<\/a> i <a href=\"https:\/\/drive.google.com\/file\/d\/1BJcaW1JUdnaOmvlqxlA-f8o6yXGwCtgd\/view?usp=sharing\" target=\"_blank\" rel=\"noopener noreferrer\">disseny<\/a>)<\/li>\n<\/ul>\n<p>Trobareu informaci\u00f3 detallada tamb\u00e9 a:<\/p>\n<ul>\n<li>Apartat\u00a0<a href=\"https:\/\/agora.xtec.cat\/institutgranollers\/projecte-educatiu\/publicacions-pedagogiques-del-centre\/\" target=\"_blank\" rel=\"noopener noreferrer\">Publicacions pedag\u00f2giques de la web de centre<\/a>\u00a0de la web del centre.<\/li>\n<li>Apartat <a href=\"http:\/\/agora.xtec.cat\/institutgranollers\/projecte-educatiu\/com-treballem\/\" target=\"_blank\" rel=\"noopener noreferrer\">Com Treballem<\/a> de la web del centre.<\/li>\n<\/ul>\n<p>&nbsp;<\/p>\n","protected":false},"excerpt":{"rendered":"<p>Aquest passat dissabte 10 de mar\u00e7 al mat\u00ed l\u2019Institut Marta Estrada ha celebrat les <a href=\"http:\/\/agora.xtec.cat\/institutgranollers\/general\/jornada-marta-estrada-per-a-professionals-de-leducacio\/\" target=\"_blank\" rel=\"noopener noreferrer\">jornades formatives per a professionals de l&#8217;educaci\u00f3 &#8220;Organitzaci\u00f3 i enfocs per al treball per projectes&#8221;<\/a>\u00a0al voltant de la metodologia del treball per projectes i les estrat\u00e8gies organitzatives&hellip;  <a href=\"https:\/\/agora.xtec.cat\/institutgranollers\/portada\/85-docents-visiten-linstitut-en-la-jornada-per-a-professionals\/\" title=\"Read 85 docents visiten l&#8217;Institut en la Jornada Marta Estrada per a Professionals de l&#8217;Educaci\u00f3\">Llegeix m\u00e9s\u00bb<\/a><\/p>\n","protected":false},"author":1,"featured_media":1776,"comment_status":"closed","ping_status":"closed","sticky":false,"template":"","format":"standard","meta":{"_bbp_topic_count":0,"_bbp_reply_count":0,"_bbp_total_topic_count":0,"_bbp_total_reply_count":0,"_bbp_voice_count":0,"_bbp_anonymous_reply_count":0,"_bbp_topic_count_hidden":0,"_bbp_reply_count_hidden":0,"_bbp_forum_subforum_count":0,"footnotes":""},"categories":[29],"tags":[96],"class_list":["post-1775","post","type-post","status-publish","format-standard","has-post-thumbnail","hentry","category-portada","tag-jornades"],"post_mailing_queue_ids":[],"_links":{"self":[{"href":"https:\/\/agora.xtec.cat\/institutgranollers\/wp-json\/wp\/v2\/posts\/1775","targetHints":{"allow":["GET"]}}],"collection":[{"href":"https:\/\/agora.xtec.cat\/institutgranollers\/wp-json\/wp\/v2\/posts"}],"about":[{"href":"https:\/\/agora.xtec.cat\/institutgranollers\/wp-json\/wp\/v2\/types\/post"}],"author":[{"embeddable":true,"href":"https:\/\/agora.xtec.cat\/institutgranollers\/wp-json\/wp\/v2\/users\/1"}],"replies":[{"embeddable":true,"href":"https:\/\/agora.xtec.cat\/institutgranollers\/wp-json\/wp\/v2\/comments?post=1775"}],"version-history":[{"count":3,"href":"https:\/\/agora.xtec.cat\/institutgranollers\/wp-json\/wp\/v2\/posts\/1775\/revisions"}],"predecessor-version":[{"id":1789,"href":"https:\/\/agora.xtec.cat\/institutgranollers\/wp-json\/wp\/v2\/posts\/1775\/revisions\/1789"}],"wp:featuredmedia":[{"embeddable":true,"href":"https:\/\/agora.xtec.cat\/institutgranollers\/wp-json\/wp\/v2\/media\/1776"}],"wp:attachment":[{"href":"https:\/\/agora.xtec.cat\/institutgranollers\/wp-json\/wp\/v2\/media?parent=1775"}],"wp:term":[{"taxonomy":"category","embeddable":true,"href":"https:\/\/agora.xtec.cat\/institutgranollers\/wp-json\/wp\/v2\/categories?post=1775"},{"taxonomy":"post_tag","embeddable":true,"href":"https:\/\/agora.xtec.cat\/institutgranollers\/wp-json\/wp\/v2\/tags?post=1775"}],"curies":[{"name":"wp","href":"https:\/\/api.w.org\/{rel}","templated":true}]}}