{"id":1693,"date":"2019-03-05T08:14:06","date_gmt":"2019-03-05T07:14:06","guid":{"rendered":"http:\/\/agora.xtec.cat\/institutgranollers\/?p=1693"},"modified":"2019-03-25T08:33:20","modified_gmt":"2019-03-25T07:33:20","slug":"jornada-marta-estrada-per-a-professionals-de-leducacio","status":"publish","type":"post","link":"https:\/\/agora.xtec.cat\/institutgranollers\/general\/jornada-marta-estrada-per-a-professionals-de-leducacio\/","title":{"rendered":"II Jornada Marta Estrada per a Professionals de l&#8217;Educaci\u00f3"},"content":{"rendered":"<p>Us convidem a la\u00a0 II Jornada Marta Estrada per a Professionals de l\u2019Educaci\u00f3, que tindr\u00e0 lloc el dissabte 23 de mar\u00e7 de 2019 al mat\u00ed.<\/p>\n<p style=\"padding-left: 30px;\">L\u2019Institut Marta Estrada \u00e9s un institut de Granollers de recent posada en funcionament amb orientaci\u00f3 pedag\u00f2gica al treball per projectes. Des del curs 2015-2016 l\u2019institut treballa aplicant metodologies actives, i forma part de les xarxes\u00a0<a href=\"https:\/\/institutsprojectant.wordpress.com\/\" target=\"_blank\" rel=\"noopener noreferrer\">Instituts Projectant<\/a>\u00a0i la <a href=\"http:\/\/xtec.gencat.cat\/ca\/curriculum\/xarxacb\" target=\"_blank\" rel=\"noopener noreferrer\">Xarxa de Compet\u00e8ncies B\u00e0siques<\/a>. Davant l&#8217;inter\u00e8s per con\u00e8ixer l&#8217;organitzaci\u00f3 de centre i exemples de propostes al voltant de l&#8217;ABP, el curs passat vam celebrar la <a href=\"https:\/\/agora.xtec.cat\/institutgranollers\/portada\/85-docents-visiten-linstitut-en-la-jornada-per-a-professionals\/\" target=\"_blank\" rel=\"noopener\">primera Jornada Marta Estrada per a Professionals de l&#8217;Educaci\u00f3<\/a>. Aquest curs fem una segona edici\u00f3 d&#8217;aquesta jornada.<\/p>\n<p>El <strong>dissabte 23 de mar\u00e7<\/strong> us convidem a una jornada que hem organitzat especialment per tots aquells que vulguin con\u00e8ixer com ens organitzem per a treballar, quins tipus de projectes fem i altres aspectes del funcionament del centre. Ens agradar\u00e0 que vingueu i compartir amb vosaltres el que hem apr\u00e8s i el que ens falta per saber.<\/p>\n<p><a href=\"http:\/\/agora.xtec.cat\/institutgranollers\/wp-content\/uploads\/usu289\/2017\/02\/acomp.jpg\"><img loading=\"lazy\" decoding=\"async\" class=\"alignnone wp-image-1190\" src=\"http:\/\/agora.xtec.cat\/institutgranollers\/wp-content\/uploads\/usu289\/2017\/02\/acomp.jpg\" alt=\"\" width=\"418\" height=\"236\" srcset=\"https:\/\/agora.xtec.cat\/institutgranollers\/wp-content\/uploads\/usu289\/2017\/02\/acomp.jpg 868w, https:\/\/agora.xtec.cat\/institutgranollers\/wp-content\/uploads\/usu289\/2017\/02\/acomp-300x170.jpg 300w, https:\/\/agora.xtec.cat\/institutgranollers\/wp-content\/uploads\/usu289\/2017\/02\/acomp-768x434.jpg 768w\" sizes=\"auto, (max-width: 418px) 100vw, 418px\" \/><\/a>\u00a0\u00a0<a href=\"http:\/\/agora.xtec.cat\/institutgranollers\/wp-content\/uploads\/usu289\/2017\/12\/foto3congres.jpg\"><img loading=\"lazy\" decoding=\"async\" class=\"alignnone wp-image-1598\" src=\"http:\/\/agora.xtec.cat\/institutgranollers\/wp-content\/uploads\/usu289\/2017\/12\/foto3congres.jpg\" alt=\"\" width=\"357\" height=\"237\" srcset=\"https:\/\/agora.xtec.cat\/institutgranollers\/wp-content\/uploads\/usu289\/2017\/12\/foto3congres.jpg 720w, https:\/\/agora.xtec.cat\/institutgranollers\/wp-content\/uploads\/usu289\/2017\/12\/foto3congres-300x200.jpg 300w\" sizes=\"auto, (max-width: 357px) 100vw, 357px\" \/><\/a><\/p>\n<p><strong>Programa de la jornada<\/strong><\/p>\n<ul>\n<li>9:15-9:30h. Acollida i presentaci\u00f3. Taul\u00f2 de dubtes\/propostes<\/li>\n<li>9:30-10h. Organitzaci\u00f3 de centre. Atenci\u00f3 a l&#8217;alumnat i Pla d&#8217;Autonomia. Isabel Llorente. Directora.<\/li>\n<li>10-10:30h. Les assignatures i els projectes a l&#8217;INS Marta Estrada. Curr\u00edculum i avaluaci\u00f3. Vict\u00f2ria Carri\u00f3. Coordinadora Pedag\u00f2gica.<\/li>\n<li>10:30-11:30h: Esmorzar. Taul\u00f2 de dubtes i propostes. <em>Stands<\/em> de projectes de l&#8217;alumnat.<\/li>\n<li>11:30-12:30h. Nodes tem\u00e0tics. Cada node tem\u00e0tic tindr\u00e0 una durada de 30 min.<\/li>\n<\/ul>\n<p style=\"text-align: left; padding-left: 30px;\">1) Projectes d&#8217;\u00e0rea o d&#8217;assignatura i On the way: Enric Castell\u00e0, Jordi Dom\u00e8nech<br \/>\n2) Projectes Globalitzats. Jes\u00fas Gasco, Anna Saperas, Marta Rotllan.<\/p>\n<p style=\"text-align: left;\">12:30h-13:00h.\u00a0Briefing i Taul\u00f3 de dubtes\/propostes. Comiat<\/p>\n<p style=\"text-align: left;\"><strong>INSCRIPCIONS<\/strong><\/p>\n<p style=\"text-align: left;\">Per assistir a la jornada cal haver-se inscrit al formulari (65 places m\u00e0xim), i rebreu una confirmaci\u00f3 d\u2019inscripci\u00f3.<\/p>\n<p>A la jornada hi haur\u00e0<strong> esmorzar que oferir\u00e0 l&#8217;Institut,\u00a0<\/strong>a l\u2019arribada podeu fer una<strong>\u00a0contribuci\u00f3 de 4 euros<\/strong> per ajudar a finan\u00e7ar-lo.<\/p>\n<p><span style=\"color: #ff6600;\"><strong>INSCRIPCIONS TANCADES (places completes)\u00a0<\/strong><span style=\"color: #000000;\">Si tot i aix\u00f2 hi esteu interessats\/des, podeu omplir el formulari i en cas que s&#8217;alliberin places us ho far\u00edem saber.<\/span><\/span><\/p>\n<ul>\n<li><a href=\"https:\/\/docs.google.com\/forms\/d\/e\/1FAIpQLScS8thB5Unjqn_aoQ3ZRV38Y9t2ccYcfXIGKkegXkDDYWOANw\/viewform?usp=sf_link\" target=\"_blank\" rel=\"noopener\">Acc\u00e9s al formulari d&#8217;inscripci\u00f3<\/a><\/li>\n<\/ul>\n<p>[Nota: aquesta jornada No est\u00e0 dirigida a les fam\u00edlies, tot i que hi poden assistir si ho volen. Per a les fam\u00edlies, <a href=\"https:\/\/agora.xtec.cat\/institutgranollers\/general\/jornades-de-portes-obertes\/\" target=\"_blank\" rel=\"noopener\">hi ha una altra jornada prevista, el dia 21 de mar\u00e7<\/a>]<\/p>\n<p><strong>Dades d\u2019utilitat:<\/strong><\/p>\n<p style=\"padding-left: 30px;\">On \u00e9s l\u2019institut, transport p\u00fablic i aparcament. <a href=\"http:\/\/agora.xtec.cat\/institutgranollers\/linstitut\/on-som-contacte\/\" target=\"_blank\" rel=\"noopener noreferrer\">http:\/\/agora.xtec.cat\/institutgranollers\/linstitut\/on-som-contacte\/<\/a><br \/>\nContacte\u00a0sobre l&#8217;organitzaci\u00f3 de\u00a0les jornades: Vict\u00f2ria Carri\u00f3 <a href=\"mailto:vcarrio@insmartaestrada.cat\" target=\"_blank\" rel=\"noopener\">vcarrio@insmartaestrada.cat\u00a0<\/a><br \/>\nInformacions de fons a la web del centre <a href=\"http:\/\/agora.xtec.cat\/institutgranollers\/\" target=\"_blank\" rel=\"noopener noreferrer\">http:\/\/agora.xtec.cat\/institutgranollers\/<\/a><\/p>\n<p><strong>Algunes informacions d\u2019\u00e0mbit pedag\u00f2gic:<\/strong><\/p>\n<p style=\"padding-left: 30px;\">V\u00eddeo sobre projectes a l\u2019INS Marta Estrada\u00a0<a href=\"https:\/\/youtu.be\/VcjjBTt2uHg\" target=\"_blank\" rel=\"noopener noreferrer\">https:\/\/youtu.be\/VcjjBTt2uHg<\/a><br \/>\nCom treballem <a href=\"http:\/\/agora.xtec.cat\/institutgranollers\/projecte-educatiu\/com-treballem\/\" target=\"_blank\" rel=\"noopener noreferrer\">http:\/\/agora.xtec.cat\/institutgranollers\/projecte-educatiu\/com-treballem\/<\/a><br \/>\nProjectes Singulars <a href=\"http:\/\/agora.xtec.cat\/institutgranollers\/projecte-educatiu\/projectes-singulars\/\" target=\"_blank\" rel=\"noopener noreferrer\">http:\/\/agora.xtec.cat\/institutgranollers\/projecte-educatiu\/projectes-singulars\/<\/a><\/p>\n<p>El nostre dia a dia, al Twitter del centre: @InsMartaEstrada<\/p>\n<p>Documents i presentacions que es van fer servir a la Jornada per Professionals:<\/p>\n<ul>\n<li><a href=\"https:\/\/drive.google.com\/file\/d\/1iBFSqvwBadmBXjSpOsyQkTHGtoWFrbcI\/view?usp=sharing\" target=\"_blank\" rel=\"noopener\">Organitzaci\u00f3 de centre<\/a><\/li>\n<li><a href=\"https:\/\/docs.google.com\/presentation\/d\/16LI0N4cnv0vTRxHgkc1owdULILdvaCrTjwFxPo7s-Uk\/edit?usp=sharing\" target=\"_blank\" rel=\"noopener\">Tipus de projectes a l&#8217;INS Marta Estrada.<\/a><\/li>\n<li>Projectes d&#8217;\u00e0rea i On the way<\/li>\n<li>Projectes Globalitzats: <a href=\"https:\/\/drive.google.com\/open?id=18pC2dyij1zDUUDprvO7EWzW2vZcCuca0LrVrApV-LXw\" target=\"_blank\" rel=\"noopener\">M\u00e0gia i Matem\u00e0tiques<\/a> i <a href=\"https:\/\/drive.google.com\/file\/d\/1_NIlcE_Vudo2oUiqx1_FH13d5EfEsbUG\/view?usp=sharing\" target=\"_blank\" rel=\"noopener\">Congr\u00e9s Cient\u00edfic<\/a><\/li>\n<\/ul>\n<p>M\u00e9s informaci\u00f3 a: <a href=\"https:\/\/agora.xtec.cat\/institutgranollers\/projecte-educatiu\/publicacions-pedagogiques-del-centre\/\" target=\"_blank\" rel=\"noopener\">Publicacions pedag\u00f2giques del centre<\/a><\/p>\n","protected":false},"excerpt":{"rendered":"<p>Us convidem a la\u00a0 II Jornada Marta Estrada per a Professionals de l\u2019Educaci\u00f3, que tindr\u00e0 lloc el dissabte 23 de mar\u00e7 de 2019 al mat\u00ed. L\u2019Institut Marta Estrada \u00e9s un institut de Granollers de recent posada en funcionament amb orientaci\u00f3 pedag\u00f2gica al treball per projectes. Des del curs 2015-2016 l\u2019institut treballa aplicant metodologies actives, i [&hellip;]<\/p>\n","protected":false},"author":1,"featured_media":2007,"comment_status":"closed","ping_status":"closed","sticky":false,"template":"","format":"standard","meta":{"_bbp_topic_count":0,"_bbp_reply_count":0,"_bbp_total_topic_count":0,"_bbp_total_reply_count":0,"_bbp_voice_count":0,"_bbp_anonymous_reply_count":0,"_bbp_topic_count_hidden":0,"_bbp_reply_count_hidden":0,"_bbp_forum_subforum_count":0,"site-sidebar-layout":"default","site-content-layout":"","ast-site-content-layout":"","site-content-style":"default","site-sidebar-style":"default","ast-global-header-display":"","ast-banner-title-visibility":"","ast-main-header-display":"","ast-hfb-above-header-display":"","ast-hfb-below-header-display":"","ast-hfb-mobile-header-display":"","site-post-title":"","ast-breadcrumbs-content":"","ast-featured-img":"","footer-sml-layout":"","theme-transparent-header-meta":"","adv-header-id-meta":"","stick-header-meta":"","header-above-stick-meta":"","header-main-stick-meta":"","header-below-stick-meta":"","astra-migrate-meta-layouts":"default","ast-page-background-enabled":"default","ast-page-background-meta":{"desktop":{"background-color":"var(--ast-global-color-4)","background-image":"","background-repeat":"repeat","background-position":"center center","background-size":"auto","background-attachment":"scroll","background-type":"","background-media":"","overlay-type":"","overlay-color":"","overlay-opacity":"","overlay-gradient":""},"tablet":{"background-color":"","background-image":"","background-repeat":"repeat","background-position":"center center","background-size":"auto","background-attachment":"scroll","background-type":"","background-media":"","overlay-type":"","overlay-color":"","overlay-opacity":"","overlay-gradient":""},"mobile":{"background-color":"","background-image":"","background-repeat":"repeat","background-position":"center center","background-size":"auto","background-attachment":"scroll","background-type":"","background-media":"","overlay-type":"","overlay-color":"","overlay-opacity":"","overlay-gradient":""}},"ast-content-background-meta":{"desktop":{"background-color":"var(--ast-global-color-5)","background-image":"","background-repeat":"repeat","background-position":"center center","background-size":"auto","background-attachment":"scroll","background-type":"","background-media":"","overlay-type":"","overlay-color":"","overlay-opacity":"","overlay-gradient":""},"tablet":{"background-color":"var(--ast-global-color-5)","background-image":"","background-repeat":"repeat","background-position":"center center","background-size":"auto","background-attachment":"scroll","background-type":"","background-media":"","overlay-type":"","overlay-color":"","overlay-opacity":"","overlay-gradient":""},"mobile":{"background-color":"var(--ast-global-color-5)","background-image":"","background-repeat":"repeat","background-position":"center center","background-size":"auto","background-attachment":"scroll","background-type":"","background-media":"","overlay-type":"","overlay-color":"","overlay-opacity":"","overlay-gradient":""}},"footnotes":""},"categories":[1,29],"tags":[96],"class_list":["post-1693","post","type-post","status-publish","format-standard","has-post-thumbnail","hentry","category-general","category-portada","tag-jornades"],"post_mailing_queue_ids":[],"_links":{"self":[{"href":"https:\/\/agora.xtec.cat\/institutgranollers\/wp-json\/wp\/v2\/posts\/1693","targetHints":{"allow":["GET"]}}],"collection":[{"href":"https:\/\/agora.xtec.cat\/institutgranollers\/wp-json\/wp\/v2\/posts"}],"about":[{"href":"https:\/\/agora.xtec.cat\/institutgranollers\/wp-json\/wp\/v2\/types\/post"}],"author":[{"embeddable":true,"href":"https:\/\/agora.xtec.cat\/institutgranollers\/wp-json\/wp\/v2\/users\/1"}],"replies":[{"embeddable":true,"href":"https:\/\/agora.xtec.cat\/institutgranollers\/wp-json\/wp\/v2\/comments?post=1693"}],"version-history":[{"count":3,"href":"https:\/\/agora.xtec.cat\/institutgranollers\/wp-json\/wp\/v2\/posts\/1693\/revisions"}],"predecessor-version":[{"id":1703,"href":"https:\/\/agora.xtec.cat\/institutgranollers\/wp-json\/wp\/v2\/posts\/1693\/revisions\/1703"}],"wp:featuredmedia":[{"embeddable":true,"href":"https:\/\/agora.xtec.cat\/institutgranollers\/wp-json\/wp\/v2\/media\/2007"}],"wp:attachment":[{"href":"https:\/\/agora.xtec.cat\/institutgranollers\/wp-json\/wp\/v2\/media?parent=1693"}],"wp:term":[{"taxonomy":"category","embeddable":true,"href":"https:\/\/agora.xtec.cat\/institutgranollers\/wp-json\/wp\/v2\/categories?post=1693"},{"taxonomy":"post_tag","embeddable":true,"href":"https:\/\/agora.xtec.cat\/institutgranollers\/wp-json\/wp\/v2\/tags?post=1693"}],"curies":[{"name":"wp","href":"https:\/\/api.w.org\/{rel}","templated":true}]}}