{"id":1041,"date":"2016-02-21T16:10:39","date_gmt":"2016-02-21T15:10:39","guid":{"rendered":"http:\/\/agora.xtec.cat\/institutgranollers\/?p=1041"},"modified":"2018-04-06T19:15:25","modified_gmt":"2018-04-06T17:15:25","slug":"pre-inscripcio-i-matricula","status":"publish","type":"post","link":"https:\/\/agora.xtec.cat\/institutgranollers\/secretaria\/pre-inscripcio-i-matricula\/","title":{"rendered":"Pre-inscripci\u00f3 i Matr\u00edcula 2018-2019"},"content":{"rendered":"<p><strong>Termini i horaris<\/strong>: <strong>del 13 al 24 d&#8217;abril<\/strong>.<\/p>\n<p>A l&#8217;institut Marta Estrada:<strong><u><br \/>\n<\/u><\/strong><\/p>\n<p style=\"padding-left: 30px;\">Dilluns, dimarts, dijous i divendres: de 9:00h a 12:00h<br \/>\nDimecres: d&#8217;11:00h a 14:30h<\/p>\n<p>A l&#8217;Oficina Municipal d&#8217;Escolaritzaci\u00f3 (OME):<\/p>\n<p style=\"padding-left: 30px;\">C\/ Jaume Camp i Lloreda, 1 (Edifici de Can Puntes)<br \/>\n08401 Granollers<br \/>\nTelf. 93 842 6848<\/p>\n<p><strong>Presentaci\u00f3 de Sol\u00b7licituds<\/strong>: El formulari de sol\u00b7licitud i<strong> la documentaci\u00f3 s&#8217;ha de presentar en el centre demanat en primer lloc; tamb\u00e9 es pot presentar a l&#8217;oficina municipal d\u2019escolaritzaci\u00f3 de Granollers (OME)<\/strong>. <strong>El codi de centre de l&#8217;Institut Marta Estrada \u00e9s 08074801.<\/strong><\/p>\n<p style=\"padding-left: 30px;\">El formulari de sol\u00b7licitud es pot descarregar o complimentar on-line (i imprimir-lo per portar-lo al centre escollit en primera opci\u00f3, juntament amb la documentaci\u00f3) a l&#8217;adre\u00e7a web: <a href=\"http:\/\/queestudiar.gencat.cat\/ca\/preinscripcio\/estudis\/obligatoris\/\" target=\"_blank\" rel=\"noopener noreferrer\">http:\/\/queestudiar.gencat.cat\/ca\/preinscripcio\/estudis\/obligatoris\/<\/a><br \/>\nEn emplenar el formulari trobareu un espai que cal omplir amb l&#8217;identificador de l&#8217;alumne o alumna, \u00e9s una dada obligat\u00f2ria que han de facilitar els centres on estan escolaritzats actualment.<br \/>\nEl formulari de sol\u00b7licitud s&#8217;ha de presentar, en tots els casos, acompanyat dels documents seg\u00fcents:<\/p>\n<ul style=\"list-style-type: square;\">\n<li style=\"padding-left: 60px;\">Original i fotoc\u00f2pia del llibre de fam\u00edlia o altres documents relatius a la filiaci\u00f3. Si l&#8217;alumne o alumna est\u00e0 en situaci\u00f3 d&#8217;acolliment, la resoluci\u00f3 d&#8217;acolliment del Departament de Treball, Afers Socials i Fam\u00edlies.<\/li>\n<li style=\"padding-left: 60px;\">Original i fotoc\u00f2pia del DNI de la persona sol\u00b7licitant (pare, mare, tutor o tutora o guardador o guardadora de fet) o, si el sol\u00b7licitant \u00e9s estranger, de la targeta de resid\u00e8ncia on consta el NIE o el passaport. Si es tracta d&#8217;estrangers comunitaris, document d&#8217;identitat del pa\u00eds d&#8217;origen.<\/li>\n<li style=\"padding-left: 60px;\">Original i fotoc\u00f2pia del DNI de l\u2019alumne o alumna major de 14 anys o si t\u00e9 DNI tot i ser menor de 14 anys. De forma extraordin\u00e0ria, les dades d&#8217;identificaci\u00f3 o de filiaci\u00f3 dels alumnes estrangers tamb\u00e9 es poden acreditar amb el document d&#8217;identitat, el llibre de fam\u00edlia del pa\u00eds d&#8217;origen o la documentaci\u00f3 alternativa que la persona pugui aportar.<\/li>\n<li style=\"padding-left: 60px;\">Les persones que a la sol\u00b7licitud han al\u00b7legat el compliment d&#8217;un o m\u00e9s criteris de prioritat han de presentar la documentaci\u00f3 que els acredita.<\/li>\n<\/ul>\n<p><strong>Documents per ampliar informaci\u00f3<\/strong>:<\/p>\n<ul>\n<li><a href=\"http:\/\/agora.xtec.cat\/institutgranollers\/wp-content\/uploads\/usu289\/2016\/02\/CALENDARI.pdf\">CALENDARI<\/a><\/li>\n<li><a href=\"http:\/\/agora.xtec.cat\/institutgranollers\/wp-content\/uploads\/usu289\/2016\/02\/PRESENTACI\u00d3-DE-LA-SOL\u00b7LICITUD.pdf\">PRESENTACI\u00d3 DE LA SOL\u00b7LICITUD<\/a><\/li>\n<li><a href=\"http:\/\/agora.xtec.cat\/institutgranollers\/wp-content\/uploads\/usu289\/2016\/02\/DOCUMENTACI\u00d3-I-CRITERIS-DE-PRIORITAT.pdf\">DOCUMENTACI\u00d3 I CRITERIS DE PRIORITAT<\/a><\/li>\n<\/ul>\n<p>M\u00e9s informaci\u00f3 a: <a href=\"http:\/\/queestudiar.gencat.cat\/ca\/preinscripcio\/info-general\/\" target=\"_blank\" rel=\"noopener noreferrer\">http:\/\/queestudiar.gencat.cat\/ca\/preinscripcio\/info-general\/<\/a><\/p>\n<p>===========================================================<\/p>\n<p>La preinscripci\u00f3 \u00e9s el tr\u00e0mit que cal fer per ser adm\u00e8s per primera vegada en un centre sostingut amb fons p\u00fablics, i tamb\u00e9 quan es vol canviar de centre. Per a tenir informaci\u00f3 sobre l&#8217;institut, podeu consultar els apartats <a href=\"http:\/\/agora.xtec.cat\/institutgranollers\/projecte-educatiu\/com-treballem\/\" target=\"_blank\" rel=\"noopener noreferrer\">Com Treballem<\/a> i\u00a0els enlla\u00e7os proposats a la <a href=\"http:\/\/agora.xtec.cat\/institutgranollers\/general\/portes-obertes-per-a-families-2018\/\" target=\"_blank\" rel=\"noopener noreferrer\">Jornada de Portes Obertes celebrada el 9 de Mar\u00e7 passat<\/a>.<\/p>\n<p>&nbsp;<\/p>\n","protected":false},"excerpt":{"rendered":"<p>Termini i horaris: del 13 al 24 d&#8217;abril.<br \/>\nA l&#8217;institut Marta Estrada:<\/p>\n<p>Dilluns, dimarts, dijous i divendres: de 9:00h a 12:00h<br \/>\nDimecres: d&#8217;11:00h a 14:30h<br \/>\nA l&#8217;Oficina Municipal d&#8217;Escolaritzaci\u00f3 (OME):<br \/>\nC\/ Jaume Camp i Lloreda, 1 (Edifici de Can Puntes)<br \/>\n08401 Granollers<br \/>\nTelf. 93 842 6848<br \/>\nPresentaci\u00f3 de Sol\u00b7licituds: El formulari de sol\u00b7licitud&hellip;  <a href=\"https:\/\/agora.xtec.cat\/institutgranollers\/secretaria\/pre-inscripcio-i-matricula\/\" title=\"Read Pre-inscripci\u00f3 i Matr\u00edcula 2018-2019\">Llegeix m\u00e9s\u00bb<\/a><\/p>\n","protected":false},"author":1,"featured_media":1827,"comment_status":"closed","ping_status":"closed","sticky":false,"template":"","format":"standard","meta":{"_bbp_topic_count":0,"_bbp_reply_count":0,"_bbp_total_topic_count":0,"_bbp_total_reply_count":0,"_bbp_voice_count":0,"_bbp_anonymous_reply_count":0,"_bbp_topic_count_hidden":0,"_bbp_reply_count_hidden":0,"_bbp_forum_subforum_count":0,"footnotes":""},"categories":[84],"tags":[],"class_list":["post-1041","post","type-post","status-publish","format-standard","has-post-thumbnail","hentry","category-secretaria"],"post_mailing_queue_ids":[],"_links":{"self":[{"href":"https:\/\/agora.xtec.cat\/institutgranollers\/wp-json\/wp\/v2\/posts\/1041","targetHints":{"allow":["GET"]}}],"collection":[{"href":"https:\/\/agora.xtec.cat\/institutgranollers\/wp-json\/wp\/v2\/posts"}],"about":[{"href":"https:\/\/agora.xtec.cat\/institutgranollers\/wp-json\/wp\/v2\/types\/post"}],"author":[{"embeddable":true,"href":"https:\/\/agora.xtec.cat\/institutgranollers\/wp-json\/wp\/v2\/users\/1"}],"replies":[{"embeddable":true,"href":"https:\/\/agora.xtec.cat\/institutgranollers\/wp-json\/wp\/v2\/comments?post=1041"}],"version-history":[{"count":4,"href":"https:\/\/agora.xtec.cat\/institutgranollers\/wp-json\/wp\/v2\/posts\/1041\/revisions"}],"predecessor-version":[{"id":1834,"href":"https:\/\/agora.xtec.cat\/institutgranollers\/wp-json\/wp\/v2\/posts\/1041\/revisions\/1834"}],"wp:featuredmedia":[{"embeddable":true,"href":"https:\/\/agora.xtec.cat\/institutgranollers\/wp-json\/wp\/v2\/media\/1827"}],"wp:attachment":[{"href":"https:\/\/agora.xtec.cat\/institutgranollers\/wp-json\/wp\/v2\/media?parent=1041"}],"wp:term":[{"taxonomy":"category","embeddable":true,"href":"https:\/\/agora.xtec.cat\/institutgranollers\/wp-json\/wp\/v2\/categories?post=1041"},{"taxonomy":"post_tag","embeddable":true,"href":"https:\/\/agora.xtec.cat\/institutgranollers\/wp-json\/wp\/v2\/tags?post=1041"}],"curies":[{"name":"wp","href":"https:\/\/api.w.org\/{rel}","templated":true}]}}