{"id":965,"date":"2020-01-09T18:47:10","date_gmt":"2020-01-09T17:47:10","guid":{"rendered":"https:\/\/agora.xtec.cat\/institutescolapallaresa\/?p=965"},"modified":"2022-02-08T15:42:10","modified_gmt":"2022-02-08T14:42:10","slug":"preinscripcio-curs-2020-2021","status":"publish","type":"post","link":"https:\/\/agora.xtec.cat\/institutescolapallaresa\/general\/preinscripcio-curs-2020-2021\/","title":{"rendered":"Preinscripci\u00f3 curs 2020\/2021"},"content":{"rendered":"<div class=\"FW_sArticleFoto\">\n<div class=\"FW_sEditPro\">\n<p><strong>Previsi\u00f3 de les dates del proc\u00e9s de preinscripci\u00f3 que estableix el Departament d&#8217;Educaci\u00f3 per al curs escolar 2020-2021.<\/strong><\/p>\n<\/div>\n<\/div>\n<div class=\"FW_clear FW_hrBlanc\"><\/div>\n<p>&nbsp;<\/p>\n<div class=\"FW_sTitolFons\"><\/div>\n<div class=\"FW_sPregunta FW_sImpacte\">\n<h4 id=\"FW_bloc_4d79907d-0439-11e9-85b2-005056924a59_1\" class=\"FW_ancora\">Presentaci\u00f3 de sol\u00b7licituds de preinscripci\u00f3<\/h4>\n<div class=\"FW_sArticleFoto\">\n<div class=\"FW_sEditPro\">\n<ul>\n<li>Educaci\u00f3 infantil de segon cicle, educaci\u00f3 prim\u00e0ria i educaci\u00f3 secund\u00e0ria obligat\u00f2ria<br \/>\n<strong><strong>del 23 de mar\u00e7 a l&#8217;1 d&#8217;abril de 2020<\/strong><\/strong><\/li>\n<li>Batxillerat i cicles de grau mitj\u00e0 de formaci\u00f3 professional, i d&#8217;arts pl\u00e0stiques i disseny<br \/>\n<strong><strong>primera quinzena de maig de 2020<\/strong><\/strong><\/li>\n<li>Cicles de grau superior de formaci\u00f3 professional, i d&#8217;arts pl\u00e0stiques i disseny<br \/>\n<strong>segona quinzena de maig de 2020<\/strong><\/li>\n<\/ul>\n<p>&nbsp;<\/p>\n<\/div>\n<\/div>\n<div class=\"FW_clear FW_hrBlanc\"><\/div>\n<\/div>\n<div class=\"FW_sTitolFons\"><\/div>\n<div class=\"FW_sPregunta FW_sImpacte\">\n<h4 id=\"FW_bloc_4d79907d-0439-11e9-85b2-005056924a59_2\" class=\"FW_ancora\">Matr\u00edcula<\/h4>\n<div class=\"FW_sArticleFoto\">\n<div class=\"FW_sEditPro\">\n<ul>\n<li>Educaci\u00f3 infantil de segon cicle, educaci\u00f3 prim\u00e0ria i 1r curs d&#8217;educaci\u00f3 secund\u00e0ria obligat\u00f2ria<br \/>\n<strong><strong>del 16 al 22 de juny de 2020<\/strong><\/strong><\/li>\n<li>2n curs d&#8217;educaci\u00f3 secund\u00e0ria obligat\u00f2ria<strong><br \/>\ndel 29 de juny al 3 de juliol de 2020<\/strong><\/li>\n<\/ul>\n<p><strong><a href=\"https:\/\/agora.xtec.cat\/institutescolapallaresa\/wp-content\/uploads\/usu2058\/2020\/01\/preinscripcio-escolar-redim-w450-h450.jpg\"><img loading=\"lazy\" decoding=\"async\" class=\"size-full wp-image-967 aligncenter\" src=\"https:\/\/agora.xtec.cat\/institutescolapallaresa\/wp-content\/uploads\/usu2058\/2020\/01\/preinscripcio-escolar-redim-w450-h450.jpg\" alt=\"\" width=\"434\" height=\"239\" srcset=\"https:\/\/agora.xtec.cat\/institutescolapallaresa\/wp-content\/uploads\/usu2058\/2020\/01\/preinscripcio-escolar-redim-w450-h450.jpg 434w, https:\/\/agora.xtec.cat\/institutescolapallaresa\/wp-content\/uploads\/usu2058\/2020\/01\/preinscripcio-escolar-redim-w450-h450-300x165.jpg 300w\" sizes=\"auto, (max-width: 434px) 100vw, 434px\" \/><\/a><\/strong><\/p>\n<\/div>\n<\/div>\n<\/div>\n","protected":false},"excerpt":{"rendered":"<p>Previsi\u00f3 de les dates del proc\u00e9s de preinscripci\u00f3 que estableix el Departament d&#8217;Educaci\u00f3 per al curs escolar 2020-2021. &nbsp; Presentaci\u00f3 de sol\u00b7licituds de preinscripci\u00f3 Educaci\u00f3 infantil de segon cicle, educaci\u00f3 prim\u00e0ria i educaci\u00f3 secund\u00e0ria obligat\u00f2ria del 23 de mar\u00e7 a l&#8217;1 d&#8217;abril de 2020 Batxillerat i cicles de grau mitj\u00e0 de formaci\u00f3 professional, i d&#8217;arts [&hellip;]<\/p>\n","protected":false},"author":1,"featured_media":0,"comment_status":"open","ping_status":"closed","sticky":false,"template":"","format":"standard","meta":{"_bbp_topic_count":0,"_bbp_reply_count":0,"_bbp_total_topic_count":0,"_bbp_total_reply_count":0,"_bbp_voice_count":0,"_bbp_anonymous_reply_count":0,"_bbp_topic_count_hidden":0,"_bbp_reply_count_hidden":0,"_bbp_forum_subforum_count":0,"site-sidebar-layout":"default","site-content-layout":"","ast-site-content-layout":"","site-content-style":"default","site-sidebar-style":"default","ast-global-header-display":"","ast-banner-title-visibility":"","ast-main-header-display":"","ast-hfb-above-header-display":"","ast-hfb-below-header-display":"","ast-hfb-mobile-header-display":"","site-post-title":"","ast-breadcrumbs-content":"","ast-featured-img":"","footer-sml-layout":"","theme-transparent-header-meta":"","adv-header-id-meta":"","stick-header-meta":"","header-above-stick-meta":"","header-main-stick-meta":"","header-below-stick-meta":"","astra-migrate-meta-layouts":"default","ast-page-background-enabled":"default","ast-page-background-meta":{"desktop":{"background-color":"var(--ast-global-color-4)","background-image":"","background-repeat":"repeat","background-position":"center center","background-size":"auto","background-attachment":"scroll","background-type":"","background-media":"","overlay-type":"","overlay-color":"","overlay-opacity":"","overlay-gradient":""},"tablet":{"background-color":"","background-image":"","background-repeat":"repeat","background-position":"center center","background-size":"auto","background-attachment":"scroll","background-type":"","background-media":"","overlay-type":"","overlay-color":"","overlay-opacity":"","overlay-gradient":""},"mobile":{"background-color":"","background-image":"","background-repeat":"repeat","background-position":"center center","background-size":"auto","background-attachment":"scroll","background-type":"","background-media":"","overlay-type":"","overlay-color":"","overlay-opacity":"","overlay-gradient":""}},"ast-content-background-meta":{"desktop":{"background-color":"var(--ast-global-color-5)","background-image":"","background-repeat":"repeat","background-position":"center center","background-size":"auto","background-attachment":"scroll","background-type":"","background-media":"","overlay-type":"","overlay-color":"","overlay-opacity":"","overlay-gradient":""},"tablet":{"background-color":"var(--ast-global-color-5)","background-image":"","background-repeat":"repeat","background-position":"center center","background-size":"auto","background-attachment":"scroll","background-type":"","background-media":"","overlay-type":"","overlay-color":"","overlay-opacity":"","overlay-gradient":""},"mobile":{"background-color":"var(--ast-global-color-5)","background-image":"","background-repeat":"repeat","background-position":"center center","background-size":"auto","background-attachment":"scroll","background-type":"","background-media":"","overlay-type":"","overlay-color":"","overlay-opacity":"","overlay-gradient":""}},"footnotes":""},"categories":[1,4],"tags":[],"class_list":["post-965","post","type-post","status-publish","format-standard","hentry","category-general","category-portada"],"post_mailing_queue_ids":[],"_links":{"self":[{"href":"https:\/\/agora.xtec.cat\/institutescolapallaresa\/wp-json\/wp\/v2\/posts\/965","targetHints":{"allow":["GET"]}}],"collection":[{"href":"https:\/\/agora.xtec.cat\/institutescolapallaresa\/wp-json\/wp\/v2\/posts"}],"about":[{"href":"https:\/\/agora.xtec.cat\/institutescolapallaresa\/wp-json\/wp\/v2\/types\/post"}],"author":[{"embeddable":true,"href":"https:\/\/agora.xtec.cat\/institutescolapallaresa\/wp-json\/wp\/v2\/users\/1"}],"replies":[{"embeddable":true,"href":"https:\/\/agora.xtec.cat\/institutescolapallaresa\/wp-json\/wp\/v2\/comments?post=965"}],"version-history":[{"count":3,"href":"https:\/\/agora.xtec.cat\/institutescolapallaresa\/wp-json\/wp\/v2\/posts\/965\/revisions"}],"predecessor-version":[{"id":969,"href":"https:\/\/agora.xtec.cat\/institutescolapallaresa\/wp-json\/wp\/v2\/posts\/965\/revisions\/969"}],"wp:attachment":[{"href":"https:\/\/agora.xtec.cat\/institutescolapallaresa\/wp-json\/wp\/v2\/media?parent=965"}],"wp:term":[{"taxonomy":"category","embeddable":true,"href":"https:\/\/agora.xtec.cat\/institutescolapallaresa\/wp-json\/wp\/v2\/categories?post=965"},{"taxonomy":"post_tag","embeddable":true,"href":"https:\/\/agora.xtec.cat\/institutescolapallaresa\/wp-json\/wp\/v2\/tags?post=965"}],"curies":[{"name":"wp","href":"https:\/\/api.w.org\/{rel}","templated":true}]}}