{"id":3249,"date":"2026-04-21T11:54:11","date_gmt":"2026-04-21T09:54:11","guid":{"rendered":"https:\/\/agora.xtec.cat\/institutescolapallaresa\/?p=3249"},"modified":"2026-04-21T11:54:11","modified_gmt":"2026-04-21T09:54:11","slug":"lescriptor-rodolfo-del-hoyo-ens-visita","status":"publish","type":"post","link":"https:\/\/agora.xtec.cat\/institutescolapallaresa\/general\/lescriptor-rodolfo-del-hoyo-ens-visita\/","title":{"rendered":"L\u2019escriptor Rodolfo del Hoyo ens visita"},"content":{"rendered":"<p>El passat 19 de mar\u00e7 els nostres alumnes de 1r d\u2019ESO van poder conversar amb Rodolfo del Hoyo, escriptor colomenc, autor de la novel\u00b7la <em>El sembrador d\u2019estrelles<\/em>, un llibre que hem treballat a l\u2019assignatura de projectes.<\/p>\n<p>La visita va ser possible gr\u00e0cies al programa de foment de la lectura Lletres a les aules, que \u00e9s una iniciativa de la Instituci\u00f3 de les Lletres Catalanes.<\/p>\n<p>Els nostres alumnes no nom\u00e9s n\u2019hav\u00edem fet la lectura, sin\u00f3 que l\u2019havien treballada, analitzada i reinterpretada des de diferents punts de vista. Aquesta trobada va ser, en certa manera, el punt final d\u2019aquest recorregut.<\/p>\n<p>La trobada va servir per con\u00e8ixer millor l\u2019autor del llibre i el llibre. Vam poder descobrir com neix i com creix una hist\u00f2ria com aquesta i vam aprofundir en els temes que el llibre planteja: abs\u00e8ncia, dol, superaci\u00f3&#8230;<\/p>\n<p>Tamb\u00e9 va ser una oportunitat per compartir les nostres pr\u00f2pies reflexions com a lectors. Perqu\u00e8 llegir no \u00e9s nom\u00e9s passar p\u00e0gines, sin\u00f3 dialogar, q\u00fcestionar i deixar-se transformar com a persones i com a lectors.<\/p>\n<p>Els nostres alumnes estaven il\u00b7lusionats. Vist l\u2019\u00e8xit de la iniciativa esperem repetir-la l\u2019any vinent.<\/p>\n<p><a href=\"https:\/\/agora.xtec.cat\/institutescolapallaresa\/wp-content\/uploads\/usu2058\/2026\/04\/IMG_2347-rotated.jpeg\"><img loading=\"lazy\" decoding=\"async\" class=\"alignnone size-full wp-image-3252\" src=\"https:\/\/agora.xtec.cat\/institutescolapallaresa\/wp-content\/uploads\/usu2058\/2026\/04\/IMG_2347-rotated.jpeg\" alt=\"\" width=\"640\" height=\"480\" srcset=\"https:\/\/agora.xtec.cat\/institutescolapallaresa\/wp-content\/uploads\/usu2058\/2026\/04\/IMG_2347-rotated.jpeg 640w, https:\/\/agora.xtec.cat\/institutescolapallaresa\/wp-content\/uploads\/usu2058\/2026\/04\/IMG_2347-300x225.jpeg 300w\" sizes=\"auto, (max-width: 640px) 100vw, 640px\" \/><\/a> <a href=\"https:\/\/agora.xtec.cat\/institutescolapallaresa\/wp-content\/uploads\/usu2058\/2026\/04\/IMG_2349-rotated.jpeg\"><img loading=\"lazy\" decoding=\"async\" class=\"alignnone size-full wp-image-3251\" src=\"https:\/\/agora.xtec.cat\/institutescolapallaresa\/wp-content\/uploads\/usu2058\/2026\/04\/IMG_2349-rotated.jpeg\" alt=\"\" width=\"640\" height=\"480\" srcset=\"https:\/\/agora.xtec.cat\/institutescolapallaresa\/wp-content\/uploads\/usu2058\/2026\/04\/IMG_2349-rotated.jpeg 640w, https:\/\/agora.xtec.cat\/institutescolapallaresa\/wp-content\/uploads\/usu2058\/2026\/04\/IMG_2349-300x225.jpeg 300w\" sizes=\"auto, (max-width: 640px) 100vw, 640px\" \/><\/a> <a href=\"https:\/\/agora.xtec.cat\/institutescolapallaresa\/wp-content\/uploads\/usu2058\/2026\/04\/IMG_2348-rotated.jpeg\"><img loading=\"lazy\" decoding=\"async\" class=\"alignnone size-full wp-image-3250\" src=\"https:\/\/agora.xtec.cat\/institutescolapallaresa\/wp-content\/uploads\/usu2058\/2026\/04\/IMG_2348-rotated.jpeg\" alt=\"\" width=\"640\" height=\"480\" srcset=\"https:\/\/agora.xtec.cat\/institutescolapallaresa\/wp-content\/uploads\/usu2058\/2026\/04\/IMG_2348-rotated.jpeg 640w, https:\/\/agora.xtec.cat\/institutescolapallaresa\/wp-content\/uploads\/usu2058\/2026\/04\/IMG_2348-300x225.jpeg 300w\" sizes=\"auto, (max-width: 640px) 100vw, 640px\" \/><\/a><\/p>\n","protected":false},"excerpt":{"rendered":"<p>El passat 19 de mar\u00e7 els nostres alumnes de 1r d\u2019ESO van poder conversar amb Rodolfo del Hoyo, escriptor colomenc, autor de la novel\u00b7la El sembrador d\u2019estrelles, un llibre que hem treballat a l\u2019assignatura de projectes. La visita va ser possible gr\u00e0cies al programa de foment de la lectura Lletres a les aules, que \u00e9s [&hellip;]<\/p>\n","protected":false},"author":23,"featured_media":0,"comment_status":"open","ping_status":"open","sticky":false,"template":"","format":"standard","meta":{"_bbp_topic_count":0,"_bbp_reply_count":0,"_bbp_total_topic_count":0,"_bbp_total_reply_count":0,"_bbp_voice_count":0,"_bbp_anonymous_reply_count":0,"_bbp_topic_count_hidden":0,"_bbp_reply_count_hidden":0,"_bbp_forum_subforum_count":0,"site-sidebar-layout":"default","site-content-layout":"","ast-site-content-layout":"default","site-content-style":"default","site-sidebar-style":"default","ast-global-header-display":"","ast-banner-title-visibility":"","ast-main-header-display":"","ast-hfb-above-header-display":"","ast-hfb-below-header-display":"","ast-hfb-mobile-header-display":"","site-post-title":"","ast-breadcrumbs-content":"","ast-featured-img":"","footer-sml-layout":"","theme-transparent-header-meta":"default","adv-header-id-meta":"","stick-header-meta":"","header-above-stick-meta":"","header-main-stick-meta":"","header-below-stick-meta":"","astra-migrate-meta-layouts":"set","ast-page-background-enabled":"default","ast-page-background-meta":{"desktop":{"background-color":"var(--ast-global-color-4)","background-image":"","background-repeat":"repeat","background-position":"center center","background-size":"auto","background-attachment":"scroll","background-type":"","background-media":"","overlay-type":"","overlay-color":"","overlay-opacity":"","overlay-gradient":""},"tablet":{"background-color":"","background-image":"","background-repeat":"repeat","background-position":"center center","background-size":"auto","background-attachment":"scroll","background-type":"","background-media":"","overlay-type":"","overlay-color":"","overlay-opacity":"","overlay-gradient":""},"mobile":{"background-color":"","background-image":"","background-repeat":"repeat","background-position":"center center","background-size":"auto","background-attachment":"scroll","background-type":"","background-media":"","overlay-type":"","overlay-color":"","overlay-opacity":"","overlay-gradient":""}},"ast-content-background-meta":{"desktop":{"background-color":"var(--ast-global-color-5)","background-image":"","background-repeat":"repeat","background-position":"center center","background-size":"auto","background-attachment":"scroll","background-type":"","background-media":"","overlay-type":"","overlay-color":"","overlay-opacity":"","overlay-gradient":""},"tablet":{"background-color":"var(--ast-global-color-5)","background-image":"","background-repeat":"repeat","background-position":"center center","background-size":"auto","background-attachment":"scroll","background-type":"","background-media":"","overlay-type":"","overlay-color":"","overlay-opacity":"","overlay-gradient":""},"mobile":{"background-color":"var(--ast-global-color-5)","background-image":"","background-repeat":"repeat","background-position":"center center","background-size":"auto","background-attachment":"scroll","background-type":"","background-media":"","overlay-type":"","overlay-color":"","overlay-opacity":"","overlay-gradient":""}},"footnotes":""},"categories":[66,63,1,4],"tags":[],"class_list":["post-3249","post","type-post","status-publish","format-standard","hentry","category-1r-eso","category-eso","category-general","category-portada"],"post_mailing_queue_ids":[],"_links":{"self":[{"href":"https:\/\/agora.xtec.cat\/institutescolapallaresa\/wp-json\/wp\/v2\/posts\/3249","targetHints":{"allow":["GET"]}}],"collection":[{"href":"https:\/\/agora.xtec.cat\/institutescolapallaresa\/wp-json\/wp\/v2\/posts"}],"about":[{"href":"https:\/\/agora.xtec.cat\/institutescolapallaresa\/wp-json\/wp\/v2\/types\/post"}],"author":[{"embeddable":true,"href":"https:\/\/agora.xtec.cat\/institutescolapallaresa\/wp-json\/wp\/v2\/users\/23"}],"replies":[{"embeddable":true,"href":"https:\/\/agora.xtec.cat\/institutescolapallaresa\/wp-json\/wp\/v2\/comments?post=3249"}],"version-history":[{"count":1,"href":"https:\/\/agora.xtec.cat\/institutescolapallaresa\/wp-json\/wp\/v2\/posts\/3249\/revisions"}],"predecessor-version":[{"id":3253,"href":"https:\/\/agora.xtec.cat\/institutescolapallaresa\/wp-json\/wp\/v2\/posts\/3249\/revisions\/3253"}],"wp:attachment":[{"href":"https:\/\/agora.xtec.cat\/institutescolapallaresa\/wp-json\/wp\/v2\/media?parent=3249"}],"wp:term":[{"taxonomy":"category","embeddable":true,"href":"https:\/\/agora.xtec.cat\/institutescolapallaresa\/wp-json\/wp\/v2\/categories?post=3249"},{"taxonomy":"post_tag","embeddable":true,"href":"https:\/\/agora.xtec.cat\/institutescolapallaresa\/wp-json\/wp\/v2\/tags?post=3249"}],"curies":[{"name":"wp","href":"https:\/\/api.w.org\/{rel}","templated":true}]}}