{"id":3212,"date":"2025-11-04T11:45:09","date_gmt":"2025-11-04T10:45:09","guid":{"rendered":"https:\/\/agora.xtec.cat\/institutescolapallaresa\/?p=3212"},"modified":"2025-11-07T09:38:35","modified_gmt":"2025-11-07T08:38:35","slug":"eleccions-al-consell-escolar","status":"publish","type":"post","link":"https:\/\/agora.xtec.cat\/institutescolapallaresa\/portada\/eleccions-al-consell-escolar\/","title":{"rendered":"Eleccions al Consell Escolar"},"content":{"rendered":"<p>El <strong>dijous 19 de novembre<\/strong> es convoquen eleccions al Consell Escolar per renovar part dels representants electes.<\/p>\n<p>Aquest any caldr\u00e0 elegir <strong>2 persones<\/strong> per representar els pares i mares del centre.<\/p>\n<ul>\n<li><strong>Qui pot ser candidat o candidata?<\/strong> Els pares i mares o els\/les tutors\/es d&#8217;alumnes del centre que figurin al cens.<\/li>\n<li><strong>Qu\u00e8 fer per ser candidat o candidata?<\/strong> Omplir el full enviat per correu electr\u00f2nic i lliurar-ho a secretaria, juntament amb una fotografia. <strong>L&#8217;\u00faltim dia per a presentar candidatura \u00e9s el <span style=\"text-decoration: underline;\">dimecres 12 de novembre<\/span><\/strong>.<\/li>\n<li><strong>Qui pot votar?<\/strong> Tots\/es els\/les censats\/des tenen dret a vot. Les votacions s\u00f3n personals, directes i secretes (no s&#8217;admetr\u00e0 la delegaci\u00f3 del vot ni el vot per correu). S&#8217;ha de presentar el DNI o similar. El cens electoral est\u00e0 publicat al tauler d&#8217;anuncis del centre. La Mesa Electoral est\u00e0 formada pel director i dos pares o dues mares designats\/des per sorteig.<\/li>\n<li><strong>Quan i on votar<\/strong>? La Mesa Electoral estar\u00e0 situada <span style=\"text-decoration: underline;\">al menjador que hi ha davant de consergeria<\/span>. <strong>L&#8217;horari de votacions ser\u00e0 de 15:15 a 17:00 h<\/strong>.<\/li>\n<\/ul>\n","protected":false},"excerpt":{"rendered":"<p>El dijous 19 de novembre es convoquen eleccions al Consell Escolar per renovar part dels representants electes. Aquest any caldr\u00e0 elegir 2 persones per representar els pares i mares del centre. Qui pot ser candidat o candidata? Els pares i mares o els\/les tutors\/es d&#8217;alumnes del centre que figurin al cens. Qu\u00e8 fer per ser [&hellip;]<\/p>\n","protected":false},"author":23,"featured_media":0,"comment_status":"open","ping_status":"open","sticky":false,"template":"","format":"standard","meta":{"_bbp_topic_count":0,"_bbp_reply_count":0,"_bbp_total_topic_count":0,"_bbp_total_reply_count":0,"_bbp_voice_count":0,"_bbp_anonymous_reply_count":0,"_bbp_topic_count_hidden":0,"_bbp_reply_count_hidden":0,"_bbp_forum_subforum_count":0,"site-sidebar-layout":"default","site-content-layout":"","ast-site-content-layout":"default","site-content-style":"default","site-sidebar-style":"default","ast-global-header-display":"","ast-banner-title-visibility":"","ast-main-header-display":"","ast-hfb-above-header-display":"","ast-hfb-below-header-display":"","ast-hfb-mobile-header-display":"","site-post-title":"","ast-breadcrumbs-content":"","ast-featured-img":"","footer-sml-layout":"","theme-transparent-header-meta":"default","adv-header-id-meta":"","stick-header-meta":"","header-above-stick-meta":"","header-main-stick-meta":"","header-below-stick-meta":"","astra-migrate-meta-layouts":"set","ast-page-background-enabled":"default","ast-page-background-meta":{"desktop":{"background-color":"var(--ast-global-color-4)","background-image":"","background-repeat":"repeat","background-position":"center center","background-size":"auto","background-attachment":"scroll","background-type":"","background-media":"","overlay-type":"","overlay-color":"","overlay-opacity":"","overlay-gradient":""},"tablet":{"background-color":"","background-image":"","background-repeat":"repeat","background-position":"center center","background-size":"auto","background-attachment":"scroll","background-type":"","background-media":"","overlay-type":"","overlay-color":"","overlay-opacity":"","overlay-gradient":""},"mobile":{"background-color":"","background-image":"","background-repeat":"repeat","background-position":"center center","background-size":"auto","background-attachment":"scroll","background-type":"","background-media":"","overlay-type":"","overlay-color":"","overlay-opacity":"","overlay-gradient":""}},"ast-content-background-meta":{"desktop":{"background-color":"var(--ast-global-color-5)","background-image":"","background-repeat":"repeat","background-position":"center center","background-size":"auto","background-attachment":"scroll","background-type":"","background-media":"","overlay-type":"","overlay-color":"","overlay-opacity":"","overlay-gradient":""},"tablet":{"background-color":"var(--ast-global-color-5)","background-image":"","background-repeat":"repeat","background-position":"center center","background-size":"auto","background-attachment":"scroll","background-type":"","background-media":"","overlay-type":"","overlay-color":"","overlay-opacity":"","overlay-gradient":""},"mobile":{"background-color":"var(--ast-global-color-5)","background-image":"","background-repeat":"repeat","background-position":"center center","background-size":"auto","background-attachment":"scroll","background-type":"","background-media":"","overlay-type":"","overlay-color":"","overlay-opacity":"","overlay-gradient":""}},"footnotes":""},"categories":[4],"tags":[],"class_list":["post-3212","post","type-post","status-publish","format-standard","hentry","category-portada"],"post_mailing_queue_ids":[],"_links":{"self":[{"href":"https:\/\/agora.xtec.cat\/institutescolapallaresa\/wp-json\/wp\/v2\/posts\/3212","targetHints":{"allow":["GET"]}}],"collection":[{"href":"https:\/\/agora.xtec.cat\/institutescolapallaresa\/wp-json\/wp\/v2\/posts"}],"about":[{"href":"https:\/\/agora.xtec.cat\/institutescolapallaresa\/wp-json\/wp\/v2\/types\/post"}],"author":[{"embeddable":true,"href":"https:\/\/agora.xtec.cat\/institutescolapallaresa\/wp-json\/wp\/v2\/users\/23"}],"replies":[{"embeddable":true,"href":"https:\/\/agora.xtec.cat\/institutescolapallaresa\/wp-json\/wp\/v2\/comments?post=3212"}],"version-history":[{"count":2,"href":"https:\/\/agora.xtec.cat\/institutescolapallaresa\/wp-json\/wp\/v2\/posts\/3212\/revisions"}],"predecessor-version":[{"id":3216,"href":"https:\/\/agora.xtec.cat\/institutescolapallaresa\/wp-json\/wp\/v2\/posts\/3212\/revisions\/3216"}],"wp:attachment":[{"href":"https:\/\/agora.xtec.cat\/institutescolapallaresa\/wp-json\/wp\/v2\/media?parent=3212"}],"wp:term":[{"taxonomy":"category","embeddable":true,"href":"https:\/\/agora.xtec.cat\/institutescolapallaresa\/wp-json\/wp\/v2\/categories?post=3212"},{"taxonomy":"post_tag","embeddable":true,"href":"https:\/\/agora.xtec.cat\/institutescolapallaresa\/wp-json\/wp\/v2\/tags?post=3212"}],"curies":[{"name":"wp","href":"https:\/\/api.w.org\/{rel}","templated":true}]}}