{"id":3178,"date":"2025-05-27T10:46:12","date_gmt":"2025-05-27T08:46:12","guid":{"rendered":"https:\/\/agora.xtec.cat\/institutescolapallaresa\/?p=3178"},"modified":"2025-05-27T10:46:12","modified_gmt":"2025-05-27T08:46:12","slug":"4t-deso-visita-la-model","status":"publish","type":"post","link":"https:\/\/agora.xtec.cat\/institutescolapallaresa\/general\/4t-deso-visita-la-model\/","title":{"rendered":"4t d&#8217;ESO visita La Model"},"content":{"rendered":"<p>El passat 13 de maig l&#8217;alumnat de 4t d&#8217;ESO va visitar l&#8217;antiga pres\u00f3 de Barcelona, ara convertida en espai per a la mem\u00f2ria hist\u00f2rica. La ruta per les instal\u00b7lacions de la Model va impressionar-los i els va permetre con\u00e8ixer l&#8217;evoluci\u00f3 del r\u00e8gim penitenciari a Espanya durant el segle XX i fins a principis del segle XXI. Va resultar molt dur imaginar-se els anys en qu\u00e8 14 o 15 persones convivien amuntegades en una mateixa cel\u00b7la, sense gaire aliment ni condicions higi\u00e8niques m\u00ednimes.<\/p>\n<p>La visita tamb\u00e9 va servir per fer un recorregut pels fets hist\u00f2rics m\u00e9s rellevants del pa\u00eds, amb especial \u00e8mfasi als anys del franquisme, en qu\u00e8 molts presos ho eren per raons pol\u00edtiques. En aquest sentit, l&#8217;alumnat va descobrir la hist\u00f2ria de Salvador Puig Antich, executat amb garrot vil a la mateixa pres\u00f3.<\/p>\n<p>\u00c9s la primera vegada que l&#8217;Institut Escola Pallaresa realitza aquesta sortida i, sens dubte, l&#8217;haurem de repetir en el futur perqu\u00e8 es valora molt positivament.<\/p>\n<p style=\"text-align: center;\"><a href=\"https:\/\/agora.xtec.cat\/institutescolapallaresa\/wp-content\/uploads\/usu2058\/2025\/05\/Neutral-Vintage-Ripped-Paper-Collage-Instagram-Post-Portrait.png\"><img loading=\"lazy\" decoding=\"async\" class=\"alignnone size-large wp-image-3185\" src=\"https:\/\/agora.xtec.cat\/institutescolapallaresa\/wp-content\/uploads\/usu2058\/2025\/05\/Neutral-Vintage-Ripped-Paper-Collage-Instagram-Post-Portrait-819x1024.png\" alt=\"\" width=\"819\" height=\"1024\" srcset=\"https:\/\/agora.xtec.cat\/institutescolapallaresa\/wp-content\/uploads\/usu2058\/2025\/05\/Neutral-Vintage-Ripped-Paper-Collage-Instagram-Post-Portrait-819x1024.png 819w, https:\/\/agora.xtec.cat\/institutescolapallaresa\/wp-content\/uploads\/usu2058\/2025\/05\/Neutral-Vintage-Ripped-Paper-Collage-Instagram-Post-Portrait-240x300.png 240w, https:\/\/agora.xtec.cat\/institutescolapallaresa\/wp-content\/uploads\/usu2058\/2025\/05\/Neutral-Vintage-Ripped-Paper-Collage-Instagram-Post-Portrait-768x960.png 768w, https:\/\/agora.xtec.cat\/institutescolapallaresa\/wp-content\/uploads\/usu2058\/2025\/05\/Neutral-Vintage-Ripped-Paper-Collage-Instagram-Post-Portrait.png 1080w\" sizes=\"auto, (max-width: 819px) 100vw, 819px\" \/><\/a><\/p>\n<p style=\"text-align: center;\"><a href=\"https:\/\/agora.xtec.cat\/institutescolapallaresa\/wp-content\/uploads\/usu2058\/2025\/05\/Beige-Minimalist-Collage-Instagram-Post-1.png\"><img loading=\"lazy\" decoding=\"async\" class=\"alignnone size-large wp-image-3184\" src=\"https:\/\/agora.xtec.cat\/institutescolapallaresa\/wp-content\/uploads\/usu2058\/2025\/05\/Beige-Minimalist-Collage-Instagram-Post-1-819x1024.png\" alt=\"\" width=\"819\" height=\"1024\" srcset=\"https:\/\/agora.xtec.cat\/institutescolapallaresa\/wp-content\/uploads\/usu2058\/2025\/05\/Beige-Minimalist-Collage-Instagram-Post-1-819x1024.png 819w, https:\/\/agora.xtec.cat\/institutescolapallaresa\/wp-content\/uploads\/usu2058\/2025\/05\/Beige-Minimalist-Collage-Instagram-Post-1-240x300.png 240w, https:\/\/agora.xtec.cat\/institutescolapallaresa\/wp-content\/uploads\/usu2058\/2025\/05\/Beige-Minimalist-Collage-Instagram-Post-1-768x960.png 768w, https:\/\/agora.xtec.cat\/institutescolapallaresa\/wp-content\/uploads\/usu2058\/2025\/05\/Beige-Minimalist-Collage-Instagram-Post-1.png 1080w\" sizes=\"auto, (max-width: 819px) 100vw, 819px\" \/><\/a><\/p>\n","protected":false},"excerpt":{"rendered":"<p>El passat 13 de maig l&#8217;alumnat de 4t d&#8217;ESO va visitar l&#8217;antiga pres\u00f3 de Barcelona, ara convertida en espai per a la mem\u00f2ria hist\u00f2rica. La ruta per les instal\u00b7lacions de la Model va impressionar-los i els va permetre con\u00e8ixer l&#8217;evoluci\u00f3 del r\u00e8gim penitenciari a Espanya durant el segle XX i fins a principis del segle [&hellip;]<\/p>\n","protected":false},"author":22,"featured_media":0,"comment_status":"open","ping_status":"closed","sticky":false,"template":"","format":"standard","meta":{"_bbp_topic_count":0,"_bbp_reply_count":0,"_bbp_total_topic_count":0,"_bbp_total_reply_count":0,"_bbp_voice_count":0,"_bbp_anonymous_reply_count":0,"_bbp_topic_count_hidden":0,"_bbp_reply_count_hidden":0,"_bbp_forum_subforum_count":0,"site-sidebar-layout":"default","site-content-layout":"","ast-site-content-layout":"default","site-content-style":"default","site-sidebar-style":"default","ast-global-header-display":"","ast-banner-title-visibility":"","ast-main-header-display":"","ast-hfb-above-header-display":"","ast-hfb-below-header-display":"","ast-hfb-mobile-header-display":"","site-post-title":"","ast-breadcrumbs-content":"","ast-featured-img":"","footer-sml-layout":"","theme-transparent-header-meta":"default","adv-header-id-meta":"","stick-header-meta":"","header-above-stick-meta":"","header-main-stick-meta":"","header-below-stick-meta":"","astra-migrate-meta-layouts":"set","ast-page-background-enabled":"default","ast-page-background-meta":{"desktop":{"background-color":"var(--ast-global-color-4)","background-image":"","background-repeat":"repeat","background-position":"center center","background-size":"auto","background-attachment":"scroll","background-type":"","background-media":"","overlay-type":"","overlay-color":"","overlay-opacity":"","overlay-gradient":""},"tablet":{"background-color":"","background-image":"","background-repeat":"repeat","background-position":"center center","background-size":"auto","background-attachment":"scroll","background-type":"","background-media":"","overlay-type":"","overlay-color":"","overlay-opacity":"","overlay-gradient":""},"mobile":{"background-color":"","background-image":"","background-repeat":"repeat","background-position":"center center","background-size":"auto","background-attachment":"scroll","background-type":"","background-media":"","overlay-type":"","overlay-color":"","overlay-opacity":"","overlay-gradient":""}},"ast-content-background-meta":{"desktop":{"background-color":"var(--ast-global-color-5)","background-image":"","background-repeat":"repeat","background-position":"center center","background-size":"auto","background-attachment":"scroll","background-type":"","background-media":"","overlay-type":"","overlay-color":"","overlay-opacity":"","overlay-gradient":""},"tablet":{"background-color":"var(--ast-global-color-5)","background-image":"","background-repeat":"repeat","background-position":"center center","background-size":"auto","background-attachment":"scroll","background-type":"","background-media":"","overlay-type":"","overlay-color":"","overlay-opacity":"","overlay-gradient":""},"mobile":{"background-color":"var(--ast-global-color-5)","background-image":"","background-repeat":"repeat","background-position":"center center","background-size":"auto","background-attachment":"scroll","background-type":"","background-media":"","overlay-type":"","overlay-color":"","overlay-opacity":"","overlay-gradient":""}},"footnotes":""},"categories":[72,63,1,4],"tags":[],"class_list":["post-3178","post","type-post","status-publish","format-standard","hentry","category-4t-eso","category-eso","category-general","category-portada"],"post_mailing_queue_ids":[],"_links":{"self":[{"href":"https:\/\/agora.xtec.cat\/institutescolapallaresa\/wp-json\/wp\/v2\/posts\/3178","targetHints":{"allow":["GET"]}}],"collection":[{"href":"https:\/\/agora.xtec.cat\/institutescolapallaresa\/wp-json\/wp\/v2\/posts"}],"about":[{"href":"https:\/\/agora.xtec.cat\/institutescolapallaresa\/wp-json\/wp\/v2\/types\/post"}],"author":[{"embeddable":true,"href":"https:\/\/agora.xtec.cat\/institutescolapallaresa\/wp-json\/wp\/v2\/users\/22"}],"replies":[{"embeddable":true,"href":"https:\/\/agora.xtec.cat\/institutescolapallaresa\/wp-json\/wp\/v2\/comments?post=3178"}],"version-history":[{"count":3,"href":"https:\/\/agora.xtec.cat\/institutescolapallaresa\/wp-json\/wp\/v2\/posts\/3178\/revisions"}],"predecessor-version":[{"id":3188,"href":"https:\/\/agora.xtec.cat\/institutescolapallaresa\/wp-json\/wp\/v2\/posts\/3178\/revisions\/3188"}],"wp:attachment":[{"href":"https:\/\/agora.xtec.cat\/institutescolapallaresa\/wp-json\/wp\/v2\/media?parent=3178"}],"wp:term":[{"taxonomy":"category","embeddable":true,"href":"https:\/\/agora.xtec.cat\/institutescolapallaresa\/wp-json\/wp\/v2\/categories?post=3178"},{"taxonomy":"post_tag","embeddable":true,"href":"https:\/\/agora.xtec.cat\/institutescolapallaresa\/wp-json\/wp\/v2\/tags?post=3178"}],"curies":[{"name":"wp","href":"https:\/\/api.w.org\/{rel}","templated":true}]}}