{"id":3125,"date":"2025-02-07T08:48:36","date_gmt":"2025-02-07T07:48:36","guid":{"rendered":"https:\/\/agora.xtec.cat\/institutescolapallaresa\/?p=3125"},"modified":"2025-02-07T08:53:49","modified_gmt":"2025-02-07T07:53:49","slug":"fes-el-teu-cami-a-linstitut-escola-pallaresa","status":"publish","type":"post","link":"https:\/\/agora.xtec.cat\/institutescolapallaresa\/general\/fes-el-teu-cami-a-linstitut-escola-pallaresa\/","title":{"rendered":"Fes el teu cam\u00ed a l&#8217;Institut Escola Pallaresa!"},"content":{"rendered":"<p>Benvolgudes fam\u00edlies,<\/p>\n<p>Ens\u00a0plau convidar-vos,\u00a0el\u00a0<strong>dimecres<\/strong>\u00a0<strong>19<\/strong>\u00a0de\u00a0<strong>febrer<\/strong>\u00a0a les\u00a0<strong>15:15h<\/strong> i el <strong>dimecres 5<\/strong>\u00a0de\u00a0<strong>mar\u00e7<\/strong>\u00a0a les\u00a0<strong>09:15h<\/strong>, a les jornades de portes obertes de l\u2019Institut Escola Pallaresa.<\/p>\n<p>En aquestes farem un passeig pel centre on visitarem tots els nivells Infantil, Prim\u00e0ria i Secund\u00e0ria, i coneixereu de primera m\u00e0 la nostra visi\u00f3 educativa que,\u00a0esperem,\u00a0us acompanyi els\u00a0anys vinents.<\/p>\n<p><strong><a href=\"https:\/\/preinscripcio.gencat.cat\/ca\/estudis\/infantil-3-6\/informat\/calendari\/index.html\">Calendari i terminis de preinscripci\u00f3<\/a><\/strong><\/p>\n<p>Fes el teu cam\u00ed a l\u2019Institut Escola Pallaresa!<\/p>\n<p><a href=\"https:\/\/agora.xtec.cat\/institutescolapallaresa\/wp-content\/uploads\/usu2058\/2025\/02\/IE-Pallaresa-Portes-Obertes.png\"><img loading=\"lazy\" decoding=\"async\" class=\"alignnone size-large wp-image-3126\" src=\"https:\/\/agora.xtec.cat\/institutescolapallaresa\/wp-content\/uploads\/usu2058\/2025\/02\/IE-Pallaresa-Portes-Obertes-1024x1024.png\" alt=\"\" width=\"1024\" height=\"1024\" srcset=\"https:\/\/agora.xtec.cat\/institutescolapallaresa\/wp-content\/uploads\/usu2058\/2025\/02\/IE-Pallaresa-Portes-Obertes-1024x1024.png 1024w, https:\/\/agora.xtec.cat\/institutescolapallaresa\/wp-content\/uploads\/usu2058\/2025\/02\/IE-Pallaresa-Portes-Obertes-300x300.png 300w, https:\/\/agora.xtec.cat\/institutescolapallaresa\/wp-content\/uploads\/usu2058\/2025\/02\/IE-Pallaresa-Portes-Obertes-150x150.png 150w, https:\/\/agora.xtec.cat\/institutescolapallaresa\/wp-content\/uploads\/usu2058\/2025\/02\/IE-Pallaresa-Portes-Obertes-768x768.png 768w, https:\/\/agora.xtec.cat\/institutescolapallaresa\/wp-content\/uploads\/usu2058\/2025\/02\/IE-Pallaresa-Portes-Obertes.png 1240w\" sizes=\"auto, (max-width: 1024px) 100vw, 1024px\" \/><\/a><\/p>\n","protected":false},"excerpt":{"rendered":"<p>Benvolgudes fam\u00edlies, Ens\u00a0plau convidar-vos,\u00a0el\u00a0dimecres\u00a019\u00a0de\u00a0febrer\u00a0a les\u00a015:15h i el dimecres 5\u00a0de\u00a0mar\u00e7\u00a0a les\u00a009:15h, a les jornades de portes obertes de l\u2019Institut Escola Pallaresa. En aquestes farem un passeig pel centre on visitarem tots els nivells Infantil, Prim\u00e0ria i Secund\u00e0ria, i coneixereu de primera m\u00e0 la nostra visi\u00f3 educativa que,\u00a0esperem,\u00a0us acompanyi els\u00a0anys vinents. Calendari i terminis de preinscripci\u00f3 Fes [&hellip;]<\/p>\n","protected":false},"author":8,"featured_media":0,"comment_status":"open","ping_status":"closed","sticky":false,"template":"","format":"standard","meta":{"_bbp_topic_count":0,"_bbp_reply_count":0,"_bbp_total_topic_count":0,"_bbp_total_reply_count":0,"_bbp_voice_count":0,"_bbp_anonymous_reply_count":0,"_bbp_topic_count_hidden":0,"_bbp_reply_count_hidden":0,"_bbp_forum_subforum_count":0,"site-sidebar-layout":"default","site-content-layout":"","ast-site-content-layout":"","site-content-style":"default","site-sidebar-style":"default","ast-global-header-display":"","ast-banner-title-visibility":"","ast-main-header-display":"","ast-hfb-above-header-display":"","ast-hfb-below-header-display":"","ast-hfb-mobile-header-display":"","site-post-title":"","ast-breadcrumbs-content":"","ast-featured-img":"","footer-sml-layout":"","theme-transparent-header-meta":"","adv-header-id-meta":"","stick-header-meta":"","header-above-stick-meta":"","header-main-stick-meta":"","header-below-stick-meta":"","astra-migrate-meta-layouts":"default","ast-page-background-enabled":"default","ast-page-background-meta":{"desktop":{"background-color":"var(--ast-global-color-4)","background-image":"","background-repeat":"repeat","background-position":"center center","background-size":"auto","background-attachment":"scroll","background-type":"","background-media":"","overlay-type":"","overlay-color":"","overlay-opacity":"","overlay-gradient":""},"tablet":{"background-color":"","background-image":"","background-repeat":"repeat","background-position":"center center","background-size":"auto","background-attachment":"scroll","background-type":"","background-media":"","overlay-type":"","overlay-color":"","overlay-opacity":"","overlay-gradient":""},"mobile":{"background-color":"","background-image":"","background-repeat":"repeat","background-position":"center center","background-size":"auto","background-attachment":"scroll","background-type":"","background-media":"","overlay-type":"","overlay-color":"","overlay-opacity":"","overlay-gradient":""}},"ast-content-background-meta":{"desktop":{"background-color":"var(--ast-global-color-5)","background-image":"","background-repeat":"repeat","background-position":"center center","background-size":"auto","background-attachment":"scroll","background-type":"","background-media":"","overlay-type":"","overlay-color":"","overlay-opacity":"","overlay-gradient":""},"tablet":{"background-color":"var(--ast-global-color-5)","background-image":"","background-repeat":"repeat","background-position":"center center","background-size":"auto","background-attachment":"scroll","background-type":"","background-media":"","overlay-type":"","overlay-color":"","overlay-opacity":"","overlay-gradient":""},"mobile":{"background-color":"var(--ast-global-color-5)","background-image":"","background-repeat":"repeat","background-position":"center center","background-size":"auto","background-attachment":"scroll","background-type":"","background-media":"","overlay-type":"","overlay-color":"","overlay-opacity":"","overlay-gradient":""}},"footnotes":""},"categories":[63,1,2,4,5],"tags":[80],"class_list":["post-3125","post","type-post","status-publish","format-standard","hentry","category-eso","category-general","category-infantil","category-portada","category-primaria","tag-portes-obertes"],"post_mailing_queue_ids":[],"_links":{"self":[{"href":"https:\/\/agora.xtec.cat\/institutescolapallaresa\/wp-json\/wp\/v2\/posts\/3125","targetHints":{"allow":["GET"]}}],"collection":[{"href":"https:\/\/agora.xtec.cat\/institutescolapallaresa\/wp-json\/wp\/v2\/posts"}],"about":[{"href":"https:\/\/agora.xtec.cat\/institutescolapallaresa\/wp-json\/wp\/v2\/types\/post"}],"author":[{"embeddable":true,"href":"https:\/\/agora.xtec.cat\/institutescolapallaresa\/wp-json\/wp\/v2\/users\/8"}],"replies":[{"embeddable":true,"href":"https:\/\/agora.xtec.cat\/institutescolapallaresa\/wp-json\/wp\/v2\/comments?post=3125"}],"version-history":[{"count":3,"href":"https:\/\/agora.xtec.cat\/institutescolapallaresa\/wp-json\/wp\/v2\/posts\/3125\/revisions"}],"predecessor-version":[{"id":3129,"href":"https:\/\/agora.xtec.cat\/institutescolapallaresa\/wp-json\/wp\/v2\/posts\/3125\/revisions\/3129"}],"wp:attachment":[{"href":"https:\/\/agora.xtec.cat\/institutescolapallaresa\/wp-json\/wp\/v2\/media?parent=3125"}],"wp:term":[{"taxonomy":"category","embeddable":true,"href":"https:\/\/agora.xtec.cat\/institutescolapallaresa\/wp-json\/wp\/v2\/categories?post=3125"},{"taxonomy":"post_tag","embeddable":true,"href":"https:\/\/agora.xtec.cat\/institutescolapallaresa\/wp-json\/wp\/v2\/tags?post=3125"}],"curies":[{"name":"wp","href":"https:\/\/api.w.org\/{rel}","templated":true}]}}