{"id":2288,"date":"2022-02-08T12:39:50","date_gmt":"2022-02-08T11:39:50","guid":{"rendered":"https:\/\/agora.xtec.cat\/institutescolapallaresa\/?p=2288"},"modified":"2022-02-08T15:41:24","modified_gmt":"2022-02-08T14:41:24","slug":"lexit-de-les-paradetes-de-nadal","status":"publish","type":"post","link":"https:\/\/agora.xtec.cat\/institutescolapallaresa\/general\/lexit-de-les-paradetes-de-nadal\/","title":{"rendered":"L&#8217;\u00e8xit de les paradetes de Nadal"},"content":{"rendered":"<p>Les paradetes de Nadal de l&#8217;alumnat de 2n d&#8217;ESO van ser tot un \u00e8xit. Aqu\u00ed teniu fotos de les paradetes i dels alumnes emocionats per haver-hi dissenyat a la mat\u00e8ria de Projectes una Cooperativa que van poder posar en marxa des de principi a fi. Els de 2n ara ja compten amb uns calerons m\u00e9s pel seu Camp d&#8217;Aprenentatge a la Juneda.<\/p>\n<div id='gallery-1' class='gallery galleryid-2288 gallery-columns-3 gallery-size-large'><figure class='gallery-item'>\n\t\t\t<div class='gallery-icon landscape'>\n\t\t\t\t<img loading=\"lazy\" decoding=\"async\" width=\"1024\" height=\"766\" src=\"https:\/\/agora.xtec.cat\/institutescolapallaresa\/wp-content\/uploads\/usu2058\/2021\/12\/IMG-20211218-WA0000-2-1024x766.jpg\" class=\"attachment-large size-large\" alt=\"\" aria-describedby=\"gallery-1-2287\" srcset=\"https:\/\/agora.xtec.cat\/institutescolapallaresa\/wp-content\/uploads\/usu2058\/2021\/12\/IMG-20211218-WA0000-2-1024x766.jpg 1024w, https:\/\/agora.xtec.cat\/institutescolapallaresa\/wp-content\/uploads\/usu2058\/2021\/12\/IMG-20211218-WA0000-2-300x224.jpg 300w, https:\/\/agora.xtec.cat\/institutescolapallaresa\/wp-content\/uploads\/usu2058\/2021\/12\/IMG-20211218-WA0000-2-768x574.jpg 768w, https:\/\/agora.xtec.cat\/institutescolapallaresa\/wp-content\/uploads\/usu2058\/2021\/12\/IMG-20211218-WA0000-2-1536x1149.jpg 1536w, https:\/\/agora.xtec.cat\/institutescolapallaresa\/wp-content\/uploads\/usu2058\/2021\/12\/IMG-20211218-WA0000-2-200x150.jpg 200w, https:\/\/agora.xtec.cat\/institutescolapallaresa\/wp-content\/uploads\/usu2058\/2021\/12\/IMG-20211218-WA0000-2.jpg 2000w\" sizes=\"auto, (max-width: 1024px) 100vw, 1024px\" \/>\n\t\t\t<\/div>\n\t\t\t\t<figcaption class='wp-caption-text gallery-caption' id='gallery-1-2287'>\n\t\t\t\tAlumnat 2n d&#8217;ESO\n\t\t\t\t<\/figcaption><\/figure><figure class='gallery-item'>\n\t\t\t<div class='gallery-icon landscape'>\n\t\t\t\t<img loading=\"lazy\" decoding=\"async\" width=\"1024\" height=\"766\" src=\"https:\/\/agora.xtec.cat\/institutescolapallaresa\/wp-content\/uploads\/usu2058\/2021\/12\/IMG-20211218-WA0007-1024x766.jpg\" class=\"attachment-large size-large\" alt=\"\" aria-describedby=\"gallery-1-2282\" srcset=\"https:\/\/agora.xtec.cat\/institutescolapallaresa\/wp-content\/uploads\/usu2058\/2021\/12\/IMG-20211218-WA0007-1024x766.jpg 1024w, https:\/\/agora.xtec.cat\/institutescolapallaresa\/wp-content\/uploads\/usu2058\/2021\/12\/IMG-20211218-WA0007-300x224.jpg 300w, https:\/\/agora.xtec.cat\/institutescolapallaresa\/wp-content\/uploads\/usu2058\/2021\/12\/IMG-20211218-WA0007-768x574.jpg 768w, https:\/\/agora.xtec.cat\/institutescolapallaresa\/wp-content\/uploads\/usu2058\/2021\/12\/IMG-20211218-WA0007-1536x1149.jpg 1536w, https:\/\/agora.xtec.cat\/institutescolapallaresa\/wp-content\/uploads\/usu2058\/2021\/12\/IMG-20211218-WA0007-200x150.jpg 200w, https:\/\/agora.xtec.cat\/institutescolapallaresa\/wp-content\/uploads\/usu2058\/2021\/12\/IMG-20211218-WA0007.jpg 2000w\" sizes=\"auto, (max-width: 1024px) 100vw, 1024px\" \/>\n\t\t\t<\/div>\n\t\t\t\t<figcaption class='wp-caption-text gallery-caption' id='gallery-1-2282'>\n\t\t\t\tAlumnat 2n d&#8217;ESO\n\t\t\t\t<\/figcaption><\/figure><figure class='gallery-item'>\n\t\t\t<div class='gallery-icon landscape'>\n\t\t\t\t<img loading=\"lazy\" decoding=\"async\" width=\"1024\" height=\"766\" src=\"https:\/\/agora.xtec.cat\/institutescolapallaresa\/wp-content\/uploads\/usu2058\/2021\/12\/IMG-20211218-WA0005-1024x766.jpg\" class=\"attachment-large size-large\" alt=\"\" aria-describedby=\"gallery-1-2280\" srcset=\"https:\/\/agora.xtec.cat\/institutescolapallaresa\/wp-content\/uploads\/usu2058\/2021\/12\/IMG-20211218-WA0005-1024x766.jpg 1024w, https:\/\/agora.xtec.cat\/institutescolapallaresa\/wp-content\/uploads\/usu2058\/2021\/12\/IMG-20211218-WA0005-300x224.jpg 300w, https:\/\/agora.xtec.cat\/institutescolapallaresa\/wp-content\/uploads\/usu2058\/2021\/12\/IMG-20211218-WA0005-768x574.jpg 768w, https:\/\/agora.xtec.cat\/institutescolapallaresa\/wp-content\/uploads\/usu2058\/2021\/12\/IMG-20211218-WA0005-1536x1149.jpg 1536w, https:\/\/agora.xtec.cat\/institutescolapallaresa\/wp-content\/uploads\/usu2058\/2021\/12\/IMG-20211218-WA0005-200x150.jpg 200w, https:\/\/agora.xtec.cat\/institutescolapallaresa\/wp-content\/uploads\/usu2058\/2021\/12\/IMG-20211218-WA0005.jpg 2000w\" sizes=\"auto, (max-width: 1024px) 100vw, 1024px\" \/>\n\t\t\t<\/div>\n\t\t\t\t<figcaption class='wp-caption-text gallery-caption' id='gallery-1-2280'>\n\t\t\t\tAlumnat 2n d&#8217;ESO\n\t\t\t\t<\/figcaption><\/figure><figure class='gallery-item'>\n\t\t\t<div class='gallery-icon landscape'>\n\t\t\t\t<img loading=\"lazy\" decoding=\"async\" width=\"1024\" height=\"766\" src=\"https:\/\/agora.xtec.cat\/institutescolapallaresa\/wp-content\/uploads\/usu2058\/2021\/12\/IMG-20211218-WA0003-1024x766.jpg\" class=\"attachment-large size-large\" alt=\"\" aria-describedby=\"gallery-1-2278\" srcset=\"https:\/\/agora.xtec.cat\/institutescolapallaresa\/wp-content\/uploads\/usu2058\/2021\/12\/IMG-20211218-WA0003-1024x766.jpg 1024w, https:\/\/agora.xtec.cat\/institutescolapallaresa\/wp-content\/uploads\/usu2058\/2021\/12\/IMG-20211218-WA0003-300x224.jpg 300w, https:\/\/agora.xtec.cat\/institutescolapallaresa\/wp-content\/uploads\/usu2058\/2021\/12\/IMG-20211218-WA0003-768x574.jpg 768w, https:\/\/agora.xtec.cat\/institutescolapallaresa\/wp-content\/uploads\/usu2058\/2021\/12\/IMG-20211218-WA0003-1536x1149.jpg 1536w, https:\/\/agora.xtec.cat\/institutescolapallaresa\/wp-content\/uploads\/usu2058\/2021\/12\/IMG-20211218-WA0003-200x150.jpg 200w, https:\/\/agora.xtec.cat\/institutescolapallaresa\/wp-content\/uploads\/usu2058\/2021\/12\/IMG-20211218-WA0003.jpg 2000w\" sizes=\"auto, (max-width: 1024px) 100vw, 1024px\" \/>\n\t\t\t<\/div>\n\t\t\t\t<figcaption class='wp-caption-text gallery-caption' id='gallery-1-2278'>\n\t\t\t\tAlumnat 2n d&#8217;ESO\n\t\t\t\t<\/figcaption><\/figure><figure class='gallery-item'>\n\t\t\t<div class='gallery-icon landscape'>\n\t\t\t\t<img loading=\"lazy\" decoding=\"async\" width=\"1024\" height=\"766\" src=\"https:\/\/agora.xtec.cat\/institutescolapallaresa\/wp-content\/uploads\/usu2058\/2021\/12\/IMG-20211218-WA0002-1024x766.jpg\" class=\"attachment-large size-large\" alt=\"\" aria-describedby=\"gallery-1-2277\" srcset=\"https:\/\/agora.xtec.cat\/institutescolapallaresa\/wp-content\/uploads\/usu2058\/2021\/12\/IMG-20211218-WA0002-1024x766.jpg 1024w, https:\/\/agora.xtec.cat\/institutescolapallaresa\/wp-content\/uploads\/usu2058\/2021\/12\/IMG-20211218-WA0002-300x224.jpg 300w, https:\/\/agora.xtec.cat\/institutescolapallaresa\/wp-content\/uploads\/usu2058\/2021\/12\/IMG-20211218-WA0002-768x574.jpg 768w, https:\/\/agora.xtec.cat\/institutescolapallaresa\/wp-content\/uploads\/usu2058\/2021\/12\/IMG-20211218-WA0002-1536x1149.jpg 1536w, https:\/\/agora.xtec.cat\/institutescolapallaresa\/wp-content\/uploads\/usu2058\/2021\/12\/IMG-20211218-WA0002-200x150.jpg 200w, https:\/\/agora.xtec.cat\/institutescolapallaresa\/wp-content\/uploads\/usu2058\/2021\/12\/IMG-20211218-WA0002.jpg 2000w\" sizes=\"auto, (max-width: 1024px) 100vw, 1024px\" \/>\n\t\t\t<\/div>\n\t\t\t\t<figcaption class='wp-caption-text gallery-caption' id='gallery-1-2277'>\n\t\t\t\tAlumnat 2n d&#8217;ESO\n\t\t\t\t<\/figcaption><\/figure><figure class='gallery-item'>\n\t\t\t<div class='gallery-icon landscape'>\n\t\t\t\t<img loading=\"lazy\" decoding=\"async\" width=\"1024\" height=\"766\" src=\"https:\/\/agora.xtec.cat\/institutescolapallaresa\/wp-content\/uploads\/usu2058\/2021\/12\/IMG-20211218-WA0001-1024x766.jpg\" class=\"attachment-large size-large\" alt=\"\" aria-describedby=\"gallery-1-2276\" srcset=\"https:\/\/agora.xtec.cat\/institutescolapallaresa\/wp-content\/uploads\/usu2058\/2021\/12\/IMG-20211218-WA0001-1024x766.jpg 1024w, https:\/\/agora.xtec.cat\/institutescolapallaresa\/wp-content\/uploads\/usu2058\/2021\/12\/IMG-20211218-WA0001-300x224.jpg 300w, https:\/\/agora.xtec.cat\/institutescolapallaresa\/wp-content\/uploads\/usu2058\/2021\/12\/IMG-20211218-WA0001-768x574.jpg 768w, https:\/\/agora.xtec.cat\/institutescolapallaresa\/wp-content\/uploads\/usu2058\/2021\/12\/IMG-20211218-WA0001-1536x1149.jpg 1536w, https:\/\/agora.xtec.cat\/institutescolapallaresa\/wp-content\/uploads\/usu2058\/2021\/12\/IMG-20211218-WA0001-200x150.jpg 200w, https:\/\/agora.xtec.cat\/institutescolapallaresa\/wp-content\/uploads\/usu2058\/2021\/12\/IMG-20211218-WA0001.jpg 2000w\" sizes=\"auto, (max-width: 1024px) 100vw, 1024px\" \/>\n\t\t\t<\/div>\n\t\t\t\t<figcaption class='wp-caption-text gallery-caption' id='gallery-1-2276'>\n\t\t\t\tAlumnat 2n d&#8217;ESO\n\t\t\t\t<\/figcaption><\/figure><figure class='gallery-item'>\n\t\t\t<div class='gallery-icon landscape'>\n\t\t\t\t<img loading=\"lazy\" decoding=\"async\" width=\"1024\" height=\"766\" src=\"https:\/\/agora.xtec.cat\/institutescolapallaresa\/wp-content\/uploads\/usu2058\/2021\/12\/IMG-20211218-WA0009-1024x766.jpg\" class=\"attachment-large size-large\" alt=\"\" aria-describedby=\"gallery-1-2284\" srcset=\"https:\/\/agora.xtec.cat\/institutescolapallaresa\/wp-content\/uploads\/usu2058\/2021\/12\/IMG-20211218-WA0009-1024x766.jpg 1024w, https:\/\/agora.xtec.cat\/institutescolapallaresa\/wp-content\/uploads\/usu2058\/2021\/12\/IMG-20211218-WA0009-300x224.jpg 300w, https:\/\/agora.xtec.cat\/institutescolapallaresa\/wp-content\/uploads\/usu2058\/2021\/12\/IMG-20211218-WA0009-768x574.jpg 768w, https:\/\/agora.xtec.cat\/institutescolapallaresa\/wp-content\/uploads\/usu2058\/2021\/12\/IMG-20211218-WA0009-1536x1149.jpg 1536w, https:\/\/agora.xtec.cat\/institutescolapallaresa\/wp-content\/uploads\/usu2058\/2021\/12\/IMG-20211218-WA0009-200x150.jpg 200w, https:\/\/agora.xtec.cat\/institutescolapallaresa\/wp-content\/uploads\/usu2058\/2021\/12\/IMG-20211218-WA0009.jpg 2000w\" sizes=\"auto, (max-width: 1024px) 100vw, 1024px\" \/>\n\t\t\t<\/div>\n\t\t\t\t<figcaption class='wp-caption-text gallery-caption' id='gallery-1-2284'>\n\t\t\t\tAlumnat 2n d&#8217;ESO\n\t\t\t\t<\/figcaption><\/figure>\n\t\t<\/div>\n\n","protected":false},"excerpt":{"rendered":"<p>Les paradetes de Nadal de l&#8217;alumnat de 2n d&#8217;ESO van ser tot un \u00e8xit. Aqu\u00ed teniu fotos de les paradetes i dels alumnes emocionats per haver-hi dissenyat a la mat\u00e8ria de Projectes una Cooperativa que van poder posar en marxa des de principi a fi. Els de 2n ara ja compten amb uns calerons m\u00e9s [&hellip;]<\/p>\n","protected":false},"author":1,"featured_media":2284,"comment_status":"closed","ping_status":"closed","sticky":false,"template":"","format":"standard","meta":{"_bbp_topic_count":0,"_bbp_reply_count":0,"_bbp_total_topic_count":0,"_bbp_total_reply_count":0,"_bbp_voice_count":0,"_bbp_anonymous_reply_count":0,"_bbp_topic_count_hidden":0,"_bbp_reply_count_hidden":0,"_bbp_forum_subforum_count":0,"site-sidebar-layout":"default","site-content-layout":"","ast-site-content-layout":"","site-content-style":"default","site-sidebar-style":"default","ast-global-header-display":"","ast-banner-title-visibility":"","ast-main-header-display":"","ast-hfb-above-header-display":"","ast-hfb-below-header-display":"","ast-hfb-mobile-header-display":"","site-post-title":"","ast-breadcrumbs-content":"","ast-featured-img":"","footer-sml-layout":"","theme-transparent-header-meta":"","adv-header-id-meta":"","stick-header-meta":"","header-above-stick-meta":"","header-main-stick-meta":"","header-below-stick-meta":"","astra-migrate-meta-layouts":"default","ast-page-background-enabled":"default","ast-page-background-meta":{"desktop":{"background-color":"var(--ast-global-color-4)","background-image":"","background-repeat":"repeat","background-position":"center center","background-size":"auto","background-attachment":"scroll","background-type":"","background-media":"","overlay-type":"","overlay-color":"","overlay-opacity":"","overlay-gradient":""},"tablet":{"background-color":"","background-image":"","background-repeat":"repeat","background-position":"center center","background-size":"auto","background-attachment":"scroll","background-type":"","background-media":"","overlay-type":"","overlay-color":"","overlay-opacity":"","overlay-gradient":""},"mobile":{"background-color":"","background-image":"","background-repeat":"repeat","background-position":"center center","background-size":"auto","background-attachment":"scroll","background-type":"","background-media":"","overlay-type":"","overlay-color":"","overlay-opacity":"","overlay-gradient":""}},"ast-content-background-meta":{"desktop":{"background-color":"var(--ast-global-color-5)","background-image":"","background-repeat":"repeat","background-position":"center center","background-size":"auto","background-attachment":"scroll","background-type":"","background-media":"","overlay-type":"","overlay-color":"","overlay-opacity":"","overlay-gradient":""},"tablet":{"background-color":"var(--ast-global-color-5)","background-image":"","background-repeat":"repeat","background-position":"center center","background-size":"auto","background-attachment":"scroll","background-type":"","background-media":"","overlay-type":"","overlay-color":"","overlay-opacity":"","overlay-gradient":""},"mobile":{"background-color":"var(--ast-global-color-5)","background-image":"","background-repeat":"repeat","background-position":"center center","background-size":"auto","background-attachment":"scroll","background-type":"","background-media":"","overlay-type":"","overlay-color":"","overlay-opacity":"","overlay-gradient":""}},"footnotes":""},"categories":[67,63,1,4],"tags":[71],"class_list":["post-2288","post","type-post","status-publish","format-standard","has-post-thumbnail","hentry","category-2n-eso","category-eso","category-general","category-portada","tag-projectes"],"post_mailing_queue_ids":[],"_links":{"self":[{"href":"https:\/\/agora.xtec.cat\/institutescolapallaresa\/wp-json\/wp\/v2\/posts\/2288","targetHints":{"allow":["GET"]}}],"collection":[{"href":"https:\/\/agora.xtec.cat\/institutescolapallaresa\/wp-json\/wp\/v2\/posts"}],"about":[{"href":"https:\/\/agora.xtec.cat\/institutescolapallaresa\/wp-json\/wp\/v2\/types\/post"}],"author":[{"embeddable":true,"href":"https:\/\/agora.xtec.cat\/institutescolapallaresa\/wp-json\/wp\/v2\/users\/1"}],"replies":[{"embeddable":true,"href":"https:\/\/agora.xtec.cat\/institutescolapallaresa\/wp-json\/wp\/v2\/comments?post=2288"}],"version-history":[{"count":3,"href":"https:\/\/agora.xtec.cat\/institutescolapallaresa\/wp-json\/wp\/v2\/posts\/2288\/revisions"}],"predecessor-version":[{"id":2294,"href":"https:\/\/agora.xtec.cat\/institutescolapallaresa\/wp-json\/wp\/v2\/posts\/2288\/revisions\/2294"}],"wp:featuredmedia":[{"embeddable":true,"href":"https:\/\/agora.xtec.cat\/institutescolapallaresa\/wp-json\/wp\/v2\/media\/2284"}],"wp:attachment":[{"href":"https:\/\/agora.xtec.cat\/institutescolapallaresa\/wp-json\/wp\/v2\/media?parent=2288"}],"wp:term":[{"taxonomy":"category","embeddable":true,"href":"https:\/\/agora.xtec.cat\/institutescolapallaresa\/wp-json\/wp\/v2\/categories?post=2288"},{"taxonomy":"post_tag","embeddable":true,"href":"https:\/\/agora.xtec.cat\/institutescolapallaresa\/wp-json\/wp\/v2\/tags?post=2288"}],"curies":[{"name":"wp","href":"https:\/\/api.w.org\/{rel}","templated":true}]}}