{"id":1926,"date":"2021-03-25T16:08:01","date_gmt":"2021-03-25T15:08:01","guid":{"rendered":"https:\/\/agora.xtec.cat\/institutescolapallaresa\/?p=1926"},"modified":"2022-02-08T15:41:25","modified_gmt":"2022-02-08T14:41:25","slug":"excursio-de-conte-a-p3","status":"publish","type":"post","link":"https:\/\/agora.xtec.cat\/institutescolapallaresa\/general\/excursio-de-conte-a-p3\/","title":{"rendered":"Excursi\u00f3 de conte a P3"},"content":{"rendered":"<p style=\"margin-bottom: 15.0pt; text-align: justify; line-height: 115%; background: white;\"><span style=\"font-family: 'Arial','sans-serif';\">Benvolgudes fam\u00edlies,<\/span><\/p>\n<p style=\"margin-bottom: 15.0pt; text-align: justify; line-height: 115%; background: white;\"><span style=\"font-family: 'Arial','sans-serif';\">El passat dilluns 15 de mar\u00e7, els nens i nenes de P3, vam anar a l&#8217;Ecometr\u00f2poli, a fer l&#8217;activitat \u201cExcursi\u00f3 de Conte\u201d.<\/span><\/p>\n<p style=\"margin-bottom: 15.0pt; text-align: justify; line-height: 115%; background: white;\"><span style=\"font-family: 'Arial','sans-serif';\">Representats amb titelles, vam poder con\u00e8ixer alguns personatges que habiten el bosc, com les fades m\u00e0giques, els animals de la zona i alguns arbres comuns. Partint del fil conductor del conte, vam valorar la natura que ens envolta i els esdeveniments que provoquen el perill i el temor dels \u00e9ssers m\u00e0gics i animals que l&#8217;habiten; com ara el foc, la brut\u00edcia o la tala d&#8217;arbres. <\/span><\/p>\n<p style=\"margin-bottom: 15.0pt; text-align: justify; line-height: 115%; background: white;\"><span style=\"font-family: 'Arial','sans-serif';\">Vam treballar en equip i vam realitzar unes cases amb elements naturals que ten\u00edem a l&#8217;abast, per protegir a les fades de la pluja, del vent i del foc. <\/span><\/p>\n<p style=\"margin-bottom: 15.0pt; text-align: justify; line-height: 115%; background: white;\"><span style=\"font-family: 'Arial','sans-serif';\">Aqu\u00ed us deixem un petit recull de fotos del gran dia que vam passar!<\/span><\/p>\n<p><a href=\"https:\/\/photos.app.goo.gl\/8xtJP1KbDa7Ya5Tk6\">FOTOS EXCURSI\u00d3 DE CONTE P3<\/a><\/p>\n","protected":false},"excerpt":{"rendered":"<p>Benvolgudes fam\u00edlies, El passat dilluns 15 de mar\u00e7, els nens i nenes de P3, vam anar a l&#8217;Ecometr\u00f2poli, a fer l&#8217;activitat \u201cExcursi\u00f3 de Conte\u201d. Representats amb titelles, vam poder con\u00e8ixer alguns personatges que habiten el bosc, com les fades m\u00e0giques, els animals de la zona i alguns arbres comuns. Partint del fil conductor del conte, [&hellip;]<\/p>\n","protected":false},"author":15,"featured_media":0,"comment_status":"open","ping_status":"closed","sticky":false,"template":"","format":"standard","meta":{"_bbp_topic_count":0,"_bbp_reply_count":0,"_bbp_total_topic_count":0,"_bbp_total_reply_count":0,"_bbp_voice_count":0,"_bbp_anonymous_reply_count":0,"_bbp_topic_count_hidden":0,"_bbp_reply_count_hidden":0,"_bbp_forum_subforum_count":0,"site-sidebar-layout":"default","site-content-layout":"","ast-site-content-layout":"","site-content-style":"default","site-sidebar-style":"default","ast-global-header-display":"","ast-banner-title-visibility":"","ast-main-header-display":"","ast-hfb-above-header-display":"","ast-hfb-below-header-display":"","ast-hfb-mobile-header-display":"","site-post-title":"","ast-breadcrumbs-content":"","ast-featured-img":"","footer-sml-layout":"","theme-transparent-header-meta":"","adv-header-id-meta":"","stick-header-meta":"","header-above-stick-meta":"","header-main-stick-meta":"","header-below-stick-meta":"","astra-migrate-meta-layouts":"default","ast-page-background-enabled":"default","ast-page-background-meta":{"desktop":{"background-color":"var(--ast-global-color-4)","background-image":"","background-repeat":"repeat","background-position":"center center","background-size":"auto","background-attachment":"scroll","background-type":"","background-media":"","overlay-type":"","overlay-color":"","overlay-opacity":"","overlay-gradient":""},"tablet":{"background-color":"","background-image":"","background-repeat":"repeat","background-position":"center center","background-size":"auto","background-attachment":"scroll","background-type":"","background-media":"","overlay-type":"","overlay-color":"","overlay-opacity":"","overlay-gradient":""},"mobile":{"background-color":"","background-image":"","background-repeat":"repeat","background-position":"center center","background-size":"auto","background-attachment":"scroll","background-type":"","background-media":"","overlay-type":"","overlay-color":"","overlay-opacity":"","overlay-gradient":""}},"ast-content-background-meta":{"desktop":{"background-color":"var(--ast-global-color-5)","background-image":"","background-repeat":"repeat","background-position":"center center","background-size":"auto","background-attachment":"scroll","background-type":"","background-media":"","overlay-type":"","overlay-color":"","overlay-opacity":"","overlay-gradient":""},"tablet":{"background-color":"var(--ast-global-color-5)","background-image":"","background-repeat":"repeat","background-position":"center center","background-size":"auto","background-attachment":"scroll","background-type":"","background-media":"","overlay-type":"","overlay-color":"","overlay-opacity":"","overlay-gradient":""},"mobile":{"background-color":"var(--ast-global-color-5)","background-image":"","background-repeat":"repeat","background-position":"center center","background-size":"auto","background-attachment":"scroll","background-type":"","background-media":"","overlay-type":"","overlay-color":"","overlay-opacity":"","overlay-gradient":""}},"footnotes":""},"categories":[1,3,2,4],"tags":[],"class_list":["post-1926","post","type-post","status-publish","format-standard","hentry","category-general","category-i3","category-infantil","category-portada"],"post_mailing_queue_ids":[],"_links":{"self":[{"href":"https:\/\/agora.xtec.cat\/institutescolapallaresa\/wp-json\/wp\/v2\/posts\/1926","targetHints":{"allow":["GET"]}}],"collection":[{"href":"https:\/\/agora.xtec.cat\/institutescolapallaresa\/wp-json\/wp\/v2\/posts"}],"about":[{"href":"https:\/\/agora.xtec.cat\/institutescolapallaresa\/wp-json\/wp\/v2\/types\/post"}],"author":[{"embeddable":true,"href":"https:\/\/agora.xtec.cat\/institutescolapallaresa\/wp-json\/wp\/v2\/users\/15"}],"replies":[{"embeddable":true,"href":"https:\/\/agora.xtec.cat\/institutescolapallaresa\/wp-json\/wp\/v2\/comments?post=1926"}],"version-history":[{"count":1,"href":"https:\/\/agora.xtec.cat\/institutescolapallaresa\/wp-json\/wp\/v2\/posts\/1926\/revisions"}],"predecessor-version":[{"id":1927,"href":"https:\/\/agora.xtec.cat\/institutescolapallaresa\/wp-json\/wp\/v2\/posts\/1926\/revisions\/1927"}],"wp:attachment":[{"href":"https:\/\/agora.xtec.cat\/institutescolapallaresa\/wp-json\/wp\/v2\/media?parent=1926"}],"wp:term":[{"taxonomy":"category","embeddable":true,"href":"https:\/\/agora.xtec.cat\/institutescolapallaresa\/wp-json\/wp\/v2\/categories?post=1926"},{"taxonomy":"post_tag","embeddable":true,"href":"https:\/\/agora.xtec.cat\/institutescolapallaresa\/wp-json\/wp\/v2\/tags?post=1926"}],"curies":[{"name":"wp","href":"https:\/\/api.w.org\/{rel}","templated":true}]}}