{"id":1580,"date":"2020-06-01T20:02:28","date_gmt":"2020-06-01T18:02:28","guid":{"rendered":"https:\/\/agora.xtec.cat\/institutescolapallaresa\/?p=1580"},"modified":"2022-02-08T15:41:52","modified_gmt":"2022-02-08T14:41:52","slug":"obertura-del-pallaresa","status":"publish","type":"post","link":"https:\/\/agora.xtec.cat\/institutescolapallaresa\/general\/obertura-del-pallaresa\/","title":{"rendered":"Obertura del centre"},"content":{"rendered":"<p>L\u2019OBERTURA DEL CENTRE EST\u00c0 PREVISTA PEL 8 DE JUNY (SEMPRE QUE SIGUEM A LA FASE 2).<\/p>\n<p><a href=\"https:\/\/agora.xtec.cat\/ceip-fray-luis-leon\/wp-content\/uploads\/usu900\/2020\/06\/Infografia-obertura.jpg\"><img loading=\"lazy\" decoding=\"async\" class=\" wp-image-3226 alignleft\" src=\"https:\/\/agora.xtec.cat\/ceip-fray-luis-leon\/wp-content\/uploads\/usu900\/2020\/06\/Infografia-obertura.jpg\" sizes=\"auto, (max-width: 124px) 100vw, 124px\" srcset=\"https:\/\/agora.xtec.cat\/ceip-fray-luis-leon\/wp-content\/uploads\/usu900\/2020\/06\/Infografia-obertura.jpg 267w, https:\/\/agora.xtec.cat\/ceip-fray-luis-leon\/wp-content\/uploads\/usu900\/2020\/06\/Infografia-obertura-120x300.jpg 120w\" alt=\"\" width=\"124\" height=\"309\" \/><\/a><\/p>\n<ul>\n<li><a href=\"https:\/\/drive.google.com\/file\/d\/1jEL-UfWHp6G5E2rU2QNFhyODlzfilTRr\/view?usp=sharing\" target=\"_blank\" rel=\"noopener noreferrer\">Comunicat<\/a> a totes les fam\u00edlies (infantil, prim\u00e0ria i ESO)<\/li>\n<li>Educaci\u00f3 infantil: <a href=\"https:\/\/drive.google.com\/file\/d\/1zUhBjMgCXlp6Lb-mYzhh9hnL1CHH1zND\/view?usp=sharing\" target=\"_blank\" rel=\"noopener noreferrer\">declaraci\u00f3 responsable<\/a><\/li>\n<li>Prim\u00e0ria i ESO: <a href=\"https:\/\/drive.google.com\/file\/d\/129DwYVq9CGge3kLaEGuBe5-x56CbLvuR\/view?usp=sharing\" target=\"_blank\" rel=\"noopener noreferrer\">declaraci\u00f3 responsable<\/a><\/li>\n<\/ul>\n<p>\u21d2\u00a0 \u00a0\u00a0<a href=\"https:\/\/drive.google.com\/file\/d\/1cokku-XugWpVQBS7Zy8yOawUwknPMrzG\/view?usp=sharing\" target=\"_blank\" rel=\"noopener noreferrer\">INFOGRAFIA OBERTURA DE CENTRES EDUCATIUS<\/a><\/p>\n<p>\u21d2\u00a0 \u00a0 <a href=\"https:\/\/drive.google.com\/file\/d\/1EwWvLgDiCopa62H88OlecRxWjaXMm0Bi\/view?usp=sharing\" target=\"_blank\" rel=\"noopener noreferrer\">PLA D&#8217;OBERTURA DEL CENTRE<\/a><\/p>\n<p>EL CURS CONTINUAR\u00c0 TELEM\u00c0TICAMENT PER A TOTS ELS INFANTS FINS EL 19 DE JUNY, \u00daLTIM DIA DE DOC\u00c8NCIA.<\/p>\n","protected":false},"excerpt":{"rendered":"<p>L\u2019OBERTURA DEL CENTRE EST\u00c0 PREVISTA PEL 8 DE JUNY (SEMPRE QUE SIGUEM A LA FASE 2). Comunicat a totes les fam\u00edlies (infantil, prim\u00e0ria i ESO) Educaci\u00f3 infantil: declaraci\u00f3 responsable Prim\u00e0ria i ESO: declaraci\u00f3 responsable \u21d2\u00a0 \u00a0\u00a0INFOGRAFIA OBERTURA DE CENTRES EDUCATIUS \u21d2\u00a0 \u00a0 PLA D&#8217;OBERTURA DEL CENTRE EL CURS CONTINUAR\u00c0 TELEM\u00c0TICAMENT PER A TOTS ELS INFANTS [&hellip;]<\/p>\n","protected":false},"author":1,"featured_media":0,"comment_status":"open","ping_status":"closed","sticky":false,"template":"","format":"standard","meta":{"_bbp_topic_count":0,"_bbp_reply_count":0,"_bbp_total_topic_count":0,"_bbp_total_reply_count":0,"_bbp_voice_count":0,"_bbp_anonymous_reply_count":0,"_bbp_topic_count_hidden":0,"_bbp_reply_count_hidden":0,"_bbp_forum_subforum_count":0,"site-sidebar-layout":"default","site-content-layout":"","ast-site-content-layout":"","site-content-style":"default","site-sidebar-style":"default","ast-global-header-display":"","ast-banner-title-visibility":"","ast-main-header-display":"","ast-hfb-above-header-display":"","ast-hfb-below-header-display":"","ast-hfb-mobile-header-display":"","site-post-title":"","ast-breadcrumbs-content":"","ast-featured-img":"","footer-sml-layout":"","theme-transparent-header-meta":"","adv-header-id-meta":"","stick-header-meta":"","header-above-stick-meta":"","header-main-stick-meta":"","header-below-stick-meta":"","astra-migrate-meta-layouts":"default","ast-page-background-enabled":"default","ast-page-background-meta":{"desktop":{"background-color":"var(--ast-global-color-4)","background-image":"","background-repeat":"repeat","background-position":"center center","background-size":"auto","background-attachment":"scroll","background-type":"","background-media":"","overlay-type":"","overlay-color":"","overlay-opacity":"","overlay-gradient":""},"tablet":{"background-color":"","background-image":"","background-repeat":"repeat","background-position":"center center","background-size":"auto","background-attachment":"scroll","background-type":"","background-media":"","overlay-type":"","overlay-color":"","overlay-opacity":"","overlay-gradient":""},"mobile":{"background-color":"","background-image":"","background-repeat":"repeat","background-position":"center center","background-size":"auto","background-attachment":"scroll","background-type":"","background-media":"","overlay-type":"","overlay-color":"","overlay-opacity":"","overlay-gradient":""}},"ast-content-background-meta":{"desktop":{"background-color":"var(--ast-global-color-5)","background-image":"","background-repeat":"repeat","background-position":"center center","background-size":"auto","background-attachment":"scroll","background-type":"","background-media":"","overlay-type":"","overlay-color":"","overlay-opacity":"","overlay-gradient":""},"tablet":{"background-color":"var(--ast-global-color-5)","background-image":"","background-repeat":"repeat","background-position":"center center","background-size":"auto","background-attachment":"scroll","background-type":"","background-media":"","overlay-type":"","overlay-color":"","overlay-opacity":"","overlay-gradient":""},"mobile":{"background-color":"var(--ast-global-color-5)","background-image":"","background-repeat":"repeat","background-position":"center center","background-size":"auto","background-attachment":"scroll","background-type":"","background-media":"","overlay-type":"","overlay-color":"","overlay-opacity":"","overlay-gradient":""}},"footnotes":""},"categories":[63,1,2,4,5],"tags":[],"class_list":["post-1580","post","type-post","status-publish","format-standard","hentry","category-eso","category-general","category-infantil","category-portada","category-primaria"],"post_mailing_queue_ids":[],"_links":{"self":[{"href":"https:\/\/agora.xtec.cat\/institutescolapallaresa\/wp-json\/wp\/v2\/posts\/1580","targetHints":{"allow":["GET"]}}],"collection":[{"href":"https:\/\/agora.xtec.cat\/institutescolapallaresa\/wp-json\/wp\/v2\/posts"}],"about":[{"href":"https:\/\/agora.xtec.cat\/institutescolapallaresa\/wp-json\/wp\/v2\/types\/post"}],"author":[{"embeddable":true,"href":"https:\/\/agora.xtec.cat\/institutescolapallaresa\/wp-json\/wp\/v2\/users\/1"}],"replies":[{"embeddable":true,"href":"https:\/\/agora.xtec.cat\/institutescolapallaresa\/wp-json\/wp\/v2\/comments?post=1580"}],"version-history":[{"count":3,"href":"https:\/\/agora.xtec.cat\/institutescolapallaresa\/wp-json\/wp\/v2\/posts\/1580\/revisions"}],"predecessor-version":[{"id":1587,"href":"https:\/\/agora.xtec.cat\/institutescolapallaresa\/wp-json\/wp\/v2\/posts\/1580\/revisions\/1587"}],"wp:attachment":[{"href":"https:\/\/agora.xtec.cat\/institutescolapallaresa\/wp-json\/wp\/v2\/media?parent=1580"}],"wp:term":[{"taxonomy":"category","embeddable":true,"href":"https:\/\/agora.xtec.cat\/institutescolapallaresa\/wp-json\/wp\/v2\/categories?post=1580"},{"taxonomy":"post_tag","embeddable":true,"href":"https:\/\/agora.xtec.cat\/institutescolapallaresa\/wp-json\/wp\/v2\/tags?post=1580"}],"curies":[{"name":"wp","href":"https:\/\/api.w.org\/{rel}","templated":true}]}}