{"id":1428,"date":"2020-04-21T14:49:12","date_gmt":"2020-04-21T12:49:12","guid":{"rendered":"https:\/\/agora.xtec.cat\/institutescolapallaresa\/?p=1428"},"modified":"2022-02-08T15:42:09","modified_gmt":"2022-02-08T14:42:09","slug":"sant-jordi","status":"publish","type":"post","link":"https:\/\/agora.xtec.cat\/institutescolapallaresa\/general\/sant-jordi\/","title":{"rendered":"Sant Jordi"},"content":{"rendered":"<p>Benvolguts\/des alumnes i fam\u00edlies,<\/p>\n<p>Com molts i moltes sabreu, el proper <strong>dijous 23 d\u2019abril celebrem la festivitat de Sant Jordi<\/strong>. Aquesta \u00e9s una diada molt especial en la que, tradicionalment,\u00a0 els carrers s\u2019omplen de gent passejant entre parades de llibres i roses que es regalen a les persones estimades. Malauradament, aquest any no ser\u00e0 aix\u00ed, per\u00f2 ens agradaria celebrar aquest dia d\u2019una manera especial.<\/p>\n<p>Us proposem <strong>omplir el web de creacions pl\u00e0stiques fetes pels alumnes<\/strong>, ja sigui un dibuix, una pintura, o una figura, sobre algun element relacionat amb Sant Jordi: roses, llibres, dracs, punts de llibre, castells, personatges&#8230;<\/p>\n<p>Volem que els nens i les nenes activin la seva creativitat, utilitzant materials que tinguin a casa. Us demanem, que feu una foto de la producci\u00f3 i l\u2019envieu al tutor o la tutora, <strong>no m\u00e9s tard de divendres 24 d\u2019abril<\/strong>.<\/p>\n<p>Animeu els vostres fills i filles a participar, per fer del web un espai de tots i totes.<\/p>\n<p>Us trobem a faltar. Una forta abra\u00e7ada,<\/p>\n<p>Equip docent\u00a0 IE Pallaresa<a href=\"https:\/\/agora.xtec.cat\/institutescolapallaresa\/wp-content\/uploads\/usu2058\/2020\/04\/drac-sant-jordi.jpg\"><img loading=\"lazy\" decoding=\"async\" class=\"aligncenter wp-image-1429\" src=\"https:\/\/agora.xtec.cat\/institutescolapallaresa\/wp-content\/uploads\/usu2058\/2020\/04\/drac-sant-jordi.jpg\" alt=\"\" width=\"595\" height=\"291\" srcset=\"https:\/\/agora.xtec.cat\/institutescolapallaresa\/wp-content\/uploads\/usu2058\/2020\/04\/drac-sant-jordi.jpg 933w, https:\/\/agora.xtec.cat\/institutescolapallaresa\/wp-content\/uploads\/usu2058\/2020\/04\/drac-sant-jordi-300x147.jpg 300w, https:\/\/agora.xtec.cat\/institutescolapallaresa\/wp-content\/uploads\/usu2058\/2020\/04\/drac-sant-jordi-768x376.jpg 768w\" sizes=\"auto, (max-width: 595px) 100vw, 595px\" \/><\/a><\/p>\n","protected":false},"excerpt":{"rendered":"<p>Benvolguts\/des alumnes i fam\u00edlies, Com molts i moltes sabreu, el proper dijous 23 d\u2019abril celebrem la festivitat de Sant Jordi. Aquesta \u00e9s una diada molt especial en la que, tradicionalment,\u00a0 els carrers s\u2019omplen de gent passejant entre parades de llibres i roses que es regalen a les persones estimades. Malauradament, aquest any no ser\u00e0 aix\u00ed, [&hellip;]<\/p>\n","protected":false},"author":1,"featured_media":0,"comment_status":"open","ping_status":"closed","sticky":false,"template":"","format":"standard","meta":{"_bbp_topic_count":0,"_bbp_reply_count":0,"_bbp_total_topic_count":0,"_bbp_total_reply_count":0,"_bbp_voice_count":0,"_bbp_anonymous_reply_count":0,"_bbp_topic_count_hidden":0,"_bbp_reply_count_hidden":0,"_bbp_forum_subforum_count":0,"site-sidebar-layout":"default","site-content-layout":"","ast-site-content-layout":"","site-content-style":"default","site-sidebar-style":"default","ast-global-header-display":"","ast-banner-title-visibility":"","ast-main-header-display":"","ast-hfb-above-header-display":"","ast-hfb-below-header-display":"","ast-hfb-mobile-header-display":"","site-post-title":"","ast-breadcrumbs-content":"","ast-featured-img":"","footer-sml-layout":"","theme-transparent-header-meta":"","adv-header-id-meta":"","stick-header-meta":"","header-above-stick-meta":"","header-main-stick-meta":"","header-below-stick-meta":"","astra-migrate-meta-layouts":"default","ast-page-background-enabled":"default","ast-page-background-meta":{"desktop":{"background-color":"var(--ast-global-color-4)","background-image":"","background-repeat":"repeat","background-position":"center center","background-size":"auto","background-attachment":"scroll","background-type":"","background-media":"","overlay-type":"","overlay-color":"","overlay-opacity":"","overlay-gradient":""},"tablet":{"background-color":"","background-image":"","background-repeat":"repeat","background-position":"center center","background-size":"auto","background-attachment":"scroll","background-type":"","background-media":"","overlay-type":"","overlay-color":"","overlay-opacity":"","overlay-gradient":""},"mobile":{"background-color":"","background-image":"","background-repeat":"repeat","background-position":"center center","background-size":"auto","background-attachment":"scroll","background-type":"","background-media":"","overlay-type":"","overlay-color":"","overlay-opacity":"","overlay-gradient":""}},"ast-content-background-meta":{"desktop":{"background-color":"var(--ast-global-color-5)","background-image":"","background-repeat":"repeat","background-position":"center center","background-size":"auto","background-attachment":"scroll","background-type":"","background-media":"","overlay-type":"","overlay-color":"","overlay-opacity":"","overlay-gradient":""},"tablet":{"background-color":"var(--ast-global-color-5)","background-image":"","background-repeat":"repeat","background-position":"center center","background-size":"auto","background-attachment":"scroll","background-type":"","background-media":"","overlay-type":"","overlay-color":"","overlay-opacity":"","overlay-gradient":""},"mobile":{"background-color":"var(--ast-global-color-5)","background-image":"","background-repeat":"repeat","background-position":"center center","background-size":"auto","background-attachment":"scroll","background-type":"","background-media":"","overlay-type":"","overlay-color":"","overlay-opacity":"","overlay-gradient":""}},"footnotes":""},"categories":[1,4],"tags":[],"class_list":["post-1428","post","type-post","status-publish","format-standard","hentry","category-general","category-portada"],"post_mailing_queue_ids":[],"_links":{"self":[{"href":"https:\/\/agora.xtec.cat\/institutescolapallaresa\/wp-json\/wp\/v2\/posts\/1428","targetHints":{"allow":["GET"]}}],"collection":[{"href":"https:\/\/agora.xtec.cat\/institutescolapallaresa\/wp-json\/wp\/v2\/posts"}],"about":[{"href":"https:\/\/agora.xtec.cat\/institutescolapallaresa\/wp-json\/wp\/v2\/types\/post"}],"author":[{"embeddable":true,"href":"https:\/\/agora.xtec.cat\/institutescolapallaresa\/wp-json\/wp\/v2\/users\/1"}],"replies":[{"embeddable":true,"href":"https:\/\/agora.xtec.cat\/institutescolapallaresa\/wp-json\/wp\/v2\/comments?post=1428"}],"version-history":[{"count":2,"href":"https:\/\/agora.xtec.cat\/institutescolapallaresa\/wp-json\/wp\/v2\/posts\/1428\/revisions"}],"predecessor-version":[{"id":1431,"href":"https:\/\/agora.xtec.cat\/institutescolapallaresa\/wp-json\/wp\/v2\/posts\/1428\/revisions\/1431"}],"wp:attachment":[{"href":"https:\/\/agora.xtec.cat\/institutescolapallaresa\/wp-json\/wp\/v2\/media?parent=1428"}],"wp:term":[{"taxonomy":"category","embeddable":true,"href":"https:\/\/agora.xtec.cat\/institutescolapallaresa\/wp-json\/wp\/v2\/categories?post=1428"},{"taxonomy":"post_tag","embeddable":true,"href":"https:\/\/agora.xtec.cat\/institutescolapallaresa\/wp-json\/wp\/v2\/tags?post=1428"}],"curies":[{"name":"wp","href":"https:\/\/api.w.org\/{rel}","templated":true}]}}