{"id":2788,"date":"2023-05-17T23:18:35","date_gmt":"2023-05-17T21:18:35","guid":{"rendered":"https:\/\/agora.xtec.cat\/institutcervello\/?p=2788"},"modified":"2023-06-19T14:14:39","modified_gmt":"2023-06-19T12:14:39","slug":"lalumnat-de-1r-deso-ha-participat-al-corarts","status":"publish","type":"post","link":"https:\/\/agora.xtec.cat\/institutcervello\/general\/lalumnat-de-1r-deso-ha-participat-al-corarts\/","title":{"rendered":"L&#8217;alumnat de 1r. d&#8217;ESO ha participat al CorArts"},"content":{"rendered":"<p>&nbsp;<\/p>\n<p><a href=\"https:\/\/agora.xtec.cat\/institutcervello\/wp-content\/uploads\/usu972\/2023\/05\/WhatsApp-Image-2023-05-17-at-19.47.27.jpeg\"><img loading=\"lazy\" decoding=\"async\" class=\"aligncenter wp-image-2785\" src=\"https:\/\/agora.xtec.cat\/institutcervello\/wp-content\/uploads\/usu972\/2023\/05\/WhatsApp-Image-2023-05-17-at-19.47.27-1024x1024.jpeg\" alt=\"\" width=\"720\" height=\"720\" srcset=\"https:\/\/agora.xtec.cat\/institutcervello\/wp-content\/uploads\/usu972\/2023\/05\/WhatsApp-Image-2023-05-17-at-19.47.27-1024x1024.jpeg 1024w, https:\/\/agora.xtec.cat\/institutcervello\/wp-content\/uploads\/usu972\/2023\/05\/WhatsApp-Image-2023-05-17-at-19.47.27-300x300.jpeg 300w, https:\/\/agora.xtec.cat\/institutcervello\/wp-content\/uploads\/usu972\/2023\/05\/WhatsApp-Image-2023-05-17-at-19.47.27-150x150.jpeg 150w, https:\/\/agora.xtec.cat\/institutcervello\/wp-content\/uploads\/usu972\/2023\/05\/WhatsApp-Image-2023-05-17-at-19.47.27-768x768.jpeg 768w, https:\/\/agora.xtec.cat\/institutcervello\/wp-content\/uploads\/usu972\/2023\/05\/WhatsApp-Image-2023-05-17-at-19.47.27.jpeg 1500w\" sizes=\"auto, (max-width: 720px) 100vw, 720px\" \/><\/a><\/p>\n<p><span style=\"font-weight: 400;\">Enguany, els grups de 1r d\u2019ESO de l\u2019Institut de Cervell\u00f3 han participat al CorArts. Es tracta d\u2019una trobada d\u2019alumnes de secund\u00e0ria amb l\u2019objectiu de cantar plegats.\u00a0<\/span><\/p>\n<p><span style=\"font-weight: 400;\">L\u2019obra escollida \u00e9s la cantata \u201cLa veu de la terra\u201d del compositor David Melgar i amb poemes de Gibert d\u2019Artze. La cantata consta de 9 can\u00e7ons que tracten temes del medi ambient i intenta concienciar sobre els problemes del planeta i animar els joves a actuar per salvar-lo. Cada institut ha de cantar sol una de les can\u00e7ons i tothom ha de cantar la can\u00e7\u00f3 final per acabar fent un cant col\u00b7lectiu molt emocionant. \u00c9s important remarcar que les can\u00e7ons s\u00f3n a dues veus, un repte nou pels estudiants.<\/span><\/p>\n<p><span style=\"font-weight: 400;\">Va ser una experi\u00e8ncia molt positiva, emotiva i motivadora per tothom. L\u2019any que ve repetim!<\/span><\/p>\n","protected":false},"excerpt":{"rendered":"<p>&nbsp; Enguany, els grups de 1r d\u2019ESO de l\u2019Institut de Cervell\u00f3 han participat al CorArts. Es tracta d\u2019una trobada d\u2019alumnes de secund\u00e0ria amb l\u2019objectiu de cantar plegats.\u00a0 L\u2019obra escollida \u00e9s la cantata \u201cLa veu de la terra\u201d del compositor David Melgar i amb poemes de Gibert d\u2019Artze. La cantata consta de 9 can\u00e7ons que tracten [&hellip;]<\/p>\n","protected":false},"author":1,"featured_media":0,"comment_status":"open","ping_status":"closed","sticky":false,"template":"","format":"standard","meta":{"_bbp_topic_count":0,"_bbp_reply_count":0,"_bbp_total_topic_count":0,"_bbp_total_reply_count":0,"_bbp_voice_count":0,"_bbp_anonymous_reply_count":0,"_bbp_topic_count_hidden":0,"_bbp_reply_count_hidden":0,"_bbp_forum_subforum_count":0,"site-sidebar-layout":"default","site-content-layout":"","ast-site-content-layout":"","site-content-style":"default","site-sidebar-style":"default","ast-global-header-display":"","ast-banner-title-visibility":"","ast-main-header-display":"","ast-hfb-above-header-display":"","ast-hfb-below-header-display":"","ast-hfb-mobile-header-display":"","site-post-title":"","ast-breadcrumbs-content":"","ast-featured-img":"","footer-sml-layout":"","theme-transparent-header-meta":"","adv-header-id-meta":"","stick-header-meta":"","header-above-stick-meta":"","header-main-stick-meta":"","header-below-stick-meta":"","astra-migrate-meta-layouts":"default","ast-page-background-enabled":"default","ast-page-background-meta":{"desktop":{"background-color":"var(--ast-global-color-4)","background-image":"","background-repeat":"repeat","background-position":"center center","background-size":"auto","background-attachment":"scroll","background-type":"","background-media":"","overlay-type":"","overlay-color":"","overlay-opacity":"","overlay-gradient":""},"tablet":{"background-color":"","background-image":"","background-repeat":"repeat","background-position":"center center","background-size":"auto","background-attachment":"scroll","background-type":"","background-media":"","overlay-type":"","overlay-color":"","overlay-opacity":"","overlay-gradient":""},"mobile":{"background-color":"","background-image":"","background-repeat":"repeat","background-position":"center center","background-size":"auto","background-attachment":"scroll","background-type":"","background-media":"","overlay-type":"","overlay-color":"","overlay-opacity":"","overlay-gradient":""}},"ast-content-background-meta":{"desktop":{"background-color":"var(--ast-global-color-5)","background-image":"","background-repeat":"repeat","background-position":"center center","background-size":"auto","background-attachment":"scroll","background-type":"","background-media":"","overlay-type":"","overlay-color":"","overlay-opacity":"","overlay-gradient":""},"tablet":{"background-color":"var(--ast-global-color-5)","background-image":"","background-repeat":"repeat","background-position":"center center","background-size":"auto","background-attachment":"scroll","background-type":"","background-media":"","overlay-type":"","overlay-color":"","overlay-opacity":"","overlay-gradient":""},"mobile":{"background-color":"var(--ast-global-color-5)","background-image":"","background-repeat":"repeat","background-position":"center center","background-size":"auto","background-attachment":"scroll","background-type":"","background-media":"","overlay-type":"","overlay-color":"","overlay-opacity":"","overlay-gradient":""}},"footnotes":""},"categories":[1,29],"tags":[107,117],"class_list":["post-2788","post","type-post","status-publish","format-standard","hentry","category-general","category-portada","tag-1r-deso","tag-curs-2022-23"],"post_mailing_queue_ids":[],"_links":{"self":[{"href":"https:\/\/agora.xtec.cat\/institutcervello\/wp-json\/wp\/v2\/posts\/2788","targetHints":{"allow":["GET"]}}],"collection":[{"href":"https:\/\/agora.xtec.cat\/institutcervello\/wp-json\/wp\/v2\/posts"}],"about":[{"href":"https:\/\/agora.xtec.cat\/institutcervello\/wp-json\/wp\/v2\/types\/post"}],"author":[{"embeddable":true,"href":"https:\/\/agora.xtec.cat\/institutcervello\/wp-json\/wp\/v2\/users\/1"}],"replies":[{"embeddable":true,"href":"https:\/\/agora.xtec.cat\/institutcervello\/wp-json\/wp\/v2\/comments?post=2788"}],"version-history":[{"count":1,"href":"https:\/\/agora.xtec.cat\/institutcervello\/wp-json\/wp\/v2\/posts\/2788\/revisions"}],"predecessor-version":[{"id":2789,"href":"https:\/\/agora.xtec.cat\/institutcervello\/wp-json\/wp\/v2\/posts\/2788\/revisions\/2789"}],"wp:attachment":[{"href":"https:\/\/agora.xtec.cat\/institutcervello\/wp-json\/wp\/v2\/media?parent=2788"}],"wp:term":[{"taxonomy":"category","embeddable":true,"href":"https:\/\/agora.xtec.cat\/institutcervello\/wp-json\/wp\/v2\/categories?post=2788"},{"taxonomy":"post_tag","embeddable":true,"href":"https:\/\/agora.xtec.cat\/institutcervello\/wp-json\/wp\/v2\/tags?post=2788"}],"curies":[{"name":"wp","href":"https:\/\/api.w.org\/{rel}","templated":true}]}}