{"id":9759,"date":"2021-05-27T14:02:13","date_gmt":"2021-05-27T12:02:13","guid":{"rendered":"http:\/\/agora.xtec.cat\/institut-torrefarrera\/?p=9759"},"modified":"2021-06-01T19:28:43","modified_gmt":"2021-06-01T17:28:43","slug":"posters-de-4t-eso-sobre-els-riscos-de-les-noves-tecnologies","status":"publish","type":"post","link":"https:\/\/agora.xtec.cat\/institut-torrefarrera\/general\/posters-de-4t-eso-sobre-els-riscos-de-les-noves-tecnologies\/","title":{"rendered":"P\u00f2sters de 4t ESO sobre els Riscos de les Noves Tecnologies"},"content":{"rendered":"<p>L&#8217;alumnat de 4t ESO de la mat\u00e8ria d&#8217;inform\u00e0tica, en el seu treball en l&#8217;edici\u00f3 d&#8217;imatge fixa, ha dissenyat tota una s\u00e8rie de p\u00f2sters amb la tem\u00e0tica &#8220;Els riscos de les Noves Tecnologies&#8221;. Hem fet una exposici\u00f3 al Hall de l&#8217;Institut per compartir missatges i esl\u00f2gans, dels dissenys treballats a l&#8217;aula.<\/p>\n<p><span style=\"font-weight: 400;\">En aquestes cartells l\u2019alumnat ha tractat amb destresa diferents tem\u00e0tiques relacionades o ocasionades pels mals usos de les noves tecnologies, com ara: la suplantaci\u00f3 identitat, el control a internet, riscos per a la salut i accidents, conseq\u00fc\u00e8ncies sociol\u00f2giques, malentesos, consum excessiu de temps, solitud a les xarxes socials, entre altres.<\/span><\/p>\n<p><a href=\"https:\/\/photos.app.goo.gl\/w5HCiARhYVApkEW28\" target=\"_blank\" rel=\"noopener noreferrer\">Us convidem a fer-ne la visita virtual, i valorar-ne la qualitat!<\/a><\/p>\n<p><a href=\"https:\/\/photos.app.goo.gl\/w5HCiARhYVApkEW28\" target=\"_blank\" rel=\"noopener noreferrer\"><img loading=\"lazy\" decoding=\"async\" class=\"alignnone size-large wp-image-9760\" src=\"https:\/\/agora.xtec.cat\/institut-torrefarrera\/wp-content\/uploads\/usu847\/2021\/05\/IMG_20210527_101547-1024x576.jpg\" alt=\"\" width=\"1024\" height=\"576\" srcset=\"https:\/\/agora.xtec.cat\/institut-torrefarrera\/wp-content\/uploads\/usu847\/2021\/05\/IMG_20210527_101547-1024x576.jpg 1024w, https:\/\/agora.xtec.cat\/institut-torrefarrera\/wp-content\/uploads\/usu847\/2021\/05\/IMG_20210527_101547-300x169.jpg 300w, https:\/\/agora.xtec.cat\/institut-torrefarrera\/wp-content\/uploads\/usu847\/2021\/05\/IMG_20210527_101547-768x432.jpg 768w\" sizes=\"auto, (max-width: 1024px) 100vw, 1024px\" \/><\/a><\/p>\n","protected":false},"excerpt":{"rendered":"<p>L&#8217;alumnat de 4t ESO de la mat\u00e8ria d&#8217;inform\u00e0tica, en el seu treball en l&#8217;edici\u00f3 d&#8217;imatge fixa, ha dissenyat tota una s\u00e8rie de p\u00f2sters amb la tem\u00e0tica &#8220;Els riscos de les Noves Tecnologies&#8221;. Hem fet una exposici\u00f3 al Hall de l&#8217;Institut per compartir missatges i esl\u00f2gans,&hellip;  <a href=\"https:\/\/agora.xtec.cat\/institut-torrefarrera\/general\/posters-de-4t-eso-sobre-els-riscos-de-les-noves-tecnologies\/\" title=\"Read P\u00f2sters de 4t ESO sobre els Riscos de les Noves Tecnologies\">Llegeix m\u00e9s\u00bb<\/a><\/p>\n","protected":false},"author":1,"featured_media":9760,"comment_status":"open","ping_status":"closed","sticky":false,"template":"","format":"standard","meta":{"_bbp_topic_count":0,"_bbp_reply_count":0,"_bbp_total_topic_count":0,"_bbp_total_reply_count":0,"_bbp_voice_count":0,"_bbp_anonymous_reply_count":0,"_bbp_topic_count_hidden":0,"_bbp_reply_count_hidden":0,"_bbp_forum_subforum_count":0,"footnotes":""},"categories":[7,1,115,122],"tags":[],"class_list":["post-9759","post","type-post","status-publish","format-standard","has-post-thumbnail","hentry","category-eso-4","category-general","category-tac","category-tecnologia"],"post_mailing_queue_ids":[],"_links":{"self":[{"href":"https:\/\/agora.xtec.cat\/institut-torrefarrera\/wp-json\/wp\/v2\/posts\/9759","targetHints":{"allow":["GET"]}}],"collection":[{"href":"https:\/\/agora.xtec.cat\/institut-torrefarrera\/wp-json\/wp\/v2\/posts"}],"about":[{"href":"https:\/\/agora.xtec.cat\/institut-torrefarrera\/wp-json\/wp\/v2\/types\/post"}],"author":[{"embeddable":true,"href":"https:\/\/agora.xtec.cat\/institut-torrefarrera\/wp-json\/wp\/v2\/users\/1"}],"replies":[{"embeddable":true,"href":"https:\/\/agora.xtec.cat\/institut-torrefarrera\/wp-json\/wp\/v2\/comments?post=9759"}],"version-history":[{"count":2,"href":"https:\/\/agora.xtec.cat\/institut-torrefarrera\/wp-json\/wp\/v2\/posts\/9759\/revisions"}],"predecessor-version":[{"id":9799,"href":"https:\/\/agora.xtec.cat\/institut-torrefarrera\/wp-json\/wp\/v2\/posts\/9759\/revisions\/9799"}],"wp:featuredmedia":[{"embeddable":true,"href":"https:\/\/agora.xtec.cat\/institut-torrefarrera\/wp-json\/wp\/v2\/media\/9760"}],"wp:attachment":[{"href":"https:\/\/agora.xtec.cat\/institut-torrefarrera\/wp-json\/wp\/v2\/media?parent=9759"}],"wp:term":[{"taxonomy":"category","embeddable":true,"href":"https:\/\/agora.xtec.cat\/institut-torrefarrera\/wp-json\/wp\/v2\/categories?post=9759"},{"taxonomy":"post_tag","embeddable":true,"href":"https:\/\/agora.xtec.cat\/institut-torrefarrera\/wp-json\/wp\/v2\/tags?post=9759"}],"curies":[{"name":"wp","href":"https:\/\/api.w.org\/{rel}","templated":true}]}}