{"id":9717,"date":"2021-05-14T18:48:37","date_gmt":"2021-05-14T16:48:37","guid":{"rendered":"http:\/\/agora.xtec.cat\/institut-torrefarrera\/?p=9717"},"modified":"2021-05-14T18:48:37","modified_gmt":"2021-05-14T16:48:37","slug":"sortida-de-3r-eso-al-roda-roda-i-al-moli-de-vilanoveta","status":"publish","type":"post","link":"https:\/\/agora.xtec.cat\/institut-torrefarrera\/general\/sortida-de-3r-eso-al-roda-roda-i-al-moli-de-vilanoveta\/","title":{"rendered":"Sortida de 3r ESO al Roda Roda i al Mol\u00ed de Vilanoveta"},"content":{"rendered":"<p>L&#8217;alumnat de 3r ESO va fer una sortida a Lleida, i va con\u00e8ixer l&#8217;exposici\u00f3 Roda-Roda, amb gran nombre de vehicles hist\u00f2rics que ens endinsa en l&#8217;evoluci\u00f3 del disseny, utilitats i prestacions dels vehicles a motor al llarg del segle XX. Tamb\u00e9 vam fer un recorregut pels Camps Elisis, espai emblem\u00e0tic de Lleida, reconeixent alguns dels seus llocs emblem\u00e0tics en una gimcama, i vam visitar tamb\u00e9 el Mol\u00ed de Vilanoveta, antic mol\u00ed fariner situat al barri de la Bordeta, on vam poder seguir una explicaci\u00f3 del treball que s&#8217;hi feia i el funcionament del mol\u00ed.<\/p>\n<p>Va ser una sortida molt interessant, i m\u00e9s tenint en compte el temps que feia que no ten\u00edem una visita organitzada de la qual gaudir amb la classe de 3r!<\/p>\n<p><a href=\"https:\/\/photos.app.goo.gl\/HeA8ZVFPyPGMia8U7\" target=\"_blank\" rel=\"noopener noreferrer\">Aqu\u00ed en podeu veure algunes imatges!<\/a><\/p>\n<p><a href=\"https:\/\/photos.app.goo.gl\/HeA8ZVFPyPGMia8U7\" target=\"_blank\" rel=\"noopener noreferrer\"><img loading=\"lazy\" decoding=\"async\" class=\"alignnone size-large wp-image-9719\" src=\"https:\/\/agora.xtec.cat\/institut-torrefarrera\/wp-content\/uploads\/usu847\/2021\/05\/resized_IMG_20210505_102707-1024x576.jpg\" alt=\"\" width=\"1024\" height=\"576\" srcset=\"https:\/\/agora.xtec.cat\/institut-torrefarrera\/wp-content\/uploads\/usu847\/2021\/05\/resized_IMG_20210505_102707-1024x576.jpg 1024w, https:\/\/agora.xtec.cat\/institut-torrefarrera\/wp-content\/uploads\/usu847\/2021\/05\/resized_IMG_20210505_102707-300x169.jpg 300w, https:\/\/agora.xtec.cat\/institut-torrefarrera\/wp-content\/uploads\/usu847\/2021\/05\/resized_IMG_20210505_102707-768x432.jpg 768w\" sizes=\"auto, (max-width: 1024px) 100vw, 1024px\" \/><\/a><\/p>\n<p>&nbsp;<\/p>\n<p>&nbsp;<\/p>\n","protected":false},"excerpt":{"rendered":"<p>L&#8217;alumnat de 3r ESO va fer una sortida a Lleida, i va con\u00e8ixer l&#8217;exposici\u00f3 Roda-Roda, amb gran nombre de vehicles hist\u00f2rics que ens endinsa en l&#8217;evoluci\u00f3 del disseny, utilitats i prestacions dels vehicles a motor al llarg del segle XX. Tamb\u00e9 vam fer un recorregut&hellip;  <a href=\"https:\/\/agora.xtec.cat\/institut-torrefarrera\/general\/sortida-de-3r-eso-al-roda-roda-i-al-moli-de-vilanoveta\/\" title=\"Read Sortida de 3r ESO al Roda Roda i al Mol\u00ed de Vilanoveta\">Llegeix m\u00e9s\u00bb<\/a><\/p>\n","protected":false},"author":1,"featured_media":9719,"comment_status":"open","ping_status":"closed","sticky":false,"template":"","format":"standard","meta":{"_bbp_topic_count":0,"_bbp_reply_count":0,"_bbp_total_topic_count":0,"_bbp_total_reply_count":0,"_bbp_voice_count":0,"_bbp_anonymous_reply_count":0,"_bbp_topic_count_hidden":0,"_bbp_reply_count_hidden":0,"_bbp_forum_subforum_count":0,"footnotes":""},"categories":[6,1,111,122],"tags":[],"class_list":["post-9717","post","type-post","status-publish","format-standard","has-post-thumbnail","hentry","category-eso-3","category-general","category-sortides","category-tecnologia"],"post_mailing_queue_ids":[],"_links":{"self":[{"href":"https:\/\/agora.xtec.cat\/institut-torrefarrera\/wp-json\/wp\/v2\/posts\/9717","targetHints":{"allow":["GET"]}}],"collection":[{"href":"https:\/\/agora.xtec.cat\/institut-torrefarrera\/wp-json\/wp\/v2\/posts"}],"about":[{"href":"https:\/\/agora.xtec.cat\/institut-torrefarrera\/wp-json\/wp\/v2\/types\/post"}],"author":[{"embeddable":true,"href":"https:\/\/agora.xtec.cat\/institut-torrefarrera\/wp-json\/wp\/v2\/users\/1"}],"replies":[{"embeddable":true,"href":"https:\/\/agora.xtec.cat\/institut-torrefarrera\/wp-json\/wp\/v2\/comments?post=9717"}],"version-history":[{"count":1,"href":"https:\/\/agora.xtec.cat\/institut-torrefarrera\/wp-json\/wp\/v2\/posts\/9717\/revisions"}],"predecessor-version":[{"id":9720,"href":"https:\/\/agora.xtec.cat\/institut-torrefarrera\/wp-json\/wp\/v2\/posts\/9717\/revisions\/9720"}],"wp:featuredmedia":[{"embeddable":true,"href":"https:\/\/agora.xtec.cat\/institut-torrefarrera\/wp-json\/wp\/v2\/media\/9719"}],"wp:attachment":[{"href":"https:\/\/agora.xtec.cat\/institut-torrefarrera\/wp-json\/wp\/v2\/media?parent=9717"}],"wp:term":[{"taxonomy":"category","embeddable":true,"href":"https:\/\/agora.xtec.cat\/institut-torrefarrera\/wp-json\/wp\/v2\/categories?post=9717"},{"taxonomy":"post_tag","embeddable":true,"href":"https:\/\/agora.xtec.cat\/institut-torrefarrera\/wp-json\/wp\/v2\/tags?post=9717"}],"curies":[{"name":"wp","href":"https:\/\/api.w.org\/{rel}","templated":true}]}}