{"id":9522,"date":"2021-03-27T18:17:18","date_gmt":"2021-03-27T17:17:18","guid":{"rendered":"http:\/\/agora.xtec.cat\/institut-torrefarrera\/?p=9522"},"modified":"2021-03-30T10:50:41","modified_gmt":"2021-03-30T08:50:41","slug":"hem-fet-la-iv-marxa-solidaria-i-sostenible-joan-sola","status":"publish","type":"post","link":"https:\/\/agora.xtec.cat\/institut-torrefarrera\/general\/hem-fet-la-iv-marxa-solidaria-i-sostenible-joan-sola\/","title":{"rendered":"Hem fet la IV Marxa Solid\u00e0ria i Sostenible Joan Sol\u00e0!"},"content":{"rendered":"<p style=\"text-align: justify;\"><span style=\"font-weight: 400;\">Alumnat, professorat i personal del PAS hem gaudit de la<\/span><b> IV MARXA SOLID\u00c0RIA I SOSTENIBLE INS JOAN SOL\u00c0. <\/b><span style=\"font-weight: 400;\">L\u2019organitzaci\u00f3 ha estat un any m\u00e9s possible gr\u00e0cies a la col\u00b7laboraci\u00f3 de professorat i alumnat.<\/span><\/p>\n<p style=\"text-align: justify;\"><span style=\"font-weight: 400;\">A m\u00e9s,\u00a0 la comunitat educativa de l\u2019INS Joan Sol\u00e0 tamb\u00e9 col\u00b7labora amb l\u2019ONG Save The Children fent una recollida de donatius econ\u00f2mics que s\u2019enviaran a l\u2019associaci\u00f3 per tal d\u2019ajudar en el finan\u00e7ament dels projectes solidaris que aquesta desenvolupa.<\/span><\/p>\n<p style=\"text-align: justify;\"><span style=\"font-weight: 400;\">Un objectiu b\u00e0sic de la marxa \u00e9s fomentar l\u2019activitat f\u00edsica per una vida saludable i al mateix temps valorar el respecte al medi ambient. Actualment patim canvi clim\u00e0tic i els efectes de la contaminaci\u00f3, produ\u00efts com a conseq\u00fc\u00e8ncia de l\u2019activitat humana, per\u00f2 davant els quals tots i totes podem fer-hi alguna cosa.\u00a0<\/span><\/p>\n<p><a href=\"https:\/\/photos.app.goo.gl\/edhx3raWK8JKPSvj7\" target=\"_blank\" rel=\"noopener noreferrer\"><img loading=\"lazy\" decoding=\"async\" class=\"alignnone size-large wp-image-9523\" src=\"https:\/\/agora.xtec.cat\/institut-torrefarrera\/wp-content\/uploads\/usu847\/2021\/03\/resized_P1230556-1024x683.jpg\" alt=\"\" width=\"1024\" height=\"683\" srcset=\"https:\/\/agora.xtec.cat\/institut-torrefarrera\/wp-content\/uploads\/usu847\/2021\/03\/resized_P1230556-1024x683.jpg 1024w, https:\/\/agora.xtec.cat\/institut-torrefarrera\/wp-content\/uploads\/usu847\/2021\/03\/resized_P1230556-300x200.jpg 300w, https:\/\/agora.xtec.cat\/institut-torrefarrera\/wp-content\/uploads\/usu847\/2021\/03\/resized_P1230556-768x513.jpg 768w, https:\/\/agora.xtec.cat\/institut-torrefarrera\/wp-content\/uploads\/usu847\/2021\/03\/resized_P1230556.jpg 1888w\" sizes=\"auto, (max-width: 1024px) 100vw, 1024px\" \/><\/a><\/p>\n<p style=\"text-align: justify;\"><span style=\"font-weight: 400;\">Per aquest motiu, l\u2019alumnat ha treballat activitats proposades des del departament de lleng\u00fces estrangeres sobre el <\/span><b>\u201cplogging\u201d<\/b><span style=\"font-weight: 400;\"> els dies previs a la Marxa. Durant la marxa els alumnes han portat a terme aquesta acci\u00f3 que\u00a0 consisteix en combinar l\u2019exercici f\u00edsic amb la recollida de les deixalles que ens trobem en el recorregut per tal de preservar i netejar el nostre entorn m\u00e9s proper.<\/span><\/p>\n<p><a href=\"https:\/\/photos.app.goo.gl\/edhx3raWK8JKPSvj7\" target=\"_blank\" rel=\"noopener noreferrer\"><img loading=\"lazy\" decoding=\"async\" class=\"alignnone size-large wp-image-9524\" src=\"https:\/\/agora.xtec.cat\/institut-torrefarrera\/wp-content\/uploads\/usu847\/2021\/03\/resized_plogging_2-1024x768.jpg\" alt=\"\" width=\"1024\" height=\"768\" srcset=\"https:\/\/agora.xtec.cat\/institut-torrefarrera\/wp-content\/uploads\/usu847\/2021\/03\/resized_plogging_2-1024x768.jpg 1024w, https:\/\/agora.xtec.cat\/institut-torrefarrera\/wp-content\/uploads\/usu847\/2021\/03\/resized_plogging_2-300x225.jpg 300w, https:\/\/agora.xtec.cat\/institut-torrefarrera\/wp-content\/uploads\/usu847\/2021\/03\/resized_plogging_2-768x576.jpg 768w, https:\/\/agora.xtec.cat\/institut-torrefarrera\/wp-content\/uploads\/usu847\/2021\/03\/resized_plogging_2-200x150.jpg 200w, https:\/\/agora.xtec.cat\/institut-torrefarrera\/wp-content\/uploads\/usu847\/2021\/03\/resized_plogging_2.jpg 2016w\" sizes=\"auto, (max-width: 1024px) 100vw, 1024px\" \/><\/a><\/p>\n<p style=\"text-align: justify;\"><span style=\"font-weight: 400;\">Paral\u00b7lelament, enguany s\u2019ha convocat el concurs de producci\u00f3 art\u00edstica <\/span><b>Inspira\u2019t amb la Marxa<\/b><span style=\"font-weight: 400;\"> al qual animen a tot l\u2019alumnat a participar.<\/span><\/p>\n<p style=\"text-align: justify;\"><span style=\"font-weight: 400;\">Volem agra\u00efr\u00a0 la col.laboraci\u00f3 als Supermercats Supsa (PlusFresc), la Cooperativa Frut\u00edcola de Torrefarrera i Agrufruto que s\u2019adhereixen a la causa fent donaci\u00f3 d\u2019avituallament.<\/span><\/p>\n<p style=\"text-align: justify;\">Vam tenir un dia amb temps agradable de primavera, i en podeu veure imatges!<\/p>\n<p style=\"text-align: justify;\"><a href=\"https:\/\/photos.app.goo.gl\/edhx3raWK8JKPSvj7\" target=\"_blank\" rel=\"noopener noreferrer\"><img loading=\"lazy\" decoding=\"async\" class=\"alignnone size-large wp-image-9525\" src=\"https:\/\/agora.xtec.cat\/institut-torrefarrera\/wp-content\/uploads\/usu847\/2021\/03\/resized_P1230608-1024x683.jpg\" alt=\"\" width=\"1024\" height=\"683\" srcset=\"https:\/\/agora.xtec.cat\/institut-torrefarrera\/wp-content\/uploads\/usu847\/2021\/03\/resized_P1230608-1024x683.jpg 1024w, https:\/\/agora.xtec.cat\/institut-torrefarrera\/wp-content\/uploads\/usu847\/2021\/03\/resized_P1230608-300x200.jpg 300w, https:\/\/agora.xtec.cat\/institut-torrefarrera\/wp-content\/uploads\/usu847\/2021\/03\/resized_P1230608-768x513.jpg 768w, https:\/\/agora.xtec.cat\/institut-torrefarrera\/wp-content\/uploads\/usu847\/2021\/03\/resized_P1230608.jpg 1888w\" sizes=\"auto, (max-width: 1024px) 100vw, 1024px\" \/><\/a><\/p>\n","protected":false},"excerpt":{"rendered":"<p>Alumnat, professorat i personal del PAS hem gaudit de la IV MARXA SOLID\u00c0RIA I SOSTENIBLE INS JOAN SOL\u00c0. L\u2019organitzaci\u00f3 ha estat un any m\u00e9s possible gr\u00e0cies a la col\u00b7laboraci\u00f3 de professorat i alumnat.<br \/>\nA m\u00e9s,\u00a0 la comunitat educativa de l\u2019INS Joan Sol\u00e0 tamb\u00e9 col\u00b7labora amb l\u2019ONG&hellip;  <a href=\"https:\/\/agora.xtec.cat\/institut-torrefarrera\/general\/hem-fet-la-iv-marxa-solidaria-i-sostenible-joan-sola\/\" title=\"Read Hem fet la IV Marxa Solid\u00e0ria i Sostenible Joan Sol\u00e0!\">Llegeix m\u00e9s\u00bb<\/a><\/p>\n","protected":false},"author":1,"featured_media":9523,"comment_status":"open","ping_status":"closed","sticky":false,"template":"","format":"standard","meta":{"_bbp_topic_count":0,"_bbp_reply_count":0,"_bbp_total_topic_count":0,"_bbp_total_reply_count":0,"_bbp_voice_count":0,"_bbp_anonymous_reply_count":0,"_bbp_topic_count_hidden":0,"_bbp_reply_count_hidden":0,"_bbp_forum_subforum_count":0,"footnotes":""},"categories":[152,119,113,124,1,161,111],"tags":[],"class_list":["post-9522","post","type-post","status-publish","format-standard","has-post-thumbnail","hentry","category-aprenentatge-i-servei","category-educacio-fisica","category-erasmus","category-escola-verda","category-general","category-siei","category-sortides"],"post_mailing_queue_ids":[],"_links":{"self":[{"href":"https:\/\/agora.xtec.cat\/institut-torrefarrera\/wp-json\/wp\/v2\/posts\/9522","targetHints":{"allow":["GET"]}}],"collection":[{"href":"https:\/\/agora.xtec.cat\/institut-torrefarrera\/wp-json\/wp\/v2\/posts"}],"about":[{"href":"https:\/\/agora.xtec.cat\/institut-torrefarrera\/wp-json\/wp\/v2\/types\/post"}],"author":[{"embeddable":true,"href":"https:\/\/agora.xtec.cat\/institut-torrefarrera\/wp-json\/wp\/v2\/users\/1"}],"replies":[{"embeddable":true,"href":"https:\/\/agora.xtec.cat\/institut-torrefarrera\/wp-json\/wp\/v2\/comments?post=9522"}],"version-history":[{"count":2,"href":"https:\/\/agora.xtec.cat\/institut-torrefarrera\/wp-json\/wp\/v2\/posts\/9522\/revisions"}],"predecessor-version":[{"id":9529,"href":"https:\/\/agora.xtec.cat\/institut-torrefarrera\/wp-json\/wp\/v2\/posts\/9522\/revisions\/9529"}],"wp:featuredmedia":[{"embeddable":true,"href":"https:\/\/agora.xtec.cat\/institut-torrefarrera\/wp-json\/wp\/v2\/media\/9523"}],"wp:attachment":[{"href":"https:\/\/agora.xtec.cat\/institut-torrefarrera\/wp-json\/wp\/v2\/media?parent=9522"}],"wp:term":[{"taxonomy":"category","embeddable":true,"href":"https:\/\/agora.xtec.cat\/institut-torrefarrera\/wp-json\/wp\/v2\/categories?post=9522"},{"taxonomy":"post_tag","embeddable":true,"href":"https:\/\/agora.xtec.cat\/institut-torrefarrera\/wp-json\/wp\/v2\/tags?post=9522"}],"curies":[{"name":"wp","href":"https:\/\/api.w.org\/{rel}","templated":true}]}}