{"id":9467,"date":"2021-03-22T18:25:57","date_gmt":"2021-03-22T17:25:57","guid":{"rendered":"http:\/\/agora.xtec.cat\/institut-torrefarrera\/?p=9467"},"modified":"2021-03-22T18:25:57","modified_gmt":"2021-03-22T17:25:57","slug":"participem-a-la-trobada-decodelegats-de-centres-de-la-xarxa-descoles-verdes","status":"publish","type":"post","link":"https:\/\/agora.xtec.cat\/institut-torrefarrera\/general\/participem-a-la-trobada-decodelegats-de-centres-de-la-xarxa-descoles-verdes\/","title":{"rendered":"Participem a la trobada d&#8217;ecodelegats de centres de la xarxa d&#8217;Escoles verdes"},"content":{"rendered":"<p>Avui 22 de mar\u00e7 hem participat a la trobada d&#8217;ecodelegats de centres de la Xarxa d&#8217;Escoles verdes de la prov\u00edncia de Lleida. Els nostres representants, alumnes membres del Comit\u00e8 ambiental i de Salut del centre, han participat en din\u00e0miques participatives per potenciar iniciatives ambientals als centres. En podeu veure <a href=\"https:\/\/photos.app.goo.gl\/c4gVPf7P85aSh2br6\" target=\"_blank\" rel=\"noopener noreferrer\">imatges aqu\u00ed.<\/a><\/p>\n<p><a href=\"https:\/\/photos.app.goo.gl\/c4gVPf7P85aSh2br6\" target=\"_blank\" rel=\"noopener noreferrer\"><img loading=\"lazy\" decoding=\"async\" class=\"alignnone size-large wp-image-9468\" src=\"https:\/\/agora.xtec.cat\/institut-torrefarrera\/wp-content\/uploads\/usu847\/2021\/03\/IMG_5695-1024x768.jpg\" alt=\"\" width=\"1024\" height=\"768\" srcset=\"https:\/\/agora.xtec.cat\/institut-torrefarrera\/wp-content\/uploads\/usu847\/2021\/03\/IMG_5695-1024x768.jpg 1024w, https:\/\/agora.xtec.cat\/institut-torrefarrera\/wp-content\/uploads\/usu847\/2021\/03\/IMG_5695-300x225.jpg 300w, https:\/\/agora.xtec.cat\/institut-torrefarrera\/wp-content\/uploads\/usu847\/2021\/03\/IMG_5695-768x576.jpg 768w, https:\/\/agora.xtec.cat\/institut-torrefarrera\/wp-content\/uploads\/usu847\/2021\/03\/IMG_5695-200x150.jpg 200w\" sizes=\"auto, (max-width: 1024px) 100vw, 1024px\" \/><\/a><\/p>\n<p>Durant la mateixa trobada, German Estudillos, professor coordinador del programa Escola Verda a l&#8217;Institut Joan Sol\u00e0, ha explicat al professorat de la resta de centres el nostre treball per potenciar la participaci\u00f3 de l&#8217;alumnat en les iniciatives ambientals, que desenvolupem al nostre centre amb el paper del Comit\u00e8 Ambiental i de Salut, utilitzant l&#8217;eina participativa Google Classroom. Us n&#8217;adjuntem la presentaci\u00f3.<\/p>\n<p><a href=\"https:\/\/drive.google.com\/file\/d\/14HAsgQfECeeJLJQ1nhc2AAiMBQvKkRws\/view?usp=sharing\" target=\"_blank\" rel=\"noopener noreferrer\"><img loading=\"lazy\" decoding=\"async\" class=\"alignnone size-full wp-image-9469\" src=\"https:\/\/agora.xtec.cat\/institut-torrefarrera\/wp-content\/uploads\/usu847\/2021\/03\/ponencia2.jpg\" alt=\"\" width=\"940\" height=\"531\" srcset=\"https:\/\/agora.xtec.cat\/institut-torrefarrera\/wp-content\/uploads\/usu847\/2021\/03\/ponencia2.jpg 940w, https:\/\/agora.xtec.cat\/institut-torrefarrera\/wp-content\/uploads\/usu847\/2021\/03\/ponencia2-300x169.jpg 300w, https:\/\/agora.xtec.cat\/institut-torrefarrera\/wp-content\/uploads\/usu847\/2021\/03\/ponencia2-768x434.jpg 768w\" sizes=\"auto, (max-width: 940px) 100vw, 940px\" \/><\/a><\/p>\n<p>&nbsp;<\/p>\n","protected":false},"excerpt":{"rendered":"<p>Avui 22 de mar\u00e7 hem participat a la trobada d&#8217;ecodelegats de centres de la Xarxa d&#8217;Escoles verdes de la prov\u00edncia de Lleida. Els nostres representants, alumnes membres del Comit\u00e8 ambiental i de Salut del centre, han participat en din\u00e0miques participatives per potenciar iniciatives ambientals als&hellip;  <a href=\"https:\/\/agora.xtec.cat\/institut-torrefarrera\/general\/participem-a-la-trobada-decodelegats-de-centres-de-la-xarxa-descoles-verdes\/\" title=\"Read Participem a la trobada d&#8217;ecodelegats de centres de la xarxa d&#8217;Escoles verdes\">Llegeix m\u00e9s\u00bb<\/a><\/p>\n","protected":false},"author":1,"featured_media":9468,"comment_status":"open","ping_status":"closed","sticky":false,"template":"","format":"standard","meta":{"_bbp_topic_count":0,"_bbp_reply_count":0,"_bbp_total_topic_count":0,"_bbp_total_reply_count":0,"_bbp_voice_count":0,"_bbp_anonymous_reply_count":0,"_bbp_topic_count_hidden":0,"_bbp_reply_count_hidden":0,"_bbp_forum_subforum_count":0,"footnotes":""},"categories":[124,1,108],"tags":[],"class_list":["post-9467","post","type-post","status-publish","format-standard","has-post-thumbnail","hentry","category-escola-verda","category-general","category-projectes-de-centre"],"post_mailing_queue_ids":[],"_links":{"self":[{"href":"https:\/\/agora.xtec.cat\/institut-torrefarrera\/wp-json\/wp\/v2\/posts\/9467","targetHints":{"allow":["GET"]}}],"collection":[{"href":"https:\/\/agora.xtec.cat\/institut-torrefarrera\/wp-json\/wp\/v2\/posts"}],"about":[{"href":"https:\/\/agora.xtec.cat\/institut-torrefarrera\/wp-json\/wp\/v2\/types\/post"}],"author":[{"embeddable":true,"href":"https:\/\/agora.xtec.cat\/institut-torrefarrera\/wp-json\/wp\/v2\/users\/1"}],"replies":[{"embeddable":true,"href":"https:\/\/agora.xtec.cat\/institut-torrefarrera\/wp-json\/wp\/v2\/comments?post=9467"}],"version-history":[{"count":1,"href":"https:\/\/agora.xtec.cat\/institut-torrefarrera\/wp-json\/wp\/v2\/posts\/9467\/revisions"}],"predecessor-version":[{"id":9470,"href":"https:\/\/agora.xtec.cat\/institut-torrefarrera\/wp-json\/wp\/v2\/posts\/9467\/revisions\/9470"}],"wp:featuredmedia":[{"embeddable":true,"href":"https:\/\/agora.xtec.cat\/institut-torrefarrera\/wp-json\/wp\/v2\/media\/9468"}],"wp:attachment":[{"href":"https:\/\/agora.xtec.cat\/institut-torrefarrera\/wp-json\/wp\/v2\/media?parent=9467"}],"wp:term":[{"taxonomy":"category","embeddable":true,"href":"https:\/\/agora.xtec.cat\/institut-torrefarrera\/wp-json\/wp\/v2\/categories?post=9467"},{"taxonomy":"post_tag","embeddable":true,"href":"https:\/\/agora.xtec.cat\/institut-torrefarrera\/wp-json\/wp\/v2\/tags?post=9467"}],"curies":[{"name":"wp","href":"https:\/\/api.w.org\/{rel}","templated":true}]}}