{"id":9455,"date":"2021-03-20T08:13:09","date_gmt":"2021-03-20T07:13:09","guid":{"rendered":"http:\/\/agora.xtec.cat\/institut-torrefarrera\/?p=9455"},"modified":"2021-03-20T08:13:09","modified_gmt":"2021-03-20T07:13:09","slug":"ja-tenim-publicat-a-emun-el-nostre-programa-de-radio-del-projecte-de-3r-eso","status":"publish","type":"post","link":"https:\/\/agora.xtec.cat\/institut-torrefarrera\/general\/ja-tenim-publicat-a-emun-el-nostre-programa-de-radio-del-projecte-de-3r-eso\/","title":{"rendered":"Ja tenim publicat a EMUN el nostre programa de r\u00e0dio del projecte de 3r ESO!"},"content":{"rendered":"<p>Us fem arribar el producte final del Projecte Fem R\u00e0dio que va treballar l&#8217;alumnat de 3r ESO, gr\u00e0cies als mitjans i la col\u00b7laboraci\u00f3 de N\u00faria Garcia i Laura Purroy, de l&#8217;emissora EMUN de Torrefarrera.<\/p>\n<p>Podeu trobar en <a href=\"https:\/\/www.emunfmradio.cat\/news\/id\/emunfmradio_news_563\" target=\"_blank\" rel=\"noopener noreferrer\">aquest enlla\u00e7<\/a>, cada not\u00edcia i cada entrevista que van fer, tot molt ben treballat!<\/p>\n<p><a href=\"https:\/\/www.emunfmradio.cat\/news\/id\/emunfmradio_news_563\" target=\"_blank\" rel=\"noopener noreferrer\">https:\/\/www.emunfmradio.cat\/news\/id\/emunfmradio_news_563<\/a><\/p>\n<p><a href=\"https:\/\/photos.app.goo.gl\/tN7oUCFPbtjPe5iY8\" target=\"_blank\" rel=\"noopener noreferrer\"><img loading=\"lazy\" decoding=\"async\" class=\"alignnone size-large wp-image-9422\" src=\"https:\/\/agora.xtec.cat\/institut-torrefarrera\/wp-content\/uploads\/usu847\/2021\/03\/resized_20210311_103410-1024x768.jpg\" alt=\"\" width=\"1024\" height=\"768\" srcset=\"https:\/\/agora.xtec.cat\/institut-torrefarrera\/wp-content\/uploads\/usu847\/2021\/03\/resized_20210311_103410-1024x768.jpg 1024w, https:\/\/agora.xtec.cat\/institut-torrefarrera\/wp-content\/uploads\/usu847\/2021\/03\/resized_20210311_103410-300x225.jpg 300w, https:\/\/agora.xtec.cat\/institut-torrefarrera\/wp-content\/uploads\/usu847\/2021\/03\/resized_20210311_103410-768x576.jpg 768w, https:\/\/agora.xtec.cat\/institut-torrefarrera\/wp-content\/uploads\/usu847\/2021\/03\/resized_20210311_103410-200x150.jpg 200w, https:\/\/agora.xtec.cat\/institut-torrefarrera\/wp-content\/uploads\/usu847\/2021\/03\/resized_20210311_103410.jpg 2000w\" sizes=\"auto, (max-width: 1024px) 100vw, 1024px\" \/><\/a><\/p>\n","protected":false},"excerpt":{"rendered":"<p>Us fem arribar el producte final del Projecte Fem R\u00e0dio que va treballar l&#8217;alumnat de 3r ESO, gr\u00e0cies als mitjans i la col\u00b7laboraci\u00f3 de N\u00faria Garcia i Laura Purroy, de l&#8217;emissora EMUN de Torrefarrera.<br \/>\nPodeu trobar en <a href=\"https:\/\/www.emunfmradio.cat\/news\/id\/emunfmradio_news_563\" target=\"_blank\" rel=\"noopener noreferrer\">aquest enlla\u00e7<\/a>, cada not\u00edcia i&hellip;  <a href=\"https:\/\/agora.xtec.cat\/institut-torrefarrera\/general\/ja-tenim-publicat-a-emun-el-nostre-programa-de-radio-del-projecte-de-3r-eso\/\" title=\"Read Ja tenim publicat a EMUN el nostre programa de r\u00e0dio del projecte de 3r ESO!\">Llegeix m\u00e9s\u00bb<\/a><\/p>\n","protected":false},"author":1,"featured_media":9422,"comment_status":"open","ping_status":"closed","sticky":false,"template":"","format":"standard","meta":{"_bbp_topic_count":0,"_bbp_reply_count":0,"_bbp_total_topic_count":0,"_bbp_total_reply_count":0,"_bbp_voice_count":0,"_bbp_anonymous_reply_count":0,"_bbp_topic_count_hidden":0,"_bbp_reply_count_hidden":0,"_bbp_forum_subforum_count":0,"footnotes":""},"categories":[110,6,1,109],"tags":[],"class_list":["post-9455","post","type-post","status-publish","format-standard","has-post-thumbnail","hentry","category-difusio","category-eso-3","category-general","category-treball-per-projectes"],"post_mailing_queue_ids":[],"_links":{"self":[{"href":"https:\/\/agora.xtec.cat\/institut-torrefarrera\/wp-json\/wp\/v2\/posts\/9455","targetHints":{"allow":["GET"]}}],"collection":[{"href":"https:\/\/agora.xtec.cat\/institut-torrefarrera\/wp-json\/wp\/v2\/posts"}],"about":[{"href":"https:\/\/agora.xtec.cat\/institut-torrefarrera\/wp-json\/wp\/v2\/types\/post"}],"author":[{"embeddable":true,"href":"https:\/\/agora.xtec.cat\/institut-torrefarrera\/wp-json\/wp\/v2\/users\/1"}],"replies":[{"embeddable":true,"href":"https:\/\/agora.xtec.cat\/institut-torrefarrera\/wp-json\/wp\/v2\/comments?post=9455"}],"version-history":[{"count":1,"href":"https:\/\/agora.xtec.cat\/institut-torrefarrera\/wp-json\/wp\/v2\/posts\/9455\/revisions"}],"predecessor-version":[{"id":9456,"href":"https:\/\/agora.xtec.cat\/institut-torrefarrera\/wp-json\/wp\/v2\/posts\/9455\/revisions\/9456"}],"wp:featuredmedia":[{"embeddable":true,"href":"https:\/\/agora.xtec.cat\/institut-torrefarrera\/wp-json\/wp\/v2\/media\/9422"}],"wp:attachment":[{"href":"https:\/\/agora.xtec.cat\/institut-torrefarrera\/wp-json\/wp\/v2\/media?parent=9455"}],"wp:term":[{"taxonomy":"category","embeddable":true,"href":"https:\/\/agora.xtec.cat\/institut-torrefarrera\/wp-json\/wp\/v2\/categories?post=9455"},{"taxonomy":"post_tag","embeddable":true,"href":"https:\/\/agora.xtec.cat\/institut-torrefarrera\/wp-json\/wp\/v2\/tags?post=9455"}],"curies":[{"name":"wp","href":"https:\/\/api.w.org\/{rel}","templated":true}]}}