{"id":9417,"date":"2021-03-11T18:48:32","date_gmt":"2021-03-11T17:48:32","guid":{"rendered":"http:\/\/agora.xtec.cat\/institut-torrefarrera\/?p=9417"},"modified":"2021-03-24T23:21:05","modified_gmt":"2021-03-24T22:21:05","slug":"visites-per-video-al-nostre-institut-portes-obertes-2021","status":"publish","type":"post","link":"https:\/\/agora.xtec.cat\/institut-torrefarrera\/general\/visites-per-video-al-nostre-institut-portes-obertes-2021\/","title":{"rendered":"Visites per v\u00eddeo al nostre institut! (Portes obertes 2021)"},"content":{"rendered":"<p>Benvolgudes fam\u00edlies,<\/p>\n<p>tenint en compte que les Portes Obertes al nostre institut no poden ser com voldr\u00edem i trobar-nos tothom a la nostra Sala d&#8217;actes i trepitjar els passadissos, us fem arribar uns v\u00eddeos que ha enregistrat l&#8217;alumnat de Cultura Audiovisual de Batxillerat, perqu\u00e8 pugueu veure com \u00e9s l&#8217;institut per dins, i tamb\u00e9 les reflexions d&#8217;alumnes de 1r ESO d&#8217;aquest curs.<\/p>\n<p>Esperem que us agradin!<\/p>\n<p><iframe loading=\"lazy\" src=\"\/\/www.youtube.com\/embed\/c7U_4kpP3MA\" width=\"560\" height=\"314\"><\/iframe><iframe loading=\"lazy\" src=\"\/\/www.youtube.com\/embed\/nX9ag1ll22E\" width=\"560\" height=\"314\"><\/iframe><iframe loading=\"lazy\" src=\"\/\/www.youtube.com\/embed\/3P5_0indZyI\" width=\"560\" height=\"314\"><\/iframe><\/p>\n<p><iframe loading=\"lazy\" src=\"\/\/www.youtube.com\/embed\/9UZuKtJufVE\" width=\"560\" height=\"314\"><\/iframe><\/p>\n","protected":false},"excerpt":{"rendered":"<p>Benvolgudes fam\u00edlies,<br \/>\ntenint en compte que les Portes Obertes al nostre institut no poden ser com voldr\u00edem i trobar-nos tothom a la nostra Sala d&#8217;actes i trepitjar els passadissos, us fem arribar uns v\u00eddeos que ha enregistrat l&#8217;alumnat de Cultura Audiovisual de Batxillerat, perqu\u00e8 pugueu veure&hellip;  <a href=\"https:\/\/agora.xtec.cat\/institut-torrefarrera\/general\/visites-per-video-al-nostre-institut-portes-obertes-2021\/\" title=\"Read Visites per v\u00eddeo al nostre institut! (Portes obertes 2021)\">Llegeix m\u00e9s\u00bb<\/a><\/p>\n","protected":false},"author":1,"featured_media":9386,"comment_status":"open","ping_status":"closed","sticky":false,"template":"","format":"standard","meta":{"_bbp_topic_count":0,"_bbp_reply_count":0,"_bbp_total_topic_count":0,"_bbp_total_reply_count":0,"_bbp_voice_count":0,"_bbp_anonymous_reply_count":0,"_bbp_topic_count_hidden":0,"_bbp_reply_count_hidden":0,"_bbp_forum_subforum_count":0,"footnotes":""},"categories":[110,1],"tags":[],"class_list":["post-9417","post","type-post","status-publish","format-standard","has-post-thumbnail","hentry","category-difusio","category-general"],"post_mailing_queue_ids":[],"_links":{"self":[{"href":"https:\/\/agora.xtec.cat\/institut-torrefarrera\/wp-json\/wp\/v2\/posts\/9417","targetHints":{"allow":["GET"]}}],"collection":[{"href":"https:\/\/agora.xtec.cat\/institut-torrefarrera\/wp-json\/wp\/v2\/posts"}],"about":[{"href":"https:\/\/agora.xtec.cat\/institut-torrefarrera\/wp-json\/wp\/v2\/types\/post"}],"author":[{"embeddable":true,"href":"https:\/\/agora.xtec.cat\/institut-torrefarrera\/wp-json\/wp\/v2\/users\/1"}],"replies":[{"embeddable":true,"href":"https:\/\/agora.xtec.cat\/institut-torrefarrera\/wp-json\/wp\/v2\/comments?post=9417"}],"version-history":[{"count":1,"href":"https:\/\/agora.xtec.cat\/institut-torrefarrera\/wp-json\/wp\/v2\/posts\/9417\/revisions"}],"predecessor-version":[{"id":9418,"href":"https:\/\/agora.xtec.cat\/institut-torrefarrera\/wp-json\/wp\/v2\/posts\/9417\/revisions\/9418"}],"wp:featuredmedia":[{"embeddable":true,"href":"https:\/\/agora.xtec.cat\/institut-torrefarrera\/wp-json\/wp\/v2\/media\/9386"}],"wp:attachment":[{"href":"https:\/\/agora.xtec.cat\/institut-torrefarrera\/wp-json\/wp\/v2\/media?parent=9417"}],"wp:term":[{"taxonomy":"category","embeddable":true,"href":"https:\/\/agora.xtec.cat\/institut-torrefarrera\/wp-json\/wp\/v2\/categories?post=9417"},{"taxonomy":"post_tag","embeddable":true,"href":"https:\/\/agora.xtec.cat\/institut-torrefarrera\/wp-json\/wp\/v2\/tags?post=9417"}],"curies":[{"name":"wp","href":"https:\/\/api.w.org\/{rel}","templated":true}]}}