{"id":9400,"date":"2021-03-09T20:29:55","date_gmt":"2021-03-09T19:29:55","guid":{"rendered":"http:\/\/agora.xtec.cat\/institut-torrefarrera\/?p=9400"},"modified":"2021-03-09T20:29:55","modified_gmt":"2021-03-09T19:29:55","slug":"hi-ha-realment-una-igualtat-efectiva-entre-homes-i-dones","status":"publish","type":"post","link":"https:\/\/agora.xtec.cat\/institut-torrefarrera\/general\/hi-ha-realment-una-igualtat-efectiva-entre-homes-i-dones\/","title":{"rendered":"Hi ha realment una igualtat efectiva entre homes i dones?"},"content":{"rendered":"<p>L\u2019alumnat de 2n d\u2019ESO de l\u2019institut Joan Sol\u00e0 ha estat treballant en el projecte: 8 de mar\u00e7, Dia Internacional de la Dona. Han passat unes enquestes a dones de la zona per tal d\u2019establir unes conclusions i mostrar la realitat de la situaci\u00f3 a les nostres comarques.<br \/>\nAra sabem que el 13.5% de les dones dediquen el temps lliure a mirar la televisi\u00f3 i un 5.7% a llegir llibres.<br \/>\nEl 68% de les dones manifesten que no els han impedit estudiar el que han volgut i un 46% pensen que tenen les mateixes oportunitats que els homes que les envolten.<br \/>\nUn 25% de les enquestades tenen un c\u00e0rrec directiu.<br \/>\nAquest \u00e9s un exemple d\u2019algunes de les evid\u00e8ncies que ens poden ajudar a fer visible si hi ha una igualtat efectiva o si, al contrari, encara ens queda recorregut per fer.<br \/>\nTot el centre est\u00e0 convidat a veure l\u2019exposici\u00f3 que s\u2019ha organitzat, tothom podr\u00e0 veure, analitzar i treure conclusions. \u00c9s la nostra manera de reivindicar el feminisme, de commemorar la lluita de la dona per la seva participaci\u00f3, juntament amb l\u2019home, al camp del treball i a la societat en general.<\/p>\n<p>Podeu veure la tasca en interessants gr\u00e0fics explicatius fets pel grup d&#8217;alumnes de 2n ESO, que exposem al Hall del centre.<\/p>\n<p><a href=\"https:\/\/photos.app.goo.gl\/hy2yeKuk1sygbm8T8\" target=\"_blank\" rel=\"noopener noreferrer\"><img loading=\"lazy\" decoding=\"async\" class=\"alignnone size-large wp-image-9401\" src=\"https:\/\/agora.xtec.cat\/institut-torrefarrera\/wp-content\/uploads\/usu847\/2021\/03\/resized_IMG_20210308_170124-1024x576.jpg\" alt=\"\" width=\"1024\" height=\"576\" srcset=\"https:\/\/agora.xtec.cat\/institut-torrefarrera\/wp-content\/uploads\/usu847\/2021\/03\/resized_IMG_20210308_170124-1024x576.jpg 1024w, https:\/\/agora.xtec.cat\/institut-torrefarrera\/wp-content\/uploads\/usu847\/2021\/03\/resized_IMG_20210308_170124-300x169.jpg 300w, https:\/\/agora.xtec.cat\/institut-torrefarrera\/wp-content\/uploads\/usu847\/2021\/03\/resized_IMG_20210308_170124-768x432.jpg 768w\" sizes=\"auto, (max-width: 1024px) 100vw, 1024px\" \/><\/a><\/p>\n","protected":false},"excerpt":{"rendered":"<p>L\u2019alumnat de 2n d\u2019ESO de l\u2019institut Joan Sol\u00e0 ha estat treballant en el projecte: 8 de mar\u00e7, Dia Internacional de la Dona. Han passat unes enquestes a dones de la zona per tal d\u2019establir unes conclusions i mostrar la realitat de la situaci\u00f3 a les&hellip;  <a href=\"https:\/\/agora.xtec.cat\/institut-torrefarrera\/general\/hi-ha-realment-una-igualtat-efectiva-entre-homes-i-dones\/\" title=\"Read Hi ha realment una igualtat efectiva entre homes i dones?\">Llegeix m\u00e9s\u00bb<\/a><\/p>\n","protected":false},"author":1,"featured_media":9401,"comment_status":"open","ping_status":"closed","sticky":false,"template":"","format":"standard","meta":{"_bbp_topic_count":0,"_bbp_reply_count":0,"_bbp_total_topic_count":0,"_bbp_total_reply_count":0,"_bbp_voice_count":0,"_bbp_anonymous_reply_count":0,"_bbp_topic_count_hidden":0,"_bbp_reply_count_hidden":0,"_bbp_forum_subforum_count":0,"footnotes":""},"categories":[5,1,108,109,128],"tags":[],"class_list":["post-9400","post","type-post","status-publish","format-standard","has-post-thumbnail","hentry","category-eso-2","category-general","category-projectes-de-centre","category-treball-per-projectes","category-valors-etics"],"post_mailing_queue_ids":[],"_links":{"self":[{"href":"https:\/\/agora.xtec.cat\/institut-torrefarrera\/wp-json\/wp\/v2\/posts\/9400","targetHints":{"allow":["GET"]}}],"collection":[{"href":"https:\/\/agora.xtec.cat\/institut-torrefarrera\/wp-json\/wp\/v2\/posts"}],"about":[{"href":"https:\/\/agora.xtec.cat\/institut-torrefarrera\/wp-json\/wp\/v2\/types\/post"}],"author":[{"embeddable":true,"href":"https:\/\/agora.xtec.cat\/institut-torrefarrera\/wp-json\/wp\/v2\/users\/1"}],"replies":[{"embeddable":true,"href":"https:\/\/agora.xtec.cat\/institut-torrefarrera\/wp-json\/wp\/v2\/comments?post=9400"}],"version-history":[{"count":1,"href":"https:\/\/agora.xtec.cat\/institut-torrefarrera\/wp-json\/wp\/v2\/posts\/9400\/revisions"}],"predecessor-version":[{"id":9402,"href":"https:\/\/agora.xtec.cat\/institut-torrefarrera\/wp-json\/wp\/v2\/posts\/9400\/revisions\/9402"}],"wp:featuredmedia":[{"embeddable":true,"href":"https:\/\/agora.xtec.cat\/institut-torrefarrera\/wp-json\/wp\/v2\/media\/9401"}],"wp:attachment":[{"href":"https:\/\/agora.xtec.cat\/institut-torrefarrera\/wp-json\/wp\/v2\/media?parent=9400"}],"wp:term":[{"taxonomy":"category","embeddable":true,"href":"https:\/\/agora.xtec.cat\/institut-torrefarrera\/wp-json\/wp\/v2\/categories?post=9400"},{"taxonomy":"post_tag","embeddable":true,"href":"https:\/\/agora.xtec.cat\/institut-torrefarrera\/wp-json\/wp\/v2\/tags?post=9400"}],"curies":[{"name":"wp","href":"https:\/\/api.w.org\/{rel}","templated":true}]}}