{"id":9326,"date":"2021-02-24T14:02:52","date_gmt":"2021-02-24T13:02:52","guid":{"rendered":"http:\/\/agora.xtec.cat\/institut-torrefarrera\/?p=9326"},"modified":"2021-02-24T14:02:52","modified_gmt":"2021-02-24T13:02:52","slug":"recollida-solidaria-per-a-la-campanya-posat-la-gorra-2021-afanoc","status":"publish","type":"post","link":"https:\/\/agora.xtec.cat\/institut-torrefarrera\/general\/recollida-solidaria-per-a-la-campanya-posat-la-gorra-2021-afanoc\/","title":{"rendered":"Recollida solid\u00e0ria per a la campanya Posa\u2019t la gorra 2021. AFANOC"},"content":{"rendered":"<p>Aquest any la pand\u00e8mia ha impedit que es duguin a terme els actes de sensibilitzaci\u00f3 sobre el c\u00e0ncer infantil que organitza cada any l\u2019associaci\u00f3 AFANOC per\u00f2, tot i aix\u00ed, des de l\u2019institut ens hem afegit a un format de campanya diferent.<br \/>\nEl que han fet aquest any els nostres alumnes de 3r d\u2019ESO per col\u00b7laborar amb l\u2019AFANOC i dins de les activitats d\u2019Aprenentatge i Servei \u00e9s posar en marxa una recollida solid\u00e0ria venent a les hores del pati, dels dies 11 i 12 de febrer, la gorra de l\u2019edici\u00f3 2021 creada per la marca \u201cNATURA\u201d i, com a novetat, tamb\u00e9 han venut un bonic assortit de mascaretes que han agradat molt.<br \/>\nCal dir que hi ha hagut un gran \u00e8xit de participaci\u00f3 i amb tot els articles venuts han pogut recollir un total de 768 \u20ac que han estat lliurats a l\u2019AFANOC.<br \/>\nAgra\u00efm la participaci\u00f3 de tots i totes.<\/p>\n<p>Vegeu un recull de fotografies de l\u2019activitat.<\/p>\n<p><a href=\"https:\/\/agora.xtec.cat\/institut-torrefarrera\/wp-content\/uploads\/usu847\/2021\/02\/IMG-20210211-WA0035-1.jpg\"><img loading=\"lazy\" decoding=\"async\" class=\"alignnone size-large wp-image-9328\" src=\"https:\/\/agora.xtec.cat\/institut-torrefarrera\/wp-content\/uploads\/usu847\/2021\/02\/IMG-20210211-WA0035-1-1024x765.jpg\" alt=\"\" width=\"1024\" height=\"765\" srcset=\"https:\/\/agora.xtec.cat\/institut-torrefarrera\/wp-content\/uploads\/usu847\/2021\/02\/IMG-20210211-WA0035-1-1024x765.jpg 1024w, https:\/\/agora.xtec.cat\/institut-torrefarrera\/wp-content\/uploads\/usu847\/2021\/02\/IMG-20210211-WA0035-1-300x224.jpg 300w, https:\/\/agora.xtec.cat\/institut-torrefarrera\/wp-content\/uploads\/usu847\/2021\/02\/IMG-20210211-WA0035-1-768x574.jpg 768w, https:\/\/agora.xtec.cat\/institut-torrefarrera\/wp-content\/uploads\/usu847\/2021\/02\/IMG-20210211-WA0035-1-200x150.jpg 200w, https:\/\/agora.xtec.cat\/institut-torrefarrera\/wp-content\/uploads\/usu847\/2021\/02\/IMG-20210211-WA0035-1.jpg 1600w\" sizes=\"auto, (max-width: 1024px) 100vw, 1024px\" \/><\/a> <a href=\"https:\/\/agora.xtec.cat\/institut-torrefarrera\/wp-content\/uploads\/usu847\/2021\/02\/IMG-20210211-WA0050.jpg\"><img loading=\"lazy\" decoding=\"async\" class=\"alignnone size-large wp-image-9329\" src=\"https:\/\/agora.xtec.cat\/institut-torrefarrera\/wp-content\/uploads\/usu847\/2021\/02\/IMG-20210211-WA0050-1024x765.jpg\" alt=\"\" width=\"1024\" height=\"765\" srcset=\"https:\/\/agora.xtec.cat\/institut-torrefarrera\/wp-content\/uploads\/usu847\/2021\/02\/IMG-20210211-WA0050-1024x765.jpg 1024w, https:\/\/agora.xtec.cat\/institut-torrefarrera\/wp-content\/uploads\/usu847\/2021\/02\/IMG-20210211-WA0050-300x224.jpg 300w, https:\/\/agora.xtec.cat\/institut-torrefarrera\/wp-content\/uploads\/usu847\/2021\/02\/IMG-20210211-WA0050-768x574.jpg 768w, https:\/\/agora.xtec.cat\/institut-torrefarrera\/wp-content\/uploads\/usu847\/2021\/02\/IMG-20210211-WA0050-200x150.jpg 200w, https:\/\/agora.xtec.cat\/institut-torrefarrera\/wp-content\/uploads\/usu847\/2021\/02\/IMG-20210211-WA0050.jpg 1600w\" sizes=\"auto, (max-width: 1024px) 100vw, 1024px\" \/><\/a> <a href=\"https:\/\/agora.xtec.cat\/institut-torrefarrera\/wp-content\/uploads\/usu847\/2021\/02\/IMG-20210211-WA0054.jpg\"><img loading=\"lazy\" decoding=\"async\" class=\"alignnone size-large wp-image-9330\" src=\"https:\/\/agora.xtec.cat\/institut-torrefarrera\/wp-content\/uploads\/usu847\/2021\/02\/IMG-20210211-WA0054-1024x765.jpg\" alt=\"\" width=\"1024\" height=\"765\" srcset=\"https:\/\/agora.xtec.cat\/institut-torrefarrera\/wp-content\/uploads\/usu847\/2021\/02\/IMG-20210211-WA0054-1024x765.jpg 1024w, https:\/\/agora.xtec.cat\/institut-torrefarrera\/wp-content\/uploads\/usu847\/2021\/02\/IMG-20210211-WA0054-300x224.jpg 300w, https:\/\/agora.xtec.cat\/institut-torrefarrera\/wp-content\/uploads\/usu847\/2021\/02\/IMG-20210211-WA0054-768x574.jpg 768w, https:\/\/agora.xtec.cat\/institut-torrefarrera\/wp-content\/uploads\/usu847\/2021\/02\/IMG-20210211-WA0054-200x150.jpg 200w, https:\/\/agora.xtec.cat\/institut-torrefarrera\/wp-content\/uploads\/usu847\/2021\/02\/IMG-20210211-WA0054.jpg 1600w\" sizes=\"auto, (max-width: 1024px) 100vw, 1024px\" \/><\/a> <a href=\"https:\/\/agora.xtec.cat\/institut-torrefarrera\/wp-content\/uploads\/usu847\/2021\/02\/IMG-20210212-WA0060.jpg\"><img loading=\"lazy\" decoding=\"async\" class=\"alignnone size-large wp-image-9331\" src=\"https:\/\/agora.xtec.cat\/institut-torrefarrera\/wp-content\/uploads\/usu847\/2021\/02\/IMG-20210212-WA0060-1024x768.jpg\" alt=\"\" width=\"1024\" height=\"768\" srcset=\"https:\/\/agora.xtec.cat\/institut-torrefarrera\/wp-content\/uploads\/usu847\/2021\/02\/IMG-20210212-WA0060-1024x768.jpg 1024w, https:\/\/agora.xtec.cat\/institut-torrefarrera\/wp-content\/uploads\/usu847\/2021\/02\/IMG-20210212-WA0060-300x225.jpg 300w, https:\/\/agora.xtec.cat\/institut-torrefarrera\/wp-content\/uploads\/usu847\/2021\/02\/IMG-20210212-WA0060-768x576.jpg 768w, https:\/\/agora.xtec.cat\/institut-torrefarrera\/wp-content\/uploads\/usu847\/2021\/02\/IMG-20210212-WA0060-200x150.jpg 200w, https:\/\/agora.xtec.cat\/institut-torrefarrera\/wp-content\/uploads\/usu847\/2021\/02\/IMG-20210212-WA0060.jpg 2000w\" sizes=\"auto, (max-width: 1024px) 100vw, 1024px\" \/><\/a> <a href=\"https:\/\/agora.xtec.cat\/institut-torrefarrera\/wp-content\/uploads\/usu847\/2021\/02\/IMG-20210212-WA0061.jpg\"><img loading=\"lazy\" decoding=\"async\" class=\"alignnone size-large wp-image-9332\" src=\"https:\/\/agora.xtec.cat\/institut-torrefarrera\/wp-content\/uploads\/usu847\/2021\/02\/IMG-20210212-WA0061-1024x768.jpg\" alt=\"\" width=\"1024\" height=\"768\" srcset=\"https:\/\/agora.xtec.cat\/institut-torrefarrera\/wp-content\/uploads\/usu847\/2021\/02\/IMG-20210212-WA0061-1024x768.jpg 1024w, https:\/\/agora.xtec.cat\/institut-torrefarrera\/wp-content\/uploads\/usu847\/2021\/02\/IMG-20210212-WA0061-300x225.jpg 300w, https:\/\/agora.xtec.cat\/institut-torrefarrera\/wp-content\/uploads\/usu847\/2021\/02\/IMG-20210212-WA0061-768x576.jpg 768w, https:\/\/agora.xtec.cat\/institut-torrefarrera\/wp-content\/uploads\/usu847\/2021\/02\/IMG-20210212-WA0061-200x150.jpg 200w, https:\/\/agora.xtec.cat\/institut-torrefarrera\/wp-content\/uploads\/usu847\/2021\/02\/IMG-20210212-WA0061.jpg 2000w\" sizes=\"auto, (max-width: 1024px) 100vw, 1024px\" \/><\/a><\/p>\n","protected":false},"excerpt":{"rendered":"<p>Aquest any la pand\u00e8mia ha impedit que es duguin a terme els actes de sensibilitzaci\u00f3 sobre el c\u00e0ncer infantil que organitza cada any l\u2019associaci\u00f3 AFANOC per\u00f2, tot i aix\u00ed, des de l\u2019institut ens hem afegit a un format de campanya diferent.<br \/>\nEl que han fet aquest&hellip;  <a href=\"https:\/\/agora.xtec.cat\/institut-torrefarrera\/general\/recollida-solidaria-per-a-la-campanya-posat-la-gorra-2021-afanoc\/\" title=\"Read Recollida solid\u00e0ria per a la campanya Posa\u2019t la gorra 2021. AFANOC\">Llegeix m\u00e9s\u00bb<\/a><\/p>\n","protected":false},"author":1,"featured_media":9327,"comment_status":"open","ping_status":"closed","sticky":false,"template":"","format":"standard","meta":{"_bbp_topic_count":0,"_bbp_reply_count":0,"_bbp_total_topic_count":0,"_bbp_total_reply_count":0,"_bbp_voice_count":0,"_bbp_anonymous_reply_count":0,"_bbp_topic_count_hidden":0,"_bbp_reply_count_hidden":0,"_bbp_forum_subforum_count":0,"footnotes":""},"categories":[152,6,1,108,128],"tags":[],"class_list":["post-9326","post","type-post","status-publish","format-standard","has-post-thumbnail","hentry","category-aprenentatge-i-servei","category-eso-3","category-general","category-projectes-de-centre","category-valors-etics"],"post_mailing_queue_ids":[],"_links":{"self":[{"href":"https:\/\/agora.xtec.cat\/institut-torrefarrera\/wp-json\/wp\/v2\/posts\/9326","targetHints":{"allow":["GET"]}}],"collection":[{"href":"https:\/\/agora.xtec.cat\/institut-torrefarrera\/wp-json\/wp\/v2\/posts"}],"about":[{"href":"https:\/\/agora.xtec.cat\/institut-torrefarrera\/wp-json\/wp\/v2\/types\/post"}],"author":[{"embeddable":true,"href":"https:\/\/agora.xtec.cat\/institut-torrefarrera\/wp-json\/wp\/v2\/users\/1"}],"replies":[{"embeddable":true,"href":"https:\/\/agora.xtec.cat\/institut-torrefarrera\/wp-json\/wp\/v2\/comments?post=9326"}],"version-history":[{"count":1,"href":"https:\/\/agora.xtec.cat\/institut-torrefarrera\/wp-json\/wp\/v2\/posts\/9326\/revisions"}],"predecessor-version":[{"id":9333,"href":"https:\/\/agora.xtec.cat\/institut-torrefarrera\/wp-json\/wp\/v2\/posts\/9326\/revisions\/9333"}],"wp:featuredmedia":[{"embeddable":true,"href":"https:\/\/agora.xtec.cat\/institut-torrefarrera\/wp-json\/wp\/v2\/media\/9327"}],"wp:attachment":[{"href":"https:\/\/agora.xtec.cat\/institut-torrefarrera\/wp-json\/wp\/v2\/media?parent=9326"}],"wp:term":[{"taxonomy":"category","embeddable":true,"href":"https:\/\/agora.xtec.cat\/institut-torrefarrera\/wp-json\/wp\/v2\/categories?post=9326"},{"taxonomy":"post_tag","embeddable":true,"href":"https:\/\/agora.xtec.cat\/institut-torrefarrera\/wp-json\/wp\/v2\/tags?post=9326"}],"curies":[{"name":"wp","href":"https:\/\/api.w.org\/{rel}","templated":true}]}}