{"id":9249,"date":"2021-02-03T22:35:59","date_gmt":"2021-02-03T21:35:59","guid":{"rendered":"http:\/\/agora.xtec.cat\/institut-torrefarrera\/?p=9249"},"modified":"2021-02-03T22:48:12","modified_gmt":"2021-02-03T21:48:12","slug":"alumnes-dampliacio-saluden-els-seus-partners-de-lituania","status":"publish","type":"post","link":"https:\/\/agora.xtec.cat\/institut-torrefarrera\/general\/alumnes-dampliacio-saluden-els-seus-partners-de-lituania\/","title":{"rendered":"Alumnes d&#8217;ampliaci\u00f3 saluden els seus partners de Litu\u00e0nia"},"content":{"rendered":"<p>El grup d&#8217;alumnes d&#8217;ampliaci\u00f3 de 2n i 3r ESO han intercanviat presentacions i han exposat les seves inquietuds respecte al futur del planeta al grup d&#8217;alumnes socis del projecte eTwinning &#8220;Wake up your Flash of Genius and take action for the planet (FlaG project)&#8221;.<\/p>\n<p>Continuarem amb aquestes coneixences online amb els nostres socis d&#8217;altres pa\u00efsos europeus. Aix\u00f2 sempre ens enriqueix!<\/p>\n<p><a href=\"https:\/\/agora.xtec.cat\/institut-torrefarrera\/wp-content\/uploads\/usu847\/2021\/02\/resized_IMG_20210202_100545.jpg\"><img loading=\"lazy\" decoding=\"async\" class=\"alignnone size-large wp-image-9251\" src=\"https:\/\/agora.xtec.cat\/institut-torrefarrera\/wp-content\/uploads\/usu847\/2021\/02\/resized_IMG_20210202_100545-1024x576.jpg\" alt=\"\" width=\"1024\" height=\"576\" srcset=\"https:\/\/agora.xtec.cat\/institut-torrefarrera\/wp-content\/uploads\/usu847\/2021\/02\/resized_IMG_20210202_100545-1024x576.jpg 1024w, https:\/\/agora.xtec.cat\/institut-torrefarrera\/wp-content\/uploads\/usu847\/2021\/02\/resized_IMG_20210202_100545-300x169.jpg 300w, https:\/\/agora.xtec.cat\/institut-torrefarrera\/wp-content\/uploads\/usu847\/2021\/02\/resized_IMG_20210202_100545-768x432.jpg 768w\" sizes=\"auto, (max-width: 1024px) 100vw, 1024px\" \/><\/a><\/p>\n<p><a href=\"https:\/\/agora.xtec.cat\/institut-torrefarrera\/wp-content\/uploads\/usu847\/2021\/02\/bb7fa382e_opt.jpg\"><img loading=\"lazy\" decoding=\"async\" class=\"alignnone size-full wp-image-9250\" src=\"https:\/\/agora.xtec.cat\/institut-torrefarrera\/wp-content\/uploads\/usu847\/2021\/02\/bb7fa382e_opt.jpg\" alt=\"\" width=\"711\" height=\"400\" srcset=\"https:\/\/agora.xtec.cat\/institut-torrefarrera\/wp-content\/uploads\/usu847\/2021\/02\/bb7fa382e_opt.jpg 711w, https:\/\/agora.xtec.cat\/institut-torrefarrera\/wp-content\/uploads\/usu847\/2021\/02\/bb7fa382e_opt-300x169.jpg 300w\" sizes=\"auto, (max-width: 711px) 100vw, 711px\" \/><\/a><\/p>\n","protected":false},"excerpt":{"rendered":"<p>El grup d&#8217;alumnes d&#8217;ampliaci\u00f3 de 2n i 3r ESO han intercanviat presentacions i han exposat les seves inquietuds respecte al futur del planeta al grup d&#8217;alumnes socis del projecte eTwinning &#8220;Wake up your Flash of Genius and take action for the planet (FlaG project)&#8221;.<br \/>\nContinuarem amb&hellip;  <a href=\"https:\/\/agora.xtec.cat\/institut-torrefarrera\/general\/alumnes-dampliacio-saluden-els-seus-partners-de-lituania\/\" title=\"Read Alumnes d&#8217;ampliaci\u00f3 saluden els seus partners de Litu\u00e0nia\">Llegeix m\u00e9s\u00bb<\/a><\/p>\n","protected":false},"author":1,"featured_media":9250,"comment_status":"open","ping_status":"closed","sticky":false,"template":"","format":"standard","meta":{"_bbp_topic_count":0,"_bbp_reply_count":0,"_bbp_total_topic_count":0,"_bbp_total_reply_count":0,"_bbp_voice_count":0,"_bbp_anonymous_reply_count":0,"_bbp_topic_count_hidden":0,"_bbp_reply_count_hidden":0,"_bbp_forum_subforum_count":0,"footnotes":""},"categories":[105,113,1,126,106,115],"tags":[],"class_list":["post-9249","post","type-post","status-publish","format-standard","has-post-thumbnail","hentry","category-ampliacio","category-erasmus","category-general","category-gep","category-llengua-estrangera","category-tac"],"post_mailing_queue_ids":[],"_links":{"self":[{"href":"https:\/\/agora.xtec.cat\/institut-torrefarrera\/wp-json\/wp\/v2\/posts\/9249","targetHints":{"allow":["GET"]}}],"collection":[{"href":"https:\/\/agora.xtec.cat\/institut-torrefarrera\/wp-json\/wp\/v2\/posts"}],"about":[{"href":"https:\/\/agora.xtec.cat\/institut-torrefarrera\/wp-json\/wp\/v2\/types\/post"}],"author":[{"embeddable":true,"href":"https:\/\/agora.xtec.cat\/institut-torrefarrera\/wp-json\/wp\/v2\/users\/1"}],"replies":[{"embeddable":true,"href":"https:\/\/agora.xtec.cat\/institut-torrefarrera\/wp-json\/wp\/v2\/comments?post=9249"}],"version-history":[{"count":1,"href":"https:\/\/agora.xtec.cat\/institut-torrefarrera\/wp-json\/wp\/v2\/posts\/9249\/revisions"}],"predecessor-version":[{"id":9252,"href":"https:\/\/agora.xtec.cat\/institut-torrefarrera\/wp-json\/wp\/v2\/posts\/9249\/revisions\/9252"}],"wp:featuredmedia":[{"embeddable":true,"href":"https:\/\/agora.xtec.cat\/institut-torrefarrera\/wp-json\/wp\/v2\/media\/9250"}],"wp:attachment":[{"href":"https:\/\/agora.xtec.cat\/institut-torrefarrera\/wp-json\/wp\/v2\/media?parent=9249"}],"wp:term":[{"taxonomy":"category","embeddable":true,"href":"https:\/\/agora.xtec.cat\/institut-torrefarrera\/wp-json\/wp\/v2\/categories?post=9249"},{"taxonomy":"post_tag","embeddable":true,"href":"https:\/\/agora.xtec.cat\/institut-torrefarrera\/wp-json\/wp\/v2\/tags?post=9249"}],"curies":[{"name":"wp","href":"https:\/\/api.w.org\/{rel}","templated":true}]}}