{"id":9171,"date":"2020-12-20T21:43:32","date_gmt":"2020-12-20T20:43:32","guid":{"rendered":"http:\/\/agora.xtec.cat\/institut-torrefarrera\/?p=9171"},"modified":"2020-12-20T21:43:32","modified_gmt":"2020-12-20T20:43:32","slug":"confeccio-i-venda-de-mascaretes-per-la-marato-2020-a-3r-eso","status":"publish","type":"post","link":"https:\/\/agora.xtec.cat\/institut-torrefarrera\/general\/confeccio-i-venda-de-mascaretes-per-la-marato-2020-a-3r-eso\/","title":{"rendered":"Confecci\u00f3 i venda de mascaretes per La Marat\u00f3 2020 a 3r ESO"},"content":{"rendered":"<p>Aquest trimestre els alumnes de 3 ESO han estat treballant en el projecte de La Marat\u00f3 de TV3, dedicat enguany a la Covid-19. S&#8217;han documentat, despr\u00e9s d&#8217;assistir a les sessions divulgatives, i han preparat una presentaci\u00f3 sobre la Covid que han vist tots els seus companys de l&#8217;Institut juntament amb el v\u00eddeo divulgatiu de La Marat\u00f3. Taller de mascaretes, de fundes i capses per guardar-les, punts de llibres, i algun que altre detall creatiu fet amb el cor, han venut a la parada de La Marat\u00f3 que ha tingut lloc aquest passat dijous 17 de desembre a l&#8217;entrada del nostre centre. Tots els diners van destinats a La Marat\u00f3 de TV3. Tot l&#8217;alumnat i professorat ha participat de la iniciativa solid\u00e0ria.\u00a0 Hem posat fil a l&#8217;agulla, i no solament en sentit literal, \u00a0a la solidaritat. Salut i moltes gr\u00e0cies a tothom.<\/p>\n<p><a href=\"https:\/\/photos.app.goo.gl\/CXBheJzgYvaUoaQm7\" target=\"_blank\" rel=\"noopener noreferrer\">En teniu imatges del proc\u00e9s de confecci\u00f3 i del dia de la venda<\/a><\/p>\n<p><a href=\"https:\/\/photos.app.goo.gl\/CXBheJzgYvaUoaQm7\" target=\"_blank\" rel=\"noopener noreferrer\"><img loading=\"lazy\" decoding=\"async\" class=\"alignnone size-large wp-image-9172\" src=\"https:\/\/agora.xtec.cat\/institut-torrefarrera\/wp-content\/uploads\/usu847\/2020\/12\/resized_IMG_20201105_123838-1024x768.jpg\" alt=\"\" width=\"1024\" height=\"768\" srcset=\"https:\/\/agora.xtec.cat\/institut-torrefarrera\/wp-content\/uploads\/usu847\/2020\/12\/resized_IMG_20201105_123838-1024x768.jpg 1024w, https:\/\/agora.xtec.cat\/institut-torrefarrera\/wp-content\/uploads\/usu847\/2020\/12\/resized_IMG_20201105_123838-300x225.jpg 300w, https:\/\/agora.xtec.cat\/institut-torrefarrera\/wp-content\/uploads\/usu847\/2020\/12\/resized_IMG_20201105_123838-768x576.jpg 768w, https:\/\/agora.xtec.cat\/institut-torrefarrera\/wp-content\/uploads\/usu847\/2020\/12\/resized_IMG_20201105_123838-200x150.jpg 200w, https:\/\/agora.xtec.cat\/institut-torrefarrera\/wp-content\/uploads\/usu847\/2020\/12\/resized_IMG_20201105_123838.jpg 1280w\" sizes=\"auto, (max-width: 1024px) 100vw, 1024px\" \/><\/a><\/p>\n<p><a href=\"https:\/\/photos.app.goo.gl\/CXBheJzgYvaUoaQm7\" target=\"_blank\" rel=\"noopener noreferrer\"><img loading=\"lazy\" decoding=\"async\" class=\"alignnone size-large wp-image-9174\" src=\"https:\/\/agora.xtec.cat\/institut-torrefarrera\/wp-content\/uploads\/usu847\/2020\/12\/resized_1608488137297-1024x766.jpg\" alt=\"\" width=\"1024\" height=\"766\" srcset=\"https:\/\/agora.xtec.cat\/institut-torrefarrera\/wp-content\/uploads\/usu847\/2020\/12\/resized_1608488137297-1024x766.jpg 1024w, https:\/\/agora.xtec.cat\/institut-torrefarrera\/wp-content\/uploads\/usu847\/2020\/12\/resized_1608488137297-300x224.jpg 300w, https:\/\/agora.xtec.cat\/institut-torrefarrera\/wp-content\/uploads\/usu847\/2020\/12\/resized_1608488137297-768x575.jpg 768w, https:\/\/agora.xtec.cat\/institut-torrefarrera\/wp-content\/uploads\/usu847\/2020\/12\/resized_1608488137297-200x150.jpg 200w\" sizes=\"auto, (max-width: 1024px) 100vw, 1024px\" \/><\/a><\/p>\n","protected":false},"excerpt":{"rendered":"<p>Aquest trimestre els alumnes de 3 ESO han estat treballant en el projecte de La Marat\u00f3 de TV3, dedicat enguany a la Covid-19. S&#8217;han documentat, despr\u00e9s d&#8217;assistir a les sessions divulgatives, i han preparat una presentaci\u00f3 sobre la Covid que han vist tots els seus&hellip;  <a href=\"https:\/\/agora.xtec.cat\/institut-torrefarrera\/general\/confeccio-i-venda-de-mascaretes-per-la-marato-2020-a-3r-eso\/\" title=\"Read Confecci\u00f3 i venda de mascaretes per La Marat\u00f3 2020 a 3r ESO\">Llegeix m\u00e9s\u00bb<\/a><\/p>\n","protected":false},"author":1,"featured_media":9174,"comment_status":"open","ping_status":"closed","sticky":false,"template":"","format":"standard","meta":{"_bbp_topic_count":0,"_bbp_reply_count":0,"_bbp_total_topic_count":0,"_bbp_total_reply_count":0,"_bbp_voice_count":0,"_bbp_anonymous_reply_count":0,"_bbp_topic_count_hidden":0,"_bbp_reply_count_hidden":0,"_bbp_forum_subforum_count":0,"footnotes":""},"categories":[152,6,1,108,109,128],"tags":[],"class_list":["post-9171","post","type-post","status-publish","format-standard","has-post-thumbnail","hentry","category-aprenentatge-i-servei","category-eso-3","category-general","category-projectes-de-centre","category-treball-per-projectes","category-valors-etics"],"post_mailing_queue_ids":[],"_links":{"self":[{"href":"https:\/\/agora.xtec.cat\/institut-torrefarrera\/wp-json\/wp\/v2\/posts\/9171","targetHints":{"allow":["GET"]}}],"collection":[{"href":"https:\/\/agora.xtec.cat\/institut-torrefarrera\/wp-json\/wp\/v2\/posts"}],"about":[{"href":"https:\/\/agora.xtec.cat\/institut-torrefarrera\/wp-json\/wp\/v2\/types\/post"}],"author":[{"embeddable":true,"href":"https:\/\/agora.xtec.cat\/institut-torrefarrera\/wp-json\/wp\/v2\/users\/1"}],"replies":[{"embeddable":true,"href":"https:\/\/agora.xtec.cat\/institut-torrefarrera\/wp-json\/wp\/v2\/comments?post=9171"}],"version-history":[{"count":2,"href":"https:\/\/agora.xtec.cat\/institut-torrefarrera\/wp-json\/wp\/v2\/posts\/9171\/revisions"}],"predecessor-version":[{"id":9176,"href":"https:\/\/agora.xtec.cat\/institut-torrefarrera\/wp-json\/wp\/v2\/posts\/9171\/revisions\/9176"}],"wp:featuredmedia":[{"embeddable":true,"href":"https:\/\/agora.xtec.cat\/institut-torrefarrera\/wp-json\/wp\/v2\/media\/9174"}],"wp:attachment":[{"href":"https:\/\/agora.xtec.cat\/institut-torrefarrera\/wp-json\/wp\/v2\/media?parent=9171"}],"wp:term":[{"taxonomy":"category","embeddable":true,"href":"https:\/\/agora.xtec.cat\/institut-torrefarrera\/wp-json\/wp\/v2\/categories?post=9171"},{"taxonomy":"post_tag","embeddable":true,"href":"https:\/\/agora.xtec.cat\/institut-torrefarrera\/wp-json\/wp\/v2\/tags?post=9171"}],"curies":[{"name":"wp","href":"https:\/\/api.w.org\/{rel}","templated":true}]}}