{"id":9143,"date":"2020-12-19T20:22:26","date_gmt":"2020-12-19T19:22:26","guid":{"rendered":"http:\/\/agora.xtec.cat\/institut-torrefarrera\/?p=9143"},"modified":"2020-12-23T10:49:24","modified_gmt":"2020-12-23T09:49:24","slug":"final-de-lintercanvi-erasmus-virtual-amb-lituania-atencio-a-la-musica","status":"publish","type":"post","link":"https:\/\/agora.xtec.cat\/institut-torrefarrera\/general\/final-de-lintercanvi-erasmus-virtual-amb-lituania-atencio-a-la-musica\/","title":{"rendered":"Final de l&#8217;intercanvi Erasmus+ virtual amb Litu\u00e0nia. Atenci\u00f3 a la m\u00fasica!"},"content":{"rendered":"<p>Hem acabat la setmana d&#8217;intercanvi virtual Erasmus+ amb Vilnius (Litu\u00e0nia) dins el projecte <em>DiscriminACTion for a better IntegrARTion,\u00a0<\/em>on hem fet diverses produccions art\u00edstiques reivindicant la integraci\u00f3 per sobre de la discriminaci\u00f3, en aquesta ocasi\u00f3 considerant les persones amb discapacitats. Aquesta \u00e9s la darrera trobada amb els instituts de Torre del Greco (It\u00e0lia), Ribeauvill\u00e9 (Fran\u00e7a) i Vilnius (Litu\u00e0nia) dins d&#8217;aquest projecte Erasmus+.<\/p>\n<p>Hem fet activitats sobre Litu\u00e0nia, sobre com actuar davant persones amb discapacitat, sobre l&#8217;expressi\u00f3 de les emocions&#8230;<\/p>\n<p>Volem compartir amb vosaltres un parell de productes art\u00edstics:<\/p>\n<ul>\n<li><strong>Un rap contra la discriminaci\u00f3<\/strong>, en el qual la tornada \u00e9s una estrofa de l&#8217;himne a l&#8217;alegria de Beethoven amb lletra adaptada. Fet en col\u00b7laboraci\u00f3 entre tots els instituts participants en aquest Erasmus+.<\/li>\n<\/ul>\n<p><iframe loading=\"lazy\" src=\"\/\/www.youtube.com\/embed\/ggXHwDc2AYU\" width=\"560\" height=\"314\"><\/iframe><\/p>\n<ul>\n<li>Papallones (s\u00edmbol del <strong>Zero Discrimination Day<\/strong>) fetes en cer\u00e0mica i decorades.<\/li>\n<\/ul>\n<p><a href=\"https:\/\/agora.xtec.cat\/institut-torrefarrera\/wp-content\/uploads\/usu847\/2020\/12\/IMG_20201217_113004.jpg\"><img loading=\"lazy\" decoding=\"async\" class=\"alignnone size-large wp-image-9168\" src=\"https:\/\/agora.xtec.cat\/institut-torrefarrera\/wp-content\/uploads\/usu847\/2020\/12\/IMG_20201217_113004-1024x576.jpg\" alt=\"\" width=\"1024\" height=\"576\" srcset=\"https:\/\/agora.xtec.cat\/institut-torrefarrera\/wp-content\/uploads\/usu847\/2020\/12\/IMG_20201217_113004-1024x576.jpg 1024w, https:\/\/agora.xtec.cat\/institut-torrefarrera\/wp-content\/uploads\/usu847\/2020\/12\/IMG_20201217_113004-300x169.jpg 300w, https:\/\/agora.xtec.cat\/institut-torrefarrera\/wp-content\/uploads\/usu847\/2020\/12\/IMG_20201217_113004-768x432.jpg 768w\" sizes=\"auto, (max-width: 1024px) 100vw, 1024px\" \/><\/a><\/p>\n<p>&nbsp;<\/p>\n","protected":false},"excerpt":{"rendered":"<p>Hem acabat la setmana d&#8217;intercanvi virtual Erasmus+ amb Vilnius (Litu\u00e0nia) dins el projecte DiscriminACTion for a better IntegrARTion,\u00a0on hem fet diverses produccions art\u00edstiques reivindicant la integraci\u00f3 per sobre de la discriminaci\u00f3, en aquesta ocasi\u00f3 considerant les persones amb discapacitats. Aquesta \u00e9s la darrera trobada amb&hellip;  <a href=\"https:\/\/agora.xtec.cat\/institut-torrefarrera\/general\/final-de-lintercanvi-erasmus-virtual-amb-lituania-atencio-a-la-musica\/\" title=\"Read Final de l&#8217;intercanvi Erasmus+ virtual amb Litu\u00e0nia. Atenci\u00f3 a la m\u00fasica!\">Llegeix m\u00e9s\u00bb<\/a><\/p>\n","protected":false},"author":1,"featured_media":9169,"comment_status":"open","ping_status":"closed","sticky":false,"template":"","format":"standard","meta":{"_bbp_topic_count":0,"_bbp_reply_count":0,"_bbp_total_topic_count":0,"_bbp_total_reply_count":0,"_bbp_voice_count":0,"_bbp_anonymous_reply_count":0,"_bbp_topic_count_hidden":0,"_bbp_reply_count_hidden":0,"_bbp_forum_subforum_count":0,"footnotes":""},"categories":[1],"tags":[],"class_list":["post-9143","post","type-post","status-publish","format-standard","has-post-thumbnail","hentry","category-general"],"post_mailing_queue_ids":[],"_links":{"self":[{"href":"https:\/\/agora.xtec.cat\/institut-torrefarrera\/wp-json\/wp\/v2\/posts\/9143","targetHints":{"allow":["GET"]}}],"collection":[{"href":"https:\/\/agora.xtec.cat\/institut-torrefarrera\/wp-json\/wp\/v2\/posts"}],"about":[{"href":"https:\/\/agora.xtec.cat\/institut-torrefarrera\/wp-json\/wp\/v2\/types\/post"}],"author":[{"embeddable":true,"href":"https:\/\/agora.xtec.cat\/institut-torrefarrera\/wp-json\/wp\/v2\/users\/1"}],"replies":[{"embeddable":true,"href":"https:\/\/agora.xtec.cat\/institut-torrefarrera\/wp-json\/wp\/v2\/comments?post=9143"}],"version-history":[{"count":3,"href":"https:\/\/agora.xtec.cat\/institut-torrefarrera\/wp-json\/wp\/v2\/posts\/9143\/revisions"}],"predecessor-version":[{"id":9188,"href":"https:\/\/agora.xtec.cat\/institut-torrefarrera\/wp-json\/wp\/v2\/posts\/9143\/revisions\/9188"}],"wp:featuredmedia":[{"embeddable":true,"href":"https:\/\/agora.xtec.cat\/institut-torrefarrera\/wp-json\/wp\/v2\/media\/9169"}],"wp:attachment":[{"href":"https:\/\/agora.xtec.cat\/institut-torrefarrera\/wp-json\/wp\/v2\/media?parent=9143"}],"wp:term":[{"taxonomy":"category","embeddable":true,"href":"https:\/\/agora.xtec.cat\/institut-torrefarrera\/wp-json\/wp\/v2\/categories?post=9143"},{"taxonomy":"post_tag","embeddable":true,"href":"https:\/\/agora.xtec.cat\/institut-torrefarrera\/wp-json\/wp\/v2\/tags?post=9143"}],"curies":[{"name":"wp","href":"https:\/\/api.w.org\/{rel}","templated":true}]}}