{"id":8851,"date":"2020-10-06T20:39:57","date_gmt":"2020-10-06T18:39:57","guid":{"rendered":"http:\/\/agora.xtec.cat\/institut-torrefarrera\/?p=8851"},"modified":"2020-10-06T20:41:21","modified_gmt":"2020-10-06T18:41:21","slug":"dos-alumnes-de-2n-deso-guanyen-el-premi-apila","status":"publish","type":"post","link":"https:\/\/agora.xtec.cat\/institut-torrefarrera\/general\/dos-alumnes-de-2n-deso-guanyen-el-premi-apila\/","title":{"rendered":"Dos alumnes de 2n d&#8217;ESO guanyen el premi APILO"},"content":{"rendered":"<p><a href=\"https:\/\/agora.xtec.cat\/institut-torrefarrera\/wp-content\/uploads\/usu847\/2020\/10\/IMG_3482-1-e1601997081398.jpg\"><img loading=\"lazy\" decoding=\"async\" class=\"wp-image-8853 alignright\" src=\"https:\/\/agora.xtec.cat\/institut-torrefarrera\/wp-content\/uploads\/usu847\/2020\/10\/IMG_3482-1-e1601997081398-768x1024.jpg\" alt=\"\" width=\"268\" height=\"357\" srcset=\"https:\/\/agora.xtec.cat\/institut-torrefarrera\/wp-content\/uploads\/usu847\/2020\/10\/IMG_3482-1-e1601997081398-768x1024.jpg 768w, https:\/\/agora.xtec.cat\/institut-torrefarrera\/wp-content\/uploads\/usu847\/2020\/10\/IMG_3482-1-e1601997081398-225x300.jpg 225w\" sizes=\"auto, (max-width: 268px) 100vw, 268px\" \/><\/a>Els alumnes Marc \u00c0guila i Valent\u00ed Campos, de 2n d&#8217;ESO han rebut una bateria externa per carregar tel\u00e8fons m\u00f2bils com a premi del concurs APILO que es va fer al llarg del curs passat dins el programa Escola verda. Els dos nois van aconseguir recollir una bona quantitat de piles usades i les van portar al centre. Com que, poc despr\u00e9s, es va produir el confinament, fins avui no se&#8217;ls ha pogut lliurar el premi.<\/p>\n<p>Felicitats als dos!<\/p>\n<p>Comissi\u00f3 Escola Verda<\/p>\n","protected":false},"excerpt":{"rendered":"<p><a href=\"https:\/\/agora.xtec.cat\/institut-torrefarrera\/wp-content\/uploads\/usu847\/2020\/10\/IMG_3482-1-e1601997081398.jpg\"><\/a>Els alumnes Marc \u00c0guila i Valent\u00ed Campos, de 2n d&#8217;ESO han rebut una bateria externa per carregar tel\u00e8fons m\u00f2bils com a premi del concurs APILO que es va fer al llarg del curs passat dins el programa Escola verda. Els dos nois van aconseguir&hellip;  <a href=\"https:\/\/agora.xtec.cat\/institut-torrefarrera\/general\/dos-alumnes-de-2n-deso-guanyen-el-premi-apila\/\" title=\"Read Dos alumnes de 2n d&#8217;ESO guanyen el premi APILO\">Llegeix m\u00e9s\u00bb<\/a><\/p>\n","protected":false},"author":359,"featured_media":8853,"comment_status":"open","ping_status":"closed","sticky":false,"template":"","format":"standard","meta":{"_bbp_topic_count":0,"_bbp_reply_count":0,"_bbp_total_topic_count":0,"_bbp_total_reply_count":0,"_bbp_voice_count":0,"_bbp_anonymous_reply_count":0,"_bbp_topic_count_hidden":0,"_bbp_reply_count_hidden":0,"_bbp_forum_subforum_count":0,"footnotes":""},"categories":[117,124,1,108],"tags":[],"class_list":["post-8851","post","type-post","status-publish","format-standard","has-post-thumbnail","hentry","category-concursos","category-escola-verda","category-general","category-projectes-de-centre"],"post_mailing_queue_ids":[],"_links":{"self":[{"href":"https:\/\/agora.xtec.cat\/institut-torrefarrera\/wp-json\/wp\/v2\/posts\/8851","targetHints":{"allow":["GET"]}}],"collection":[{"href":"https:\/\/agora.xtec.cat\/institut-torrefarrera\/wp-json\/wp\/v2\/posts"}],"about":[{"href":"https:\/\/agora.xtec.cat\/institut-torrefarrera\/wp-json\/wp\/v2\/types\/post"}],"author":[{"embeddable":true,"href":"https:\/\/agora.xtec.cat\/institut-torrefarrera\/wp-json\/wp\/v2\/users\/359"}],"replies":[{"embeddable":true,"href":"https:\/\/agora.xtec.cat\/institut-torrefarrera\/wp-json\/wp\/v2\/comments?post=8851"}],"version-history":[{"count":2,"href":"https:\/\/agora.xtec.cat\/institut-torrefarrera\/wp-json\/wp\/v2\/posts\/8851\/revisions"}],"predecessor-version":[{"id":8856,"href":"https:\/\/agora.xtec.cat\/institut-torrefarrera\/wp-json\/wp\/v2\/posts\/8851\/revisions\/8856"}],"wp:featuredmedia":[{"embeddable":true,"href":"https:\/\/agora.xtec.cat\/institut-torrefarrera\/wp-json\/wp\/v2\/media\/8853"}],"wp:attachment":[{"href":"https:\/\/agora.xtec.cat\/institut-torrefarrera\/wp-json\/wp\/v2\/media?parent=8851"}],"wp:term":[{"taxonomy":"category","embeddable":true,"href":"https:\/\/agora.xtec.cat\/institut-torrefarrera\/wp-json\/wp\/v2\/categories?post=8851"},{"taxonomy":"post_tag","embeddable":true,"href":"https:\/\/agora.xtec.cat\/institut-torrefarrera\/wp-json\/wp\/v2\/tags?post=8851"}],"curies":[{"name":"wp","href":"https:\/\/api.w.org\/{rel}","templated":true}]}}