{"id":8678,"date":"2020-06-16T11:38:51","date_gmt":"2020-06-16T09:38:51","guid":{"rendered":"http:\/\/agora.xtec.cat\/institut-torrefarrera\/?p=8678"},"modified":"2020-06-16T12:47:16","modified_gmt":"2020-06-16T10:47:16","slug":"aprenem-sobre-lanimacio-i-fotografia-en-tasques-durant-el-periode-de-virtualitzacio","status":"publish","type":"post","link":"https:\/\/agora.xtec.cat\/institut-torrefarrera\/general\/aprenem-sobre-lanimacio-i-fotografia-en-tasques-durant-el-periode-de-virtualitzacio\/","title":{"rendered":"Aprenem sobre l&#8217;animaci\u00f3 i fotografia en tasques durant el per\u00edode de &#8220;virtualitzaci\u00f3&#8221;"},"content":{"rendered":"<p>L&#8217;animaci\u00f3 s&#8217;ha convertit en un producte audiovisual per a totes les edats. Ho comprovem cada any a l&#8217;<i>Animac.\u00a0<\/i>Si voleu saber m\u00e9s sobre l&#8217;animaci\u00f3 en diferents \u00e8poques i pa\u00efsos, no us podeu perdre els v\u00eddeos de l&#8217;alumnat que cursa Cultura Audiovisual a 2n de batxillerat. Podeu veure el recull que en fan l&#8217;Ona Palau i l&#8217;Aina Ribes, alumnes de 2n Batxillerat<\/p>\n<p><iframe loading=\"lazy\" src=\"\/\/www.youtube.com\/embed\/gY701jGsk88\" width=\"560\" height=\"314\"><\/iframe><\/p>\n<p><iframe loading=\"lazy\" src=\"\/\/www.youtube.com\/embed\/t6BGftJz-cE\" width=\"560\" height=\"314\"><\/iframe><\/p>\n<p>Voleu aprendre coses sobre la c\u00e0mera fotogr\u00e0fica, mireu el disseny d&#8217;aquesta infografia que ens comparteix Maria Rebolleda de 1r Batxillerat.<\/p>\n<p><iframe loading=\"lazy\" src=\"\/\/www.youtube.com\/embed\/DukAUuCrZ5Q\" width=\"560\" height=\"314\"><\/iframe><\/p>\n","protected":false},"excerpt":{"rendered":"<p>L&#8217;animaci\u00f3 s&#8217;ha convertit en un producte audiovisual per a totes les edats. Ho comprovem cada any a l&#8217;Animac.\u00a0Si voleu saber m\u00e9s sobre l&#8217;animaci\u00f3 en diferents \u00e8poques i pa\u00efsos, no us podeu perdre els v\u00eddeos de l&#8217;alumnat que cursa Cultura Audiovisual a 2n de batxillerat. Podeu&hellip;  <a href=\"https:\/\/agora.xtec.cat\/institut-torrefarrera\/general\/aprenem-sobre-lanimacio-i-fotografia-en-tasques-durant-el-periode-de-virtualitzacio\/\" title=\"Read Aprenem sobre l&#8217;animaci\u00f3 i fotografia en tasques durant el per\u00edode de &#8220;virtualitzaci\u00f3&#8221;\">Llegeix m\u00e9s\u00bb<\/a><\/p>\n","protected":false},"author":1,"featured_media":8681,"comment_status":"open","ping_status":"closed","sticky":false,"template":"","format":"standard","meta":{"_bbp_topic_count":0,"_bbp_reply_count":0,"_bbp_total_topic_count":0,"_bbp_total_reply_count":0,"_bbp_voice_count":0,"_bbp_anonymous_reply_count":0,"_bbp_topic_count_hidden":0,"_bbp_reply_count_hidden":0,"_bbp_forum_subforum_count":0,"footnotes":""},"categories":[8,1,123],"tags":[],"class_list":["post-8678","post","type-post","status-publish","format-standard","has-post-thumbnail","hentry","category-batxillerat","category-general","category-visual-i-plastica"],"post_mailing_queue_ids":[],"_links":{"self":[{"href":"https:\/\/agora.xtec.cat\/institut-torrefarrera\/wp-json\/wp\/v2\/posts\/8678","targetHints":{"allow":["GET"]}}],"collection":[{"href":"https:\/\/agora.xtec.cat\/institut-torrefarrera\/wp-json\/wp\/v2\/posts"}],"about":[{"href":"https:\/\/agora.xtec.cat\/institut-torrefarrera\/wp-json\/wp\/v2\/types\/post"}],"author":[{"embeddable":true,"href":"https:\/\/agora.xtec.cat\/institut-torrefarrera\/wp-json\/wp\/v2\/users\/1"}],"replies":[{"embeddable":true,"href":"https:\/\/agora.xtec.cat\/institut-torrefarrera\/wp-json\/wp\/v2\/comments?post=8678"}],"version-history":[{"count":3,"href":"https:\/\/agora.xtec.cat\/institut-torrefarrera\/wp-json\/wp\/v2\/posts\/8678\/revisions"}],"predecessor-version":[{"id":8688,"href":"https:\/\/agora.xtec.cat\/institut-torrefarrera\/wp-json\/wp\/v2\/posts\/8678\/revisions\/8688"}],"wp:featuredmedia":[{"embeddable":true,"href":"https:\/\/agora.xtec.cat\/institut-torrefarrera\/wp-json\/wp\/v2\/media\/8681"}],"wp:attachment":[{"href":"https:\/\/agora.xtec.cat\/institut-torrefarrera\/wp-json\/wp\/v2\/media?parent=8678"}],"wp:term":[{"taxonomy":"category","embeddable":true,"href":"https:\/\/agora.xtec.cat\/institut-torrefarrera\/wp-json\/wp\/v2\/categories?post=8678"},{"taxonomy":"post_tag","embeddable":true,"href":"https:\/\/agora.xtec.cat\/institut-torrefarrera\/wp-json\/wp\/v2\/tags?post=8678"}],"curies":[{"name":"wp","href":"https:\/\/api.w.org\/{rel}","templated":true}]}}