{"id":8575,"date":"2020-05-14T20:38:07","date_gmt":"2020-05-14T18:38:07","guid":{"rendered":"http:\/\/agora.xtec.cat\/institut-torrefarrera\/?p=8575"},"modified":"2020-05-28T15:52:27","modified_gmt":"2020-05-28T13:52:27","slug":"video-eurovisiu-dins-el-projecte-erasmus-discriminaction-for-a-better-integrartion","status":"publish","type":"post","link":"https:\/\/agora.xtec.cat\/institut-torrefarrera\/general\/video-eurovisiu-dins-el-projecte-erasmus-discriminaction-for-a-better-integrartion\/","title":{"rendered":"Video Eurovisiu dins el projecte Erasmus+ &#8220;DiscriminACTion for a better integrARTion&#8221;"},"content":{"rendered":"<p>Ara al mes de maig hav\u00edem de viatjar amb un grup d&#8217;alumnes i porfessors a Vilnius, Litu\u00e0nia, en la darrera trobada del nostre projecte Erasmus+ &#8220;DiscriminACTion for a better InterARTion&#8221;. A causa del COVID19 no ha estat possible, i hem fet una activitat alternativa, una coreografia conjunta, a la qual alumnes i professorat dels 4 instituts participants al projecte, de Litu\u00e0nia, Fran\u00e7a i It\u00e0lia, a banda del nostre.<\/p>\n<p>Amb aquesta iniciativa hem celebrat el &#8220;<a href=\"https:\/\/europa.eu\/european-union\/about-eu\/symbols\/europe-day_es\" target=\"_blank\" rel=\"noopener noreferrer\">Europe Day<\/a>&#8220;, que va ser el 9 de maig.<\/p>\n<p>La coreografia \u00e9s d&#8217;un tema prou divertit que havia de representar a Litu\u00e0nia precisament en el Festival d&#8217;Eurovisi\u00f3 d&#8217;aquest 2020 que no es pot celebrar. Una iniciativa on ens vam divertir molt tothom que hi va participar. Si mireu els v\u00eddeos potser coneixereu alg\u00fa. Al darrer v\u00eddeo tamb\u00e9 us adjuntem el tema original, que \u00e9s del grup The Roop, de t\u00edtol &#8220;on fire&#8221;.<\/p>\n<p>Un mix amb les coreografies que es van enviar des de casa<\/p>\n<p><iframe loading=\"lazy\" src=\"https:\/\/www.youtube.com\/embed\/MSsl9PCwg5Q\" width=\"560\" height=\"315\" frameborder=\"0\"><\/iframe><\/p>\n<p>Un v\u00eddeo de la coreografia conjunta que vam fer durant una sessi\u00f3 de xat amb Zoom<\/p>\n<p><iframe loading=\"lazy\" src=\"https:\/\/www.youtube.com\/embed\/jmxmVycc4dw\" width=\"560\" height=\"315\" frameborder=\"0\"><\/iframe><\/p>\n<p>I aqu\u00ed el tema original de The Roop<\/p>\n<p><iframe loading=\"lazy\" src=\"https:\/\/www.youtube.com\/embed\/1EAUxuuu1w8\" width=\"560\" height=\"315\" frameborder=\"0\"><\/iframe><\/p>\n","protected":false},"excerpt":{"rendered":"<p>Ara al mes de maig hav\u00edem de viatjar amb un grup d&#8217;alumnes i porfessors a Vilnius, Litu\u00e0nia, en la darrera trobada del nostre projecte Erasmus+ &#8220;DiscriminACTion for a better InterARTion&#8221;. A causa del COVID19 no ha estat possible, i hem fet una activitat alternativa, una&hellip;  <a href=\"https:\/\/agora.xtec.cat\/institut-torrefarrera\/general\/video-eurovisiu-dins-el-projecte-erasmus-discriminaction-for-a-better-integrartion\/\" title=\"Read Video Eurovisiu dins el projecte Erasmus+ &#8220;DiscriminACTion for a better integrARTion&#8221;\">Llegeix m\u00e9s\u00bb<\/a><\/p>\n","protected":false},"author":1,"featured_media":8577,"comment_status":"open","ping_status":"closed","sticky":false,"template":"","format":"standard","meta":{"_bbp_topic_count":0,"_bbp_reply_count":0,"_bbp_total_topic_count":0,"_bbp_total_reply_count":0,"_bbp_voice_count":0,"_bbp_anonymous_reply_count":0,"_bbp_topic_count_hidden":0,"_bbp_reply_count_hidden":0,"_bbp_forum_subforum_count":0,"footnotes":""},"categories":[113,1,106,108],"tags":[],"class_list":["post-8575","post","type-post","status-publish","format-standard","has-post-thumbnail","hentry","category-erasmus","category-general","category-llengua-estrangera","category-projectes-de-centre"],"post_mailing_queue_ids":[],"_links":{"self":[{"href":"https:\/\/agora.xtec.cat\/institut-torrefarrera\/wp-json\/wp\/v2\/posts\/8575","targetHints":{"allow":["GET"]}}],"collection":[{"href":"https:\/\/agora.xtec.cat\/institut-torrefarrera\/wp-json\/wp\/v2\/posts"}],"about":[{"href":"https:\/\/agora.xtec.cat\/institut-torrefarrera\/wp-json\/wp\/v2\/types\/post"}],"author":[{"embeddable":true,"href":"https:\/\/agora.xtec.cat\/institut-torrefarrera\/wp-json\/wp\/v2\/users\/1"}],"replies":[{"embeddable":true,"href":"https:\/\/agora.xtec.cat\/institut-torrefarrera\/wp-json\/wp\/v2\/comments?post=8575"}],"version-history":[{"count":3,"href":"https:\/\/agora.xtec.cat\/institut-torrefarrera\/wp-json\/wp\/v2\/posts\/8575\/revisions"}],"predecessor-version":[{"id":8615,"href":"https:\/\/agora.xtec.cat\/institut-torrefarrera\/wp-json\/wp\/v2\/posts\/8575\/revisions\/8615"}],"wp:featuredmedia":[{"embeddable":true,"href":"https:\/\/agora.xtec.cat\/institut-torrefarrera\/wp-json\/wp\/v2\/media\/8577"}],"wp:attachment":[{"href":"https:\/\/agora.xtec.cat\/institut-torrefarrera\/wp-json\/wp\/v2\/media?parent=8575"}],"wp:term":[{"taxonomy":"category","embeddable":true,"href":"https:\/\/agora.xtec.cat\/institut-torrefarrera\/wp-json\/wp\/v2\/categories?post=8575"},{"taxonomy":"post_tag","embeddable":true,"href":"https:\/\/agora.xtec.cat\/institut-torrefarrera\/wp-json\/wp\/v2\/tags?post=8575"}],"curies":[{"name":"wp","href":"https:\/\/api.w.org\/{rel}","templated":true}]}}