{"id":8235,"date":"2020-03-18T22:57:49","date_gmt":"2020-03-18T21:57:49","guid":{"rendered":"http:\/\/agora.xtec.cat\/institut-torrefarrera\/?p=8235"},"modified":"2020-03-18T22:57:49","modified_gmt":"2020-03-18T21:57:49","slug":"important-per-a-lalumnat-de-batxillerat-unifira-graus-2020","status":"publish","type":"post","link":"https:\/\/agora.xtec.cat\/institut-torrefarrera\/general\/important-per-a-lalumnat-de-batxillerat-unifira-graus-2020\/","title":{"rendered":"IMPORTANT per a l&#8217;alumnat de Batxillerat: UNIfira Graus 2020"},"content":{"rendered":"<p align=\"justify\">Com ja sou coneixedors, el Sal\u00f3 de l&#8217;Ensenyament no es dur\u00e0 a terme aquest any degut a l&#8217;Estat d&#8217;Alarma decretat per combatre el contagi del coronavirus SARS-CoV-2.<\/p>\n<p align=\"justify\">\u00c9s per aix\u00f2 que les universitats catalanes s&#8217;han posat d&#8217;acord per substituir el Sal\u00f3 de l&#8217;Ensenyament per\u00a0<a href=\"https:\/\/firacat.easyvirtualfair.com\/\" target=\"_blank\" rel=\"noopener noreferrer\" data-saferedirecturl=\"https:\/\/www.google.com\/url?q=http:\/\/www.graus.uniferia.org\/&amp;source=gmail&amp;ust=1584645253989000&amp;usg=AFQjCNF9Cv-OYyFXabJK1N_TLx4qNvyUWw\"><b>UNIfira Graus<\/b><\/a>, la fira virtual d&#8217;estudis universitaris de grau de les universitats catalanes. Estar\u00e0 activa del\u00a0<b>19 al 21 de mar\u00e7<\/b>.<\/p>\n<p>La fira virtual funciona com una fira presencial, on les universitats tenen estands virtuals que podeu visitar i obtenir informaci\u00f3 de l&#8217;oferta d&#8217;estudis, notes de tall, preus, opcions d&#8217;allotjament i m\u00e9s. La Universitat de Lleida hi ser\u00e0 present amb el seu estand.<\/p>\n<p>Es podr\u00e0 conversar en viu via xat amb personal de la Unitat d&#8217;informaci\u00f3 i Orientaci\u00f3 de la UdL, amb el Consell de l&#8217;Estudiantat, amb la vicerectora d&#8217;Estudiants i Ocupabilitat, amb els diferents centres, etc.<\/p>\n<p align=\"justify\"><a href=\"https:\/\/firacat.easyvirtualfair.com\/\" target=\"_blank\" rel=\"noopener noreferrer\"><img loading=\"lazy\" decoding=\"async\" class=\"alignnone size-full wp-image-8236\" src=\"https:\/\/agora.xtec.cat\/institut-torrefarrera\/wp-content\/uploads\/usu847\/2020\/03\/uniferia2.jpg\" alt=\"\" width=\"951\" height=\"379\" srcset=\"https:\/\/agora.xtec.cat\/institut-torrefarrera\/wp-content\/uploads\/usu847\/2020\/03\/uniferia2.jpg 951w, https:\/\/agora.xtec.cat\/institut-torrefarrera\/wp-content\/uploads\/usu847\/2020\/03\/uniferia2-300x120.jpg 300w, https:\/\/agora.xtec.cat\/institut-torrefarrera\/wp-content\/uploads\/usu847\/2020\/03\/uniferia2-768x306.jpg 768w\" sizes=\"auto, (max-width: 951px) 100vw, 951px\" \/><\/a><\/p>\n<p align=\"justify\"><a href=\"https:\/\/agora.xtec.cat\/institut-torrefarrera\/wp-content\/uploads\/usu847\/2020\/03\/uniferia.jpg\"><img loading=\"lazy\" decoding=\"async\" class=\"alignnone size-full wp-image-8237\" src=\"https:\/\/agora.xtec.cat\/institut-torrefarrera\/wp-content\/uploads\/usu847\/2020\/03\/uniferia.jpg\" alt=\"\" width=\"936\" height=\"453\" srcset=\"https:\/\/agora.xtec.cat\/institut-torrefarrera\/wp-content\/uploads\/usu847\/2020\/03\/uniferia.jpg 936w, https:\/\/agora.xtec.cat\/institut-torrefarrera\/wp-content\/uploads\/usu847\/2020\/03\/uniferia-300x145.jpg 300w, https:\/\/agora.xtec.cat\/institut-torrefarrera\/wp-content\/uploads\/usu847\/2020\/03\/uniferia-768x372.jpg 768w\" sizes=\"auto, (max-width: 936px) 100vw, 936px\" \/><\/a><\/p>\n","protected":false},"excerpt":{"rendered":"<p>Com ja sou coneixedors, el Sal\u00f3 de l&#8217;Ensenyament no es dur\u00e0 a terme aquest any degut a l&#8217;Estat d&#8217;Alarma decretat per combatre el contagi del coronavirus SARS-CoV-2.<br \/>\n\u00c9s per aix\u00f2 que les universitats catalanes s&#8217;han posat d&#8217;acord per substituir el Sal\u00f3 de l&#8217;Ensenyament per\u00a0<a href=\"https:\/\/firacat.easyvirtualfair.com\/\" target=\"_blank\"&hellip;  <a href=\"https:\/\/agora.xtec.cat\/institut-torrefarrera\/general\/important-per-a-lalumnat-de-batxillerat-unifira-graus-2020\/\" title=\"Read IMPORTANT per a l&#8217;alumnat de Batxillerat: UNIfira Graus 2020\">Llegeix m\u00e9s\u00bb<\/a><\/p>\n","protected":false},"author":1,"featured_media":8236,"comment_status":"open","ping_status":"closed","sticky":false,"template":"","format":"standard","meta":{"_bbp_topic_count":0,"_bbp_reply_count":0,"_bbp_total_topic_count":0,"_bbp_total_reply_count":0,"_bbp_voice_count":0,"_bbp_anonymous_reply_count":0,"_bbp_topic_count_hidden":0,"_bbp_reply_count_hidden":0,"_bbp_forum_subforum_count":0,"footnotes":""},"categories":[8,1,150],"tags":[],"class_list":["post-8235","post","type-post","status-publish","format-standard","has-post-thumbnail","hentry","category-batxillerat","category-general","category-orientacio"],"post_mailing_queue_ids":[],"_links":{"self":[{"href":"https:\/\/agora.xtec.cat\/institut-torrefarrera\/wp-json\/wp\/v2\/posts\/8235","targetHints":{"allow":["GET"]}}],"collection":[{"href":"https:\/\/agora.xtec.cat\/institut-torrefarrera\/wp-json\/wp\/v2\/posts"}],"about":[{"href":"https:\/\/agora.xtec.cat\/institut-torrefarrera\/wp-json\/wp\/v2\/types\/post"}],"author":[{"embeddable":true,"href":"https:\/\/agora.xtec.cat\/institut-torrefarrera\/wp-json\/wp\/v2\/users\/1"}],"replies":[{"embeddable":true,"href":"https:\/\/agora.xtec.cat\/institut-torrefarrera\/wp-json\/wp\/v2\/comments?post=8235"}],"version-history":[{"count":1,"href":"https:\/\/agora.xtec.cat\/institut-torrefarrera\/wp-json\/wp\/v2\/posts\/8235\/revisions"}],"predecessor-version":[{"id":8238,"href":"https:\/\/agora.xtec.cat\/institut-torrefarrera\/wp-json\/wp\/v2\/posts\/8235\/revisions\/8238"}],"wp:featuredmedia":[{"embeddable":true,"href":"https:\/\/agora.xtec.cat\/institut-torrefarrera\/wp-json\/wp\/v2\/media\/8236"}],"wp:attachment":[{"href":"https:\/\/agora.xtec.cat\/institut-torrefarrera\/wp-json\/wp\/v2\/media?parent=8235"}],"wp:term":[{"taxonomy":"category","embeddable":true,"href":"https:\/\/agora.xtec.cat\/institut-torrefarrera\/wp-json\/wp\/v2\/categories?post=8235"},{"taxonomy":"post_tag","embeddable":true,"href":"https:\/\/agora.xtec.cat\/institut-torrefarrera\/wp-json\/wp\/v2\/tags?post=8235"}],"curies":[{"name":"wp","href":"https:\/\/api.w.org\/{rel}","templated":true}]}}