{"id":7971,"date":"2020-02-26T19:46:18","date_gmt":"2020-02-26T18:46:18","guid":{"rendered":"http:\/\/agora.xtec.cat\/institut-torrefarrera\/?p=7971"},"modified":"2020-02-26T19:46:18","modified_gmt":"2020-02-26T18:46:18","slug":"agents-ambientals-del-centre-al-centre-recuperacio-fauna-vallcalent","status":"publish","type":"post","link":"https:\/\/agora.xtec.cat\/institut-torrefarrera\/general\/agents-ambientals-del-centre-al-centre-recuperacio-fauna-vallcalent\/","title":{"rendered":"Agents ambientals del centre al Centre Recuperaci\u00f3 Fauna Vallcalent"},"content":{"rendered":"<p>El grup d&#8217;agents ambientals, \u00e9s a dir, els i les representants del projecte Escola Verda a cadascuna de les classes del nostre institut, han pogut fer una visita al Centre de Recuperaci\u00f3 de Fauna Aut\u00f2ctona de Vallcalent i con\u00e8ixer de prop la seva tasca pel manteniment d&#8217;animals de diferents esp\u00e8cies, molts cops amena\u00e7ades.<\/p>\n<p>Tamb\u00e9 han participat a la sortida l&#8217;alumnat de l&#8217;aula SIEI, en reconeixement a la seva col\u00b7laboraci\u00f3 en les campanyes de difusi\u00f3 del projecte d&#8217;Escola Verda al nostre centre.<\/p>\n<p>Ha estat una visita molt interessant de la qual<a href=\"https:\/\/photos.app.goo.gl\/oLJLM2Yp9wHnAUqw5\" target=\"_blank\" rel=\"noopener noreferrer\"> en podeu trobar imatges<\/a> i de la qual us n&#8217;explicarem coses quan ens trobem a classe!<\/p>\n<p><a href=\"https:\/\/photos.app.goo.gl\/oLJLM2Yp9wHnAUqw5\" target=\"_blank\" rel=\"noopener noreferrer\"><img loading=\"lazy\" decoding=\"async\" class=\"alignnone size-large wp-image-7972\" src=\"https:\/\/agora.xtec.cat\/institut-torrefarrera\/wp-content\/uploads\/usu847\/2020\/02\/IMG_8535-1024x768.jpg\" alt=\"\" width=\"1024\" height=\"768\" srcset=\"https:\/\/agora.xtec.cat\/institut-torrefarrera\/wp-content\/uploads\/usu847\/2020\/02\/IMG_8535-1024x768.jpg 1024w, https:\/\/agora.xtec.cat\/institut-torrefarrera\/wp-content\/uploads\/usu847\/2020\/02\/IMG_8535-300x225.jpg 300w, https:\/\/agora.xtec.cat\/institut-torrefarrera\/wp-content\/uploads\/usu847\/2020\/02\/IMG_8535-768x576.jpg 768w, https:\/\/agora.xtec.cat\/institut-torrefarrera\/wp-content\/uploads\/usu847\/2020\/02\/IMG_8535-200x150.jpg 200w\" sizes=\"auto, (max-width: 1024px) 100vw, 1024px\" \/><\/a><\/p>\n<p>&nbsp;<\/p>\n<p>&nbsp;<\/p>\n","protected":false},"excerpt":{"rendered":"<p>El grup d&#8217;agents ambientals, \u00e9s a dir, els i les representants del projecte Escola Verda a cadascuna de les classes del nostre institut, han pogut fer una visita al Centre de Recuperaci\u00f3 de Fauna Aut\u00f2ctona de Vallcalent i con\u00e8ixer de prop la seva tasca pel&hellip;  <a href=\"https:\/\/agora.xtec.cat\/institut-torrefarrera\/general\/agents-ambientals-del-centre-al-centre-recuperacio-fauna-vallcalent\/\" title=\"Read Agents ambientals del centre al Centre Recuperaci\u00f3 Fauna Vallcalent\">Llegeix m\u00e9s\u00bb<\/a><\/p>\n","protected":false},"author":1,"featured_media":7972,"comment_status":"open","ping_status":"closed","sticky":false,"template":"","format":"standard","meta":{"_bbp_topic_count":0,"_bbp_reply_count":0,"_bbp_total_topic_count":0,"_bbp_total_reply_count":0,"_bbp_voice_count":0,"_bbp_anonymous_reply_count":0,"_bbp_topic_count_hidden":0,"_bbp_reply_count_hidden":0,"_bbp_forum_subforum_count":0,"footnotes":""},"categories":[124,1,108,161,111,128],"tags":[],"class_list":["post-7971","post","type-post","status-publish","format-standard","has-post-thumbnail","hentry","category-escola-verda","category-general","category-projectes-de-centre","category-siei","category-sortides","category-valors-etics"],"post_mailing_queue_ids":[],"_links":{"self":[{"href":"https:\/\/agora.xtec.cat\/institut-torrefarrera\/wp-json\/wp\/v2\/posts\/7971","targetHints":{"allow":["GET"]}}],"collection":[{"href":"https:\/\/agora.xtec.cat\/institut-torrefarrera\/wp-json\/wp\/v2\/posts"}],"about":[{"href":"https:\/\/agora.xtec.cat\/institut-torrefarrera\/wp-json\/wp\/v2\/types\/post"}],"author":[{"embeddable":true,"href":"https:\/\/agora.xtec.cat\/institut-torrefarrera\/wp-json\/wp\/v2\/users\/1"}],"replies":[{"embeddable":true,"href":"https:\/\/agora.xtec.cat\/institut-torrefarrera\/wp-json\/wp\/v2\/comments?post=7971"}],"version-history":[{"count":2,"href":"https:\/\/agora.xtec.cat\/institut-torrefarrera\/wp-json\/wp\/v2\/posts\/7971\/revisions"}],"predecessor-version":[{"id":10492,"href":"https:\/\/agora.xtec.cat\/institut-torrefarrera\/wp-json\/wp\/v2\/posts\/7971\/revisions\/10492"}],"wp:featuredmedia":[{"embeddable":true,"href":"https:\/\/agora.xtec.cat\/institut-torrefarrera\/wp-json\/wp\/v2\/media\/7972"}],"wp:attachment":[{"href":"https:\/\/agora.xtec.cat\/institut-torrefarrera\/wp-json\/wp\/v2\/media?parent=7971"}],"wp:term":[{"taxonomy":"category","embeddable":true,"href":"https:\/\/agora.xtec.cat\/institut-torrefarrera\/wp-json\/wp\/v2\/categories?post=7971"},{"taxonomy":"post_tag","embeddable":true,"href":"https:\/\/agora.xtec.cat\/institut-torrefarrera\/wp-json\/wp\/v2\/tags?post=7971"}],"curies":[{"name":"wp","href":"https:\/\/api.w.org\/{rel}","templated":true}]}}