{"id":5041,"date":"2019-04-02T20:47:13","date_gmt":"2019-04-02T18:47:13","guid":{"rendered":"http:\/\/agora.xtec.cat\/institut-torrefarrera\/?p=5041"},"modified":"2019-04-02T20:47:13","modified_gmt":"2019-04-02T18:47:13","slug":"participacio-de-les-alumnes-de-2n-deso-al-concurs-de-la-fundacio-coca-cola","status":"publish","type":"post","link":"https:\/\/agora.xtec.cat\/institut-torrefarrera\/general\/participacio-de-les-alumnes-de-2n-deso-al-concurs-de-la-fundacio-coca-cola\/","title":{"rendered":"Participaci\u00f3 de les alumnes de 2n d&#8217;ESO al Concurs de la Fundaci\u00f3 Coca-Cola."},"content":{"rendered":"<div style=\"text-align: justify;\"><\/div>\n<p style=\"text-align: justify;\">El passat dissabte, 23 de mar\u00e7, una selecci\u00f3 d&#8217;alumnes de 2n d&#8217;ESO del nostre institut van participar en la 59a. edici\u00f3 del &#8220;Concurso J\u00f3venes Talentos de Relato Corto de Coca-Cola&#8221;.<\/p>\n<p style=\"text-align: justify;\">En aquesta fase, l&#8217;est\u00edmul creatiu era una frase que havia d&#8217;apar\u00e8ixer obligat\u00f2riament al text: &#8220;Era necesario parar el tiempo&#8221;.<\/p>\n<p style=\"text-align: justify;\">Aquestes han estat les participants: Paula Bordas, Paula Bailach, Alicia Surd, Cl\u00e0udia S\u00e1nchez, Laia March, Laia Mangues, Berta Molas, Abril Isant, Daniel Castillo i Paula Busquets.<\/p>\n<p style=\"text-align: justify;\">Molta sort a totes i esperem poder acompanyar-vos a la seg\u00fcent fase!<\/p>\n<p><a href=\"https:\/\/agora.xtec.cat\/institut-torrefarrera\/wp-content\/uploads\/usu847\/2019\/03\/resized_P90323-105625.jpg\"><img loading=\"lazy\" decoding=\"async\" class=\"alignnone size-large wp-image-5141\" src=\"https:\/\/agora.xtec.cat\/institut-torrefarrera\/wp-content\/uploads\/usu847\/2019\/03\/resized_P90323-105625-1024x759.jpg\" alt=\"\" width=\"1024\" height=\"759\" srcset=\"https:\/\/agora.xtec.cat\/institut-torrefarrera\/wp-content\/uploads\/usu847\/2019\/03\/resized_P90323-105625-1024x759.jpg 1024w, https:\/\/agora.xtec.cat\/institut-torrefarrera\/wp-content\/uploads\/usu847\/2019\/03\/resized_P90323-105625-300x222.jpg 300w, https:\/\/agora.xtec.cat\/institut-torrefarrera\/wp-content\/uploads\/usu847\/2019\/03\/resized_P90323-105625-768x569.jpg 768w\" sizes=\"auto, (max-width: 1024px) 100vw, 1024px\" \/><\/a><\/p>\n<p><a href=\"https:\/\/agora.xtec.cat\/institut-torrefarrera\/wp-content\/uploads\/usu847\/2019\/03\/resized_P90323-110349.jpg\"><img loading=\"lazy\" decoding=\"async\" class=\"alignnone size-large wp-image-5142\" src=\"https:\/\/agora.xtec.cat\/institut-torrefarrera\/wp-content\/uploads\/usu847\/2019\/03\/resized_P90323-110349-1024x759.jpg\" alt=\"\" width=\"1024\" height=\"759\" srcset=\"https:\/\/agora.xtec.cat\/institut-torrefarrera\/wp-content\/uploads\/usu847\/2019\/03\/resized_P90323-110349-1024x759.jpg 1024w, https:\/\/agora.xtec.cat\/institut-torrefarrera\/wp-content\/uploads\/usu847\/2019\/03\/resized_P90323-110349-300x222.jpg 300w, https:\/\/agora.xtec.cat\/institut-torrefarrera\/wp-content\/uploads\/usu847\/2019\/03\/resized_P90323-110349-768x569.jpg 768w\" sizes=\"auto, (max-width: 1024px) 100vw, 1024px\" \/><\/a><\/p>\n","protected":false},"excerpt":{"rendered":"<p>El passat dissabte, 23 de mar\u00e7, una selecci\u00f3 d&#8217;alumnes de 2n d&#8217;ESO del nostre institut van participar en la 59a. edici\u00f3 del &#8220;Concurso J\u00f3venes Talentos de Relato Corto de Coca-Cola&#8221;.<br \/>\nEn aquesta fase, l&#8217;est\u00edmul creatiu era una frase que havia d&#8217;apar\u00e8ixer obligat\u00f2riament al text: &#8220;Era necesario&hellip;  <a href=\"https:\/\/agora.xtec.cat\/institut-torrefarrera\/general\/participacio-de-les-alumnes-de-2n-deso-al-concurs-de-la-fundacio-coca-cola\/\" title=\"Read Participaci\u00f3 de les alumnes de 2n d&#8217;ESO al Concurs de la Fundaci\u00f3 Coca-Cola.\">Llegeix m\u00e9s\u00bb<\/a><\/p>\n","protected":false},"author":352,"featured_media":5141,"comment_status":"open","ping_status":"closed","sticky":false,"template":"","format":"standard","meta":{"_bbp_topic_count":0,"_bbp_reply_count":0,"_bbp_total_topic_count":0,"_bbp_total_reply_count":0,"_bbp_voice_count":0,"_bbp_anonymous_reply_count":0,"_bbp_topic_count_hidden":0,"_bbp_reply_count_hidden":0,"_bbp_forum_subforum_count":0,"footnotes":""},"categories":[117,5,1,116],"tags":[],"class_list":["post-5041","post","type-post","status-publish","format-standard","has-post-thumbnail","hentry","category-concursos","category-eso-2","category-general","category-llengua"],"post_mailing_queue_ids":[],"_links":{"self":[{"href":"https:\/\/agora.xtec.cat\/institut-torrefarrera\/wp-json\/wp\/v2\/posts\/5041","targetHints":{"allow":["GET"]}}],"collection":[{"href":"https:\/\/agora.xtec.cat\/institut-torrefarrera\/wp-json\/wp\/v2\/posts"}],"about":[{"href":"https:\/\/agora.xtec.cat\/institut-torrefarrera\/wp-json\/wp\/v2\/types\/post"}],"author":[{"embeddable":true,"href":"https:\/\/agora.xtec.cat\/institut-torrefarrera\/wp-json\/wp\/v2\/users\/352"}],"replies":[{"embeddable":true,"href":"https:\/\/agora.xtec.cat\/institut-torrefarrera\/wp-json\/wp\/v2\/comments?post=5041"}],"version-history":[{"count":3,"href":"https:\/\/agora.xtec.cat\/institut-torrefarrera\/wp-json\/wp\/v2\/posts\/5041\/revisions"}],"predecessor-version":[{"id":5143,"href":"https:\/\/agora.xtec.cat\/institut-torrefarrera\/wp-json\/wp\/v2\/posts\/5041\/revisions\/5143"}],"wp:featuredmedia":[{"embeddable":true,"href":"https:\/\/agora.xtec.cat\/institut-torrefarrera\/wp-json\/wp\/v2\/media\/5141"}],"wp:attachment":[{"href":"https:\/\/agora.xtec.cat\/institut-torrefarrera\/wp-json\/wp\/v2\/media?parent=5041"}],"wp:term":[{"taxonomy":"category","embeddable":true,"href":"https:\/\/agora.xtec.cat\/institut-torrefarrera\/wp-json\/wp\/v2\/categories?post=5041"},{"taxonomy":"post_tag","embeddable":true,"href":"https:\/\/agora.xtec.cat\/institut-torrefarrera\/wp-json\/wp\/v2\/tags?post=5041"}],"curies":[{"name":"wp","href":"https:\/\/api.w.org\/{rel}","templated":true}]}}