{"id":4894,"date":"2019-03-13T19:41:57","date_gmt":"2019-03-13T18:41:57","guid":{"rendered":"http:\/\/agora.xtec.cat\/institut-torrefarrera\/?p=4894"},"modified":"2019-03-13T19:41:57","modified_gmt":"2019-03-13T18:41:57","slug":"gracies-per-la-participacio-en-la-jornada-de-portes-obertes","status":"publish","type":"post","link":"https:\/\/agora.xtec.cat\/institut-torrefarrera\/general\/gracies-per-la-participacio-en-la-jornada-de-portes-obertes\/","title":{"rendered":"Gr\u00e0cies per la participaci\u00f3 en la Jornada de Portes Obertes!"},"content":{"rendered":"<p><span style=\"font-family: inherit; font-size: 1em;\">Hem celebrat la <a href=\"https:\/\/photos.app.goo.gl\/QLbtsrLqbvN1ioco8\" target=\"_blank\" rel=\"noopener\">Jornada de Portes Obertes el 12 de mar\u00e7<\/a>, on hem explicat tot all\u00f2 que oferim des del nostre centre d&#8217;Educaci\u00f3 Secund\u00e0ria des del nostre comprom\u00eds per l&#8217;educaci\u00f3.<\/span><\/p>\n<p>Cal agrair a tot l&#8217;alumnat i professorat la seva participaci\u00f3 desinteressada en explicar el nostre projecte educatiu. Entre totes i tots feu gran el nostre institut!<\/p>\n<p><a href=\"https:\/\/photos.app.goo.gl\/QLbtsrLqbvN1ioco8\" target=\"_blank\" rel=\"noopener\">Aqu\u00ed podeu trobar imatges de les nostres Portes Obertes; us hi veieu?<\/a><\/p>\n<p><a href=\"https:\/\/photos.app.goo.gl\/QLbtsrLqbvN1ioco8\" target=\"_blank\" rel=\"noopener\"><img loading=\"lazy\" decoding=\"async\" class=\"alignnone size-large\" src=\"https:\/\/lh3.googleusercontent.com\/UWR3Mgyl6lqrYOy-1w6hznJDYREv0RCnuyhKyA3PAjVPc4tmlVjN4gIqrgY61aJBIb6almJpNVjU5KN6uJSeZ0f_JHB6c0VoP2cjgjxiS_AhnuGCc3xlQefrOzVoy5Un-kF--KtQshe5ta2GgU77mJJN4l8xqMEVePtyj4o7Qx4p_Vv0vSU1Kl3NHQFmm2XfsKFyQ3nbRDJLZxY3_NzPj4_YXG-nKQGbwllQ1NyCqtxMftpiWDGSEZHH9WKgqahf72iTQ81F3tea9I2a2KurohIAES5PSXKTmE73frbAIkmY6lAvH27KEZ83KFiR5ZpdPNr5_o_sV_rhVAhzH5ZGRxxESNg4fn9C0IfsBiFbEVG60-wPko1YYuKewbFg0CPRIORhDkwEPdqxD_ISJajns69TsgIdG-62W1675rgvKCUsI4Z2Ui6WE7Vi_rGhjGd-FfSCTdDbF9JVb0vQVUydaxiL8o6eMPuOMu_PlhGumykLYUzCHBv9_ntUtKSagbgM347REEJ3ewnIiQSrfsmx2G-MB8erXWBwFGYQT4uQSa7UG6_ZRV8IJbPMQ3hcw_P-ctvoOicoSATlZS-XHPIVnG_Lp8dlED4ZbBCzp1P8AWPkeUdAhKQrWYit1QwVSOEFZvLH2-VrIarepuqdvkK1Zo8LW6vRavxRUJXosrhYJR1xT6mDl_jEuOMWBAj8oaIVq-boUh0htZfHIi0uYACQ1zzR=w811-h608-no\" width=\"811\" height=\"608\" \/><\/a><\/p>\n<p>&nbsp;<\/p>\n","protected":false},"excerpt":{"rendered":"<p>Hem celebrat la <a href=\"https:\/\/photos.app.goo.gl\/QLbtsrLqbvN1ioco8\" target=\"_blank\" rel=\"noopener\">Jornada de Portes Obertes el 12 de mar\u00e7<\/a>, on hem explicat tot all\u00f2 que oferim des del nostre centre d&#8217;Educaci\u00f3 Secund\u00e0ria des del nostre comprom\u00eds per l&#8217;educaci\u00f3.<br \/>\nCal agrair a tot l&#8217;alumnat i professorat la seva participaci\u00f3 desinteressada en explicar&hellip;  <a href=\"https:\/\/agora.xtec.cat\/institut-torrefarrera\/general\/gracies-per-la-participacio-en-la-jornada-de-portes-obertes\/\" title=\"Read Gr\u00e0cies per la participaci\u00f3 en la Jornada de Portes Obertes!\">Llegeix m\u00e9s\u00bb<\/a><\/p>\n","protected":false},"author":1,"featured_media":4666,"comment_status":"open","ping_status":"closed","sticky":false,"template":"","format":"standard","meta":{"_bbp_topic_count":0,"_bbp_reply_count":0,"_bbp_total_topic_count":0,"_bbp_total_reply_count":0,"_bbp_voice_count":0,"_bbp_anonymous_reply_count":0,"_bbp_topic_count_hidden":0,"_bbp_reply_count_hidden":0,"_bbp_forum_subforum_count":0,"footnotes":""},"categories":[31,110,1,108],"tags":[],"class_list":["post-4894","post","type-post","status-publish","format-standard","has-post-thumbnail","hentry","category-ampa","category-difusio","category-general","category-projectes-de-centre"],"post_mailing_queue_ids":[],"_links":{"self":[{"href":"https:\/\/agora.xtec.cat\/institut-torrefarrera\/wp-json\/wp\/v2\/posts\/4894","targetHints":{"allow":["GET"]}}],"collection":[{"href":"https:\/\/agora.xtec.cat\/institut-torrefarrera\/wp-json\/wp\/v2\/posts"}],"about":[{"href":"https:\/\/agora.xtec.cat\/institut-torrefarrera\/wp-json\/wp\/v2\/types\/post"}],"author":[{"embeddable":true,"href":"https:\/\/agora.xtec.cat\/institut-torrefarrera\/wp-json\/wp\/v2\/users\/1"}],"replies":[{"embeddable":true,"href":"https:\/\/agora.xtec.cat\/institut-torrefarrera\/wp-json\/wp\/v2\/comments?post=4894"}],"version-history":[{"count":3,"href":"https:\/\/agora.xtec.cat\/institut-torrefarrera\/wp-json\/wp\/v2\/posts\/4894\/revisions"}],"predecessor-version":[{"id":4906,"href":"https:\/\/agora.xtec.cat\/institut-torrefarrera\/wp-json\/wp\/v2\/posts\/4894\/revisions\/4906"}],"wp:featuredmedia":[{"embeddable":true,"href":"https:\/\/agora.xtec.cat\/institut-torrefarrera\/wp-json\/wp\/v2\/media\/4666"}],"wp:attachment":[{"href":"https:\/\/agora.xtec.cat\/institut-torrefarrera\/wp-json\/wp\/v2\/media?parent=4894"}],"wp:term":[{"taxonomy":"category","embeddable":true,"href":"https:\/\/agora.xtec.cat\/institut-torrefarrera\/wp-json\/wp\/v2\/categories?post=4894"},{"taxonomy":"post_tag","embeddable":true,"href":"https:\/\/agora.xtec.cat\/institut-torrefarrera\/wp-json\/wp\/v2\/tags?post=4894"}],"curies":[{"name":"wp","href":"https:\/\/api.w.org\/{rel}","templated":true}]}}