{"id":4776,"date":"2019-03-16T23:22:49","date_gmt":"2019-03-16T22:22:49","guid":{"rendered":"http:\/\/agora.xtec.cat\/institut-torrefarrera\/?p=4776"},"modified":"2019-03-16T23:22:49","modified_gmt":"2019-03-16T22:22:49","slug":"taller-de-teatre-contra-la-discriminacio-dins-del-projecte-erasmus","status":"publish","type":"post","link":"https:\/\/agora.xtec.cat\/institut-torrefarrera\/general\/taller-de-teatre-contra-la-discriminacio-dins-del-projecte-erasmus\/","title":{"rendered":"Taller de teatre contra la discriminaci\u00f3 dins del projecte Erasmus+"},"content":{"rendered":"<p>El 28 de febrer, com a activitat inclosa dins de l&#8217;acollida d&#8217;alumnes i professorat estrangers participants en el projecte Erasmus+ &#8220;DiscriminACTion for a better IntegrARTion&#8221;, la Marta i el Jordi, actors de\u00a0l&#8217;Aula Municipal de Teatre de Lleida van fer-nos participar en un taller de teatre.<\/p>\n<p>La tem\u00e0tica de les petites creacions que van representar els alumnes va ser la discriminaci\u00f3 per motiu de sexe, aparen\u00e7a f\u00edsica o el bullying. Igualment, van conduir una reflexi\u00f3 de tot l&#8217;alumnat sobre les situacions teatralitzades.<\/p>\n<p>Va ser molt enriquidor per a tothom, des del punt de vista de millorar l&#8217;expressi\u00f3 corporal com des del combat de la discriminaci\u00f3. En podeu veure imatges i petits v\u00eddeos de mostra.<\/p>\n<p><a href=\"https:\/\/photos.app.goo.gl\/ioYkX1k8n8ALNwnh7\" target=\"_blank\" rel=\"noopener\"><img loading=\"lazy\" decoding=\"async\" class=\"alignnone size-large wp-image-4778\" src=\"https:\/\/agora.xtec.cat\/institut-torrefarrera\/wp-content\/uploads\/usu847\/2019\/03\/FR-0234-28-f\u00e9vrier-2019-Torrefarrera-Atelier-Th\u00e9atre-1024x683.jpg\" alt=\"\" width=\"1024\" height=\"683\" srcset=\"https:\/\/agora.xtec.cat\/institut-torrefarrera\/wp-content\/uploads\/usu847\/2019\/03\/FR-0234-28-f\u00e9vrier-2019-Torrefarrera-Atelier-Th\u00e9atre-1024x683.jpg 1024w, https:\/\/agora.xtec.cat\/institut-torrefarrera\/wp-content\/uploads\/usu847\/2019\/03\/FR-0234-28-f\u00e9vrier-2019-Torrefarrera-Atelier-Th\u00e9atre-300x200.jpg 300w, https:\/\/agora.xtec.cat\/institut-torrefarrera\/wp-content\/uploads\/usu847\/2019\/03\/FR-0234-28-f\u00e9vrier-2019-Torrefarrera-Atelier-Th\u00e9atre-768x512.jpg 768w, https:\/\/agora.xtec.cat\/institut-torrefarrera\/wp-content\/uploads\/usu847\/2019\/03\/FR-0234-28-f\u00e9vrier-2019-Torrefarrera-Atelier-Th\u00e9atre.jpg 2048w\" sizes=\"auto, (max-width: 1024px) 100vw, 1024px\" \/><\/a><\/p>\n<p><a href=\"https:\/\/photos.app.goo.gl\/ioYkX1k8n8ALNwnh7\" target=\"_blank\" rel=\"noopener\"><img loading=\"lazy\" decoding=\"async\" class=\"alignnone size-large wp-image-4777\" src=\"https:\/\/agora.xtec.cat\/institut-torrefarrera\/wp-content\/uploads\/usu847\/2019\/03\/resized_IMG_20190228_131324-1024x576.jpg\" alt=\"\" width=\"1024\" height=\"576\" srcset=\"https:\/\/agora.xtec.cat\/institut-torrefarrera\/wp-content\/uploads\/usu847\/2019\/03\/resized_IMG_20190228_131324-1024x576.jpg 1024w, https:\/\/agora.xtec.cat\/institut-torrefarrera\/wp-content\/uploads\/usu847\/2019\/03\/resized_IMG_20190228_131324-300x169.jpg 300w, https:\/\/agora.xtec.cat\/institut-torrefarrera\/wp-content\/uploads\/usu847\/2019\/03\/resized_IMG_20190228_131324-768x432.jpg 768w\" sizes=\"auto, (max-width: 1024px) 100vw, 1024px\" \/><\/a><\/p>\n<p><iframe loading=\"lazy\" src=\"https:\/\/www.youtube.com\/embed\/videoseries?list=PLqIZxMrJJTbu2YrtrwSnv70mJO2GSwnpy\" width=\"560\" height=\"315\" frameborder=\"0\" allowfullscreen=\"allowfullscreen\"><\/iframe><\/p>\n","protected":false},"excerpt":{"rendered":"<p>El 28 de febrer, com a activitat inclosa dins de l&#8217;acollida d&#8217;alumnes i professorat estrangers participants en el projecte Erasmus+ &#8220;DiscriminACTion for a better IntegrARTion&#8221;, la Marta i el Jordi, actors de\u00a0l&#8217;Aula Municipal de Teatre de Lleida van fer-nos participar en un taller de teatre.<br \/>\nLa&hellip;  <a href=\"https:\/\/agora.xtec.cat\/institut-torrefarrera\/general\/taller-de-teatre-contra-la-discriminacio-dins-del-projecte-erasmus\/\" title=\"Read Taller de teatre contra la discriminaci\u00f3 dins del projecte Erasmus+\">Llegeix m\u00e9s\u00bb<\/a><\/p>\n","protected":false},"author":1,"featured_media":4778,"comment_status":"open","ping_status":"closed","sticky":false,"template":"","format":"standard","meta":{"_bbp_topic_count":0,"_bbp_reply_count":0,"_bbp_total_topic_count":0,"_bbp_total_reply_count":0,"_bbp_voice_count":0,"_bbp_anonymous_reply_count":0,"_bbp_topic_count_hidden":0,"_bbp_reply_count_hidden":0,"_bbp_forum_subforum_count":0,"footnotes":""},"categories":[110,113,1,126,106,128],"tags":[],"class_list":["post-4776","post","type-post","status-publish","format-standard","has-post-thumbnail","hentry","category-difusio","category-erasmus","category-general","category-gep","category-llengua-estrangera","category-valors-etics"],"post_mailing_queue_ids":[],"_links":{"self":[{"href":"https:\/\/agora.xtec.cat\/institut-torrefarrera\/wp-json\/wp\/v2\/posts\/4776","targetHints":{"allow":["GET"]}}],"collection":[{"href":"https:\/\/agora.xtec.cat\/institut-torrefarrera\/wp-json\/wp\/v2\/posts"}],"about":[{"href":"https:\/\/agora.xtec.cat\/institut-torrefarrera\/wp-json\/wp\/v2\/types\/post"}],"author":[{"embeddable":true,"href":"https:\/\/agora.xtec.cat\/institut-torrefarrera\/wp-json\/wp\/v2\/users\/1"}],"replies":[{"embeddable":true,"href":"https:\/\/agora.xtec.cat\/institut-torrefarrera\/wp-json\/wp\/v2\/comments?post=4776"}],"version-history":[{"count":1,"href":"https:\/\/agora.xtec.cat\/institut-torrefarrera\/wp-json\/wp\/v2\/posts\/4776\/revisions"}],"predecessor-version":[{"id":4948,"href":"https:\/\/agora.xtec.cat\/institut-torrefarrera\/wp-json\/wp\/v2\/posts\/4776\/revisions\/4948"}],"wp:featuredmedia":[{"embeddable":true,"href":"https:\/\/agora.xtec.cat\/institut-torrefarrera\/wp-json\/wp\/v2\/media\/4778"}],"wp:attachment":[{"href":"https:\/\/agora.xtec.cat\/institut-torrefarrera\/wp-json\/wp\/v2\/media?parent=4776"}],"wp:term":[{"taxonomy":"category","embeddable":true,"href":"https:\/\/agora.xtec.cat\/institut-torrefarrera\/wp-json\/wp\/v2\/categories?post=4776"},{"taxonomy":"post_tag","embeddable":true,"href":"https:\/\/agora.xtec.cat\/institut-torrefarrera\/wp-json\/wp\/v2\/tags?post=4776"}],"curies":[{"name":"wp","href":"https:\/\/api.w.org\/{rel}","templated":true}]}}